{"id":47081,"date":"2026-04-17T22:34:12","date_gmt":"2026-04-17T22:34:12","guid":{"rendered":"https:\/\/www.europesays.com\/sk\/47081\/"},"modified":"2026-04-17T22:34:12","modified_gmt":"2026-04-17T22:34:12","slug":"nasiel-real-madrid-noveho-trenera-prist-moze-z-premier-league","status":"publish","type":"post","link":"https:\/\/www.europesays.com\/sk\/47081\/","title":{"rendered":"Na\u0161iel Real Madrid nov\u00e9ho tr\u00e9nera? Pr\u00eds\u0165 m\u00f4\u017ee z Premier League"},"content":{"rendered":"<p>\u0160panielsky tr\u00e9ner Andoni Iraola mal informova\u0165 Bournemouth, \u017ee po sez\u00f3ne opust\u00ed svoju funkciu.\u00a0<\/p>\n<p>Informuje o tom\u00a0<a dir=\"ltr\" href=\"https:\/\/x.com\/BBCSport\" rel=\"nofollow\">BBC Sport<\/a>\u00a0a prid\u00e1vaj\u00fa sa aj novin\u00e1ri z The Athletic, ide o relevantn\u00e9 zdroje z britsk\u00e9ho futbalu. Ak Iraola skuto\u010dne opust\u00ed juh Anglicka, bude na trhu s vo\u013en\u00fdmi tr\u00e9nermi o neho skuto\u010dne obrovsk\u00fd interes.<\/p>\n<p>odpor\u00fa\u010dame tie\u017e:<\/p>\n<p><a href=\"https:\/\/sport7.dnes24.sk\/207086\/z-manchestru-city-do-chelsea-posilnia-the-blues-konecne-klucovy-post\" hreflang=\"sk\" rel=\"nofollow noopener\" target=\"_blank\"><img loading=\"lazy\" decoding=\"async\" src=\"https:\/\/www.europesays.com\/sk\/wp-content\/uploads\/2026\/04\/chelsea-logo.jpg\" width=\"270\" height=\"138\" alt=\"Chelsea FC \" typeof=\"foaf:Image\" class=\"img-responsive\"\/><\/a><\/p>\n<p>Tento \u0160paniel je okam\u017eite sp\u00e1jan\u00fd si gigantmi eur\u00f3pskej sc\u00e9ny ako Manchester United \u010di Real Madrid. Objavuj\u00fa sa n\u00e1zory, \u017ee ke\u010f u\u017e teraz vie, \u017ee odch\u00e1dza, mus\u00ed ma\u0165 nie\u010do v \u00fazad\u00ed dohodnut\u00e9.\u00a0<\/p>\n<p>\u00a0<\/p>\n","protected":false},"excerpt":{"rendered":"\u0160panielsky tr\u00e9ner Andoni Iraola mal informova\u0165 Bournemouth, \u017ee po sez\u00f3ne opust\u00ed svoju funkciu.\u00a0 Informuje o tom\u00a0BBC Sport\u00a0a prid\u00e1vaj\u00fa&hellip;\n","protected":false},"author":2,"featured_media":46214,"comment_status":"","ping_status":"","sticky":false,"template":"","format":"standard","meta":{"footnotes":"","_share_on_mastodon":"0"},"categories":[13],"tags":[4216,18970,43,40,39,42,41,69,68],"class_list":["post-47081","post","type-post","status-publish","format-standard","has-post-thumbnail","category-sport","tag-afc-bournemouth","tag-andoni-iraola","tag-sk","tag-slovak","tag-slovakia","tag-slovencina","tag-slovensko","tag-sport","tag-sports"],"share_on_mastodon":{"url":"https:\/\/pubeurope.com\/@sk\/116422434131838447","error":""},"_links":{"self":[{"href":"https:\/\/www.europesays.com\/sk\/wp-json\/wp\/v2\/posts\/47081","targetHints":{"allow":["GET"]}}],"collection":[{"href":"https:\/\/www.europesays.com\/sk\/wp-json\/wp\/v2\/posts"}],"about":[{"href":"https:\/\/www.europesays.com\/sk\/wp-json\/wp\/v2\/types\/post"}],"author":[{"embeddable":true,"href":"https:\/\/www.europesays.com\/sk\/wp-json\/wp\/v2\/users\/2"}],"replies":[{"embeddable":true,"href":"https:\/\/www.europesays.com\/sk\/wp-json\/wp\/v2\/comments?post=47081"}],"version-history":[{"count":0,"href":"https:\/\/www.europesays.com\/sk\/wp-json\/wp\/v2\/posts\/47081\/revisions"}],"wp:featuredmedia":[{"embeddable":true,"href":"https:\/\/www.europesays.com\/sk\/wp-json\/wp\/v2\/media\/46214"}],"wp:attachment":[{"href":"https:\/\/www.europesays.com\/sk\/wp-json\/wp\/v2\/media?parent=47081"}],"wp:term":[{"taxonomy":"category","embeddable":true,"href":"https:\/\/www.europesays.com\/sk\/wp-json\/wp\/v2\/categories?post=47081"},{"taxonomy":"post_tag","embeddable":true,"href":"https:\/\/www.europesays.com\/sk\/wp-json\/wp\/v2\/tags?post=47081"}],"curies":[{"name":"wp","href":"https:\/\/api.w.org\/{rel}","templated":true}]}}