{"id":48296,"date":"2026-04-19T14:07:12","date_gmt":"2026-04-19T14:07:12","guid":{"rendered":"https:\/\/www.europesays.com\/sk\/48296\/"},"modified":"2026-04-19T14:07:12","modified_gmt":"2026-04-19T14:07:12","slug":"toto-su-zle-spravy-od-floridskej-atletickej-komisie-ktora-zverejnila-zoznam-suspendacii-po-turnaji-ufc-327-mma-fanatik","status":"publish","type":"post","link":"https:\/\/www.europesays.com\/sk\/48296\/","title":{"rendered":"Toto s\u00fa zl\u00e9 spr\u00e1vy od floridskej atletickej komisie, ktor\u00e1 zverejnila zoznam suspend\u00e1cii po turnaji UFC 327 &#8211; MMA Fanatik"},"content":{"rendered":"<p>Turnaj UFC 327 priniesol viacero tvrd\u00fdch s\u00fabojov, no najv\u00e4\u010d\u0161ia pozornos\u0165 sa po podujat\u00ed prirodzene s\u00fastred\u00ed na hlavn\u00fd z\u00e1pas ve\u010dera medzi Ji\u0159\u00edm Proch\u00e1zkom a Carlosom Ulbergom. Pr\u00e1ve tento duel priniesol dramatick\u00fd obrat, po ktorom sa z titulu v polo\u0165a\u017ekej v\u00e1he te\u0161il novoz\u00e9landsk\u00fd bojovn\u00edk. Z\u00e1rove\u0148 v\u0161ak i\u0161lo o z\u00e1pas, ktor\u00fd si vybral svoju da\u0148 aj po zdravotnej str\u00e1nke.<\/p>\n<p>Pred p\u00e1r d\u0148ami zverejnila Floridsk\u00e1 atletick\u00e1 komisia zoznam lek\u00e1rskych suspend\u00e1ci\u00ed a medzi menami nech\u00fdbali ani obaja akt\u00e9ri titulov\u00e9ho duelu. Carlos Ulberg aj Ji\u0159\u00ed Proch\u00e1zka dostali suspend\u00e1ciu na neur\u010dito, \u010do len potvrdzuje, \u017ee hlavn\u00fd z\u00e1pas zanechal n\u00e1sledky na oboch stran\u00e1ch. Ulberg nast\u00fapil u\u017e so zranen\u00fdm kolenom a Proch\u00e1zka inkasoval tvrd\u00fd knokaut. Na neur\u010dito dostali suspend\u00e1ciu aj \u010fal\u0161\u00ed bojovn\u00edci ako Azamat Murzakanov, Curtis Blaydes, Dominick Reyes \u010di Johnny Walker.<\/p>\n<p><a href=\"https:\/\/sport.aktuality.sk\/mma-fanatik\/novotny-reaguje-na-prochazkovu-prehru\/\" rel=\"nofollow noopener\" target=\"_blank\">Novotn\u00fd reaguje na prehru Proch\u00e1zku: Cel\u00e9 je to \u0161ialen\u00e9 &gt;&gt;&gt;\u00a0<\/a><\/p>\n<p>Treba v\u0161ak doda\u0165, \u017ee neur\u010dit\u00e1 suspend\u00e1cia nemus\u00ed automaticky znamena\u0165 dlhodob\u00fa pauzu. Bojovn\u00edci sa toti\u017e m\u00f4\u017eu vr\u00e1ti\u0165 aj sk\u00f4r, ak dostan\u00fa povolenie od lek\u00e1ra. Floridsk\u00e1 atletick\u00e1 komisia navy\u0161e nezverej\u0148uje presn\u00e9 detaily o konkr\u00e9tnych zraneniach, tak\u017ee pri viacer\u00fdch men\u00e1ch zost\u00e1va ot\u00e1zne, ak\u00fd bude re\u00e1lny \u010das ich n\u00e1vratu do akcie.<\/p>\n<p>\u201eJe potrebn\u00e9 poznamena\u0165, \u017ee bojovn\u00edci sa m\u00f4\u017eu vr\u00e1ti\u0165 zo suspend\u00e1cie aj sk\u00f4r, ak im na to d\u00e1 lek\u00e1r povolenie. Floridsk\u00e1 atletick\u00e1 komisia navy\u0161e nezverej\u0148uje konkr\u00e9tne detaily o zraneniach s odvolan\u00edm sa na lek\u00e1rsku spr\u00e1vu,\u201c upozor\u0148uje server MMA Junkie.<\/p>\n<p>Lek\u00e1rske suspend\u00e1cie po UFC 327:<\/p>\n<p>Carlos Ulberg: Suspendovan\u00fd na neur\u010dito.<br \/>Ji\u0159\u00ed Proch\u00e1zka: Suspendovan\u00fd na neur\u010dito.<br \/>Azamat Murzakanov: Suspendovan\u00fd na neur\u010dito.<br \/>Josh Hokit: Suspendovan\u00fd na 45 dn\u00ed.<br \/>Curtis Blaydes: Suspendovan\u00fd na neur\u010dito.<br \/>Dom Reyes: Suspendovan\u00fd na neur\u010dito.<br \/>Johnny Walker: Suspendovan\u00fd na neur\u010dito.<br \/>Cub Swanson: Podmiene\u010dne na 30 dn\u00ed.<br \/>Nate Landwehr: Suspendovan\u00fd na 30 dn\u00ed.<\/p>\n<p>Aaron Pico: Suspendovan\u00fd na 30 dn\u00ed.<br \/>Patricio Freire: Suspendovan\u00fd na 45 dn\u00ed.<br \/>Kevin Holland: Suspendovan\u00fd na 30 dn\u00ed.<br \/>Chris Padilla: Suspendovan\u00fd na 45 dn\u00ed.<br \/>Kelvin Gastelum: Suspendovan\u00fd na 21 dn\u00ed.<br \/>Charles Radtke: Suspendovan\u00fd na 30 dn\u00ed.<br \/>Francisco Prado: Suspendovan\u00fd na 30 dn\u00ed.<\/p>\n","protected":false},"excerpt":{"rendered":"Turnaj UFC 327 priniesol viacero tvrd\u00fdch s\u00fabojov, no najv\u00e4\u010d\u0161ia pozornos\u0165 sa po podujat\u00ed prirodzene s\u00fastred\u00ed na hlavn\u00fd z\u00e1pas&hellip;\n","protected":false},"author":2,"featured_media":48297,"comment_status":"","ping_status":"","sticky":false,"template":"","format":"standard","meta":{"footnotes":"","_share_on_mastodon":"0"},"categories":[13],"tags":[13501,2127,43,40,39,42,41,69,68,17948],"class_list":["post-48296","post","type-post","status-publish","format-standard","has-post-thumbnail","category-sport","tag-carlos-ulberg","tag-jiri-prochazka","tag-sk","tag-slovak","tag-slovakia","tag-slovencina","tag-slovensko","tag-sport","tag-sports","tag-ufc-327"],"share_on_mastodon":{"url":"https:\/\/pubeurope.com\/@sk\/116431765107401345","error":""},"_links":{"self":[{"href":"https:\/\/www.europesays.com\/sk\/wp-json\/wp\/v2\/posts\/48296","targetHints":{"allow":["GET"]}}],"collection":[{"href":"https:\/\/www.europesays.com\/sk\/wp-json\/wp\/v2\/posts"}],"about":[{"href":"https:\/\/www.europesays.com\/sk\/wp-json\/wp\/v2\/types\/post"}],"author":[{"embeddable":true,"href":"https:\/\/www.europesays.com\/sk\/wp-json\/wp\/v2\/users\/2"}],"replies":[{"embeddable":true,"href":"https:\/\/www.europesays.com\/sk\/wp-json\/wp\/v2\/comments?post=48296"}],"version-history":[{"count":0,"href":"https:\/\/www.europesays.com\/sk\/wp-json\/wp\/v2\/posts\/48296\/revisions"}],"wp:featuredmedia":[{"embeddable":true,"href":"https:\/\/www.europesays.com\/sk\/wp-json\/wp\/v2\/media\/48297"}],"wp:attachment":[{"href":"https:\/\/www.europesays.com\/sk\/wp-json\/wp\/v2\/media?parent=48296"}],"wp:term":[{"taxonomy":"category","embeddable":true,"href":"https:\/\/www.europesays.com\/sk\/wp-json\/wp\/v2\/categories?post=48296"},{"taxonomy":"post_tag","embeddable":true,"href":"https:\/\/www.europesays.com\/sk\/wp-json\/wp\/v2\/tags?post=48296"}],"curies":[{"name":"wp","href":"https:\/\/api.w.org\/{rel}","templated":true}]}}