{"id":48946,"date":"2026-04-20T09:40:05","date_gmt":"2026-04-20T09:40:05","guid":{"rendered":"https:\/\/www.europesays.com\/sk\/48946\/"},"modified":"2026-04-20T09:40:05","modified_gmt":"2026-04-20T09:40:05","slug":"nedaleko-slovenskych-hranic-vycinalo-tornado","status":"publish","type":"post","link":"https:\/\/www.europesays.com\/sk\/48946\/","title":{"rendered":"Ne\u010faleko slovensk\u00fdch hran\u00edc vy\u010d\u00ed\u0148alo Torn\u00e1do"},"content":{"rendered":"<p>JI\u010c\u00cdN \u2013 Sez\u00f3na nebezpe\u010dn\u00fdch atmosf\u00e9rick\u00fdch javov sa u na\u0161ich z\u00e1padn\u00fdch susedov za\u010dala sk\u00f4r, ne\u017e mnoh\u00ed \u010dakali. \u010cesk\u00fd hydrometeorologick\u00fd \u00fastav (\u010cHM\u00da) ofici\u00e1lne potvrdil, \u017ee po\u010das nedele sa v okol\u00ed mesta Ji\u010d\u00edn vyskytlo prv\u00e9 tohtoro\u010dn\u00e9 torn\u00e1do. Hoci ne\u0161lo o ni\u010div\u00fd masaker, ak\u00fd si pam\u00e4t\u00e1me z ju\u017enej Moravy, odborn\u00edci varuj\u00fa, \u017ee podmienky na vznik t\u00fdchto nepredv\u00eddate\u013en\u00fdch \u00fakazov s\u00fa moment\u00e1lne ide\u00e1lne.<\/p>\n<p>Nede\u013en\u00e9 popoludnie v okol\u00ed obc\u00ed Stude\u0148any, \u00dalibice a Radim, ktor\u00e9 le\u017eia v\u00fdchodne od Ji\u010d\u00edna, pozna\u010dil \u00fakaz, z ktor\u00e9ho naskakuje husia ko\u017ea. Zhruba medzi 17:20 a\u017e 17:30 sa tam pri be\u017enej da\u017e\u010fovej preh\u00e1nke sformovalo slab\u00e9 torn\u00e1do. Zauj\u00edmavos\u0165ou je, \u017ee tento jav nesprev\u00e1dzala \u017eiadna b\u00farka ani blesky, \u010do b\u00fdva pre vznik torn\u00e1d zvy\u010dajne typick\u00e9.<\/p>\n<p>\u201ePodmienky sa zdali by\u0165 lok\u00e1lne pre vznik torn\u00e1da pr\u00edhodn\u00e9. Najm\u00e4 vysok\u00e1 vlhkos\u0165 v hrani\u010dnej vrstve atmosf\u00e9ry asi do dvoch kilometrov, mierna instabilita a tie\u017e v\u00fdraznej\u0161ie pr\u00fadenie v hladine do 1,5 kilometra,\u201c objasnili odborn\u00edci z\u00a0\u010cHM\u00da.<\/p>\n<p>Meteorol\u00f3govia upokojuj\u00fa verejnos\u0165, \u017ee hoci slovo torn\u00e1do vyvol\u00e1va paniku, tento konkr\u00e9tny pr\u00edpad nepredstavoval katastrofu. \u201eTak\u00e9to slab\u00e9 torn\u00e1da s\u00fa be\u017en\u00e9 a vyskytuj\u00fa sa u n\u00e1s pravidelne ka\u017ed\u00fd rok. \u010co do intenzity ho ale nem\u00f4\u017eeme v\u00f4bec porovn\u00e1va\u0165 s ni\u010div\u00fdm torn\u00e1dom z roku 2021,\u201c uviedli odborn\u00edci.<\/p>\n<p>Pripomenuli tak trag\u00e9diu z j\u00fana 2021 na ju\u017enej Morave, kedy torn\u00e1do s r\u00fdchlos\u0165ou 300 km\/h zabilo \u0161es\u0165 \u013eud\u00ed a zrovnalo so zemou stovky domov. Nede\u013en\u00fd incident pri Ji\u010d\u00edne na\u0161\u0165astie pod\u013ea doteraj\u0161\u00edch inform\u00e1ci\u00ed nesp\u00f4sobil v\u00e1\u017ene \u0161kody ani zranenia.<\/p>\n","protected":false},"excerpt":{"rendered":"JI\u010c\u00cdN \u2013 Sez\u00f3na nebezpe\u010dn\u00fdch atmosf\u00e9rick\u00fdch javov sa u na\u0161ich z\u00e1padn\u00fdch susedov za\u010dala sk\u00f4r, ne\u017e mnoh\u00ed \u010dakali. \u010cesk\u00fd hydrometeorologick\u00fd&hellip;\n","protected":false},"author":2,"featured_media":48947,"comment_status":"","ping_status":"","sticky":false,"template":"","format":"standard","meta":{"footnotes":"","_share_on_mastodon":"0"},"categories":[32],"tags":[168,20201,34,37,20202,33,43,40,39,42,41,36,38,35,20200],"class_list":["post-48946","post","type-post","status-publish","format-standard","has-post-thumbnail","category-spravy","tag-cesko","tag-chmu","tag-headlines","tag-hlavne-spravy","tag-jicin","tag-news","tag-sk","tag-slovak","tag-slovakia","tag-slovencina","tag-slovensko","tag-spravy","tag-titulky","tag-top-stories","tag-tornado"],"share_on_mastodon":{"url":"https:\/\/pubeurope.com\/@sk\/116436377468894497","error":""},"_links":{"self":[{"href":"https:\/\/www.europesays.com\/sk\/wp-json\/wp\/v2\/posts\/48946","targetHints":{"allow":["GET"]}}],"collection":[{"href":"https:\/\/www.europesays.com\/sk\/wp-json\/wp\/v2\/posts"}],"about":[{"href":"https:\/\/www.europesays.com\/sk\/wp-json\/wp\/v2\/types\/post"}],"author":[{"embeddable":true,"href":"https:\/\/www.europesays.com\/sk\/wp-json\/wp\/v2\/users\/2"}],"replies":[{"embeddable":true,"href":"https:\/\/www.europesays.com\/sk\/wp-json\/wp\/v2\/comments?post=48946"}],"version-history":[{"count":0,"href":"https:\/\/www.europesays.com\/sk\/wp-json\/wp\/v2\/posts\/48946\/revisions"}],"wp:featuredmedia":[{"embeddable":true,"href":"https:\/\/www.europesays.com\/sk\/wp-json\/wp\/v2\/media\/48947"}],"wp:attachment":[{"href":"https:\/\/www.europesays.com\/sk\/wp-json\/wp\/v2\/media?parent=48946"}],"wp:term":[{"taxonomy":"category","embeddable":true,"href":"https:\/\/www.europesays.com\/sk\/wp-json\/wp\/v2\/categories?post=48946"},{"taxonomy":"post_tag","embeddable":true,"href":"https:\/\/www.europesays.com\/sk\/wp-json\/wp\/v2\/tags?post=48946"}],"curies":[{"name":"wp","href":"https:\/\/api.w.org\/{rel}","templated":true}]}}