{"id":49347,"date":"2026-04-20T18:28:08","date_gmt":"2026-04-20T18:28:08","guid":{"rendered":"https:\/\/www.europesays.com\/sk\/49347\/"},"modified":"2026-04-20T18:28:08","modified_gmt":"2026-04-20T18:28:08","slug":"trolejbus-po-naraze-do-obchodu-usmrtil-cloveka-dalsi-bojuju-o-zivot-v-nemocnici-svet-spravy","status":"publish","type":"post","link":"https:\/\/www.europesays.com\/sk\/49347\/","title":{"rendered":"Trolejbus po n\u00e1raze do obchodu usmrtil \u010dloveka, \u010fal\u0161\u00ed bojuj\u00fa o \u017eivot v nemocnici &#8211; Svet &#8211; Spr\u00e1vy"},"content":{"rendered":"<p itemprop=\"description\">Trolejbus narazil v pondelok v rak\u00faskom meste Salzburg do budovy supermarketu. Pri incidente pri\u0161la o \u017eivot jedna osoba, k\u00fdm sedem \u010fal\u0161\u00edch utrpelo zranenia, niektor\u00ed z nich \u0165a\u017ek\u00e9, uviedli tamoj\u0161\u00ed hasi\u010di. TASR o tom informuje pod\u013ea spr\u00e1vy agent\u00far DPA a APA.<\/p>\n<p>Po\u010det zranen\u00fdch potvrdila aj hovorky\u0148a tamoj\u0161ieho \u010cerven\u00e9ho kr\u00ed\u017ea. K\u00a0nehode do\u0161lo na kruhovom objazde, ktor\u00fd sa nach\u00e1dza v\u00a0salzburskej mestskej \u010dasti Itzling. Pod\u013ea port\u00e1lu Die Presse sa dvaja zo zranen\u00fdch nach\u00e1dzaj\u00fa v\u00a0nemocnici vo v\u00e1\u017enom stave, pri\u010dom p\u00e4\u0165 os\u00f4b utrpelo zranenia \u013eah\u0161ieho rozsahu.<\/p>\n<p>Na fotografi\u00e1ch zverejnen\u00fdch agent\u00farou APA je vidie\u0165 trolejbus, ktor\u00fd front\u00e1lne prerazil sklenen\u00fa fas\u00e1du supermarketu Billa. Presn\u00e1 pr\u00ed\u010dina nehody nebola bezprostredne\u00a0jasn\u00e1.<\/p>\n<p lang=\"de\" dir=\"ltr\">In Salzburg-Itzling ist ein O-Bus in ein Geb\u00e4ude mit einer Billa-Plus-Filiale gefahren &#8211; eine Person starb, mehrere Menschen wurden verletzt. <a href=\"https:\/\/t.co\/zOTmL3Ng1y\" rel=\"nofollow\">https:\/\/t.co\/zOTmL3Ng1y<\/a><\/p>\n<p>\t\t\u2014 heute.at (@Heute_at) <a href=\"https:\/\/twitter.com\/Heute_at\/status\/2046205566070989100?ref_src=twsrc%5Etfw\" rel=\"nofollow noopener\" target=\"_blank\">April 20, 2026<\/a> <\/p>\n<p><script async src=\"https:\/\/platform.twitter.com\/widgets.js\" charset=\"utf-8\"><\/script><\/p>\n","protected":false},"excerpt":{"rendered":"Trolejbus narazil v pondelok v rak\u00faskom meste Salzburg do budovy supermarketu. Pri incidente pri\u0161la o \u017eivot jedna osoba,&hellip;\n","protected":false},"author":2,"featured_media":49348,"comment_status":"","ping_status":"","sticky":false,"template":"","format":"standard","meta":{"footnotes":"","_share_on_mastodon":"0"},"categories":[8],"tags":[20337,236,33,20338,20286,43,40,42,36,50,1720,20339,49,48],"class_list":["post-49347","post","type-post","status-publish","format-standard","has-post-thumbnail","category-svet","tag-naraze","tag-nemecko","tag-news","tag-obchodu","tag-salzburg","tag-sk","tag-slovak","tag-slovencina","tag-spravy","tag-svet","tag-trolejbus","tag-usmrtil","tag-world","tag-world-news"],"share_on_mastodon":{"url":"https:\/\/pubeurope.com\/@sk\/116438453648587561","error":""},"_links":{"self":[{"href":"https:\/\/www.europesays.com\/sk\/wp-json\/wp\/v2\/posts\/49347","targetHints":{"allow":["GET"]}}],"collection":[{"href":"https:\/\/www.europesays.com\/sk\/wp-json\/wp\/v2\/posts"}],"about":[{"href":"https:\/\/www.europesays.com\/sk\/wp-json\/wp\/v2\/types\/post"}],"author":[{"embeddable":true,"href":"https:\/\/www.europesays.com\/sk\/wp-json\/wp\/v2\/users\/2"}],"replies":[{"embeddable":true,"href":"https:\/\/www.europesays.com\/sk\/wp-json\/wp\/v2\/comments?post=49347"}],"version-history":[{"count":0,"href":"https:\/\/www.europesays.com\/sk\/wp-json\/wp\/v2\/posts\/49347\/revisions"}],"wp:featuredmedia":[{"embeddable":true,"href":"https:\/\/www.europesays.com\/sk\/wp-json\/wp\/v2\/media\/49348"}],"wp:attachment":[{"href":"https:\/\/www.europesays.com\/sk\/wp-json\/wp\/v2\/media?parent=49347"}],"wp:term":[{"taxonomy":"category","embeddable":true,"href":"https:\/\/www.europesays.com\/sk\/wp-json\/wp\/v2\/categories?post=49347"},{"taxonomy":"post_tag","embeddable":true,"href":"https:\/\/www.europesays.com\/sk\/wp-json\/wp\/v2\/tags?post=49347"}],"curies":[{"name":"wp","href":"https:\/\/api.w.org\/{rel}","templated":true}]}}