{"id":49561,"date":"2026-04-21T02:10:08","date_gmt":"2026-04-21T02:10:08","guid":{"rendered":"https:\/\/www.europesays.com\/sk\/49561\/"},"modified":"2026-04-21T02:10:08","modified_gmt":"2026-04-21T02:10:08","slug":"anglicka-premier-league-spoznala-prveho-zostupujuceho","status":"publish","type":"post","link":"https:\/\/www.europesays.com\/sk\/49561\/","title":{"rendered":"Anglick\u00e1 Premier League spoznala prv\u00e9ho zostupuj\u00faceho"},"content":{"rendered":"<p><a href=\"https:\/\/sportky.zoznam.sk\/g\/478015\/dohravka-nepriniesla-ani-gol-anglicka-premier-league-spoznala-prveho-zostupujuceho?image=1142099\" title=\"Futbalista West Hamu United El Hadji Malick Diouf (vpravo) a hr\u00e1\u010d Crystalu Palace Brennan Johnson bojuj\u00fa o loptu\" rel=\"nofollow noopener\" target=\"_blank\">\t\t\t<img decoding=\"async\" loading=\"lazy\" src=\"https:\/\/www.europesays.com\/sk\/wp-content\/uploads\/2026\/04\/premier-league-west-ham-1142099.jpg\"  alt=\"Futbalista West Hamu United El Hadji Malick Diouf (vpravo) a hr\u00e1\u010d Crystalu Palace Brennan Johnson bojuj\u00fa o loptu\"\/><\/a>Futbalista West Hamu United El Hadji Malick Diouf (vpravo) a hr\u00e1\u010d Crystalu Palace Brennan Johnson bojuj\u00fa o loptu\t\t\t Zdroj: TASR\/AP\/PA\/Jordan Pettitt\t\t\t\t<\/p>\n<p>LOND\u00ddN &#8211; Futbalisti Wolverhamptonu a s nimi aj \u010desk\u00fd reprezenta\u010dn\u00fd obranca Ladislav Krej\u010d\u00ed s\u00fa prv\u00fdm zostupuj\u00facim t\u00edmom z anglickej ligy. \t<\/p>\n<p>Rozhodol o tom v\u00fdsledok dne\u0161nej dohr\u00e1vky 33. kola, v ktorej West Ham v z\u00e1kladnej zostave s \u010fal\u0161ou oporou n\u00e1rodn\u00e9ho t\u00edmu \u010ceska Tom\u00e1\u0161om Sou\u010dkom remizoval 0:0 na ihrisku Crystalu Palace. Pred z\u00e1pasom bolo jasn\u00e9, \u017ee ak\u00fdko\u013evek zisk host\u00ed bude znamena\u0165 p\u00e1d Wolverhamptonu do ni\u017e\u0161ej s\u00fa\u0165a\u017ee.<\/p>\n<p>Wolverhampton opust\u00ed Premier League po \u00f4smich sez\u00f3nach Na dne tabu\u013eky m\u00e1 p\u00e4\u0165 k\u00f4l pred koncom s\u00fa\u0165a\u017ee nedostihnute\u013en\u00fa\u00a0stratu 16 bodov na posledn\u00fa nezostupov\u00fa poz\u00edciu, ktor\u00e1 patr\u00ed pr\u00e1ve West Hamu. V sobotu Wolves pod\u013eahli dom\u00e1cemu Leedsu 0:3, v doteraj\u0161ej sez\u00f3ne vyhrali z 33 z\u00e1pasov len tri.<\/p>\n<p>Krej\u010d\u00ed, ktor\u00fd v\u00edkendov\u00fd duel kv\u00f4li zraneniu nedohral, je vo Wolverhamptone od minul\u00e9ho leta na hos\u0165ovan\u00ed z Girony. Anglick\u00fd klub m\u00e1 na s\u00fa\u010dasn\u00e9ho reprezenta\u010dn\u00e9ho kapit\u00e1na a b\u00fdval\u00e9ho hr\u00e1\u010da Zbrojovky Brno a Sparty opciu.<\/p>\n<p>V\u00e1\u017ene starosti s udr\u017ean\u00edm pr\u00edslu\u0161nosti k elite m\u00e1 na\u010falej aj West Ham. Po 33. kole aspo\u0148 udr\u017eal dvojbodov\u00fd n\u00e1skok na Tottenham, Sou\u010dek odohral v z\u00e1lohe host\u00ed cel\u00fd z\u00e1pas. Crystal Palace tie\u017e e\u0161te matematicky istotu z\u00e1chrany nem\u00e1, od p\u00e1sma zostupu ho ale del\u00ed dvan\u00e1s\u0165 bodov. Z 13. miesta naopak len o p\u00e4\u0165 bodov zaost\u00e1va za \u0161iestou Chelsea, ktorej patr\u00ed posledn\u00e1 poh\u00e1rov\u00e1 prie\u010dka.<\/p>\n","protected":false},"excerpt":{"rendered":"Futbalista West Hamu United El Hadji Malick Diouf (vpravo) a hr\u00e1\u010d Crystalu Palace Brennan Johnson bojuj\u00fa o loptu&hellip;\n","protected":false},"author":2,"featured_media":49562,"comment_status":"","ping_status":"","sticky":false,"template":"","format":"standard","meta":{"footnotes":"","_share_on_mastodon":"0"},"categories":[13],"tags":[17386,20412,43,40,39,42,41,69,68,20411,5494],"class_list":["post-49561","post","type-post","status-publish","format-standard","has-post-thumbnail","category-sport","tag-crystal-palace","tag-ladislav-krejci","tag-sk","tag-slovak","tag-slovakia","tag-slovencina","tag-slovensko","tag-sport","tag-sports","tag-west-ham-united","tag-wolverhampton-wanderers"],"share_on_mastodon":{"url":"https:\/\/pubeurope.com\/@sk\/116440270326951018","error":""},"_links":{"self":[{"href":"https:\/\/www.europesays.com\/sk\/wp-json\/wp\/v2\/posts\/49561","targetHints":{"allow":["GET"]}}],"collection":[{"href":"https:\/\/www.europesays.com\/sk\/wp-json\/wp\/v2\/posts"}],"about":[{"href":"https:\/\/www.europesays.com\/sk\/wp-json\/wp\/v2\/types\/post"}],"author":[{"embeddable":true,"href":"https:\/\/www.europesays.com\/sk\/wp-json\/wp\/v2\/users\/2"}],"replies":[{"embeddable":true,"href":"https:\/\/www.europesays.com\/sk\/wp-json\/wp\/v2\/comments?post=49561"}],"version-history":[{"count":0,"href":"https:\/\/www.europesays.com\/sk\/wp-json\/wp\/v2\/posts\/49561\/revisions"}],"wp:featuredmedia":[{"embeddable":true,"href":"https:\/\/www.europesays.com\/sk\/wp-json\/wp\/v2\/media\/49562"}],"wp:attachment":[{"href":"https:\/\/www.europesays.com\/sk\/wp-json\/wp\/v2\/media?parent=49561"}],"wp:term":[{"taxonomy":"category","embeddable":true,"href":"https:\/\/www.europesays.com\/sk\/wp-json\/wp\/v2\/categories?post=49561"},{"taxonomy":"post_tag","embeddable":true,"href":"https:\/\/www.europesays.com\/sk\/wp-json\/wp\/v2\/tags?post=49561"}],"curies":[{"name":"wp","href":"https:\/\/api.w.org\/{rel}","templated":true}]}}