{"id":53931,"date":"2026-04-26T10:18:09","date_gmt":"2026-04-26T10:18:09","guid":{"rendered":"https:\/\/www.europesays.com\/sk\/53931\/"},"modified":"2026-04-26T10:18:09","modified_gmt":"2026-04-26T10:18:09","slug":"15-rokov-netusila-ze-je-babicka","status":"publish","type":"post","link":"https:\/\/www.europesays.com\/sk\/53931\/","title":{"rendered":"15 rokov netu\u0161ila, \u017ee je babi\u010dka!"},"content":{"rendered":"<p>USA &#8211; Ako z telenovely! Legend\u00e1rna spev\u00e1\u010dka Cher (79) len ned\u00e1vno zistila, \u017ee m\u00e1 15-ro\u010dn\u00fa vnu\u010dku, o ktorej cel\u00e9 roky nemala ani tu\u0161enie! Ako sa jej dar\u00ed tento \u0161ok spracov\u00e1va\u0165?<\/p>\n<p data-end=\"493\" data-start=\"0\">Za v\u0161etk\u00fdm stoj\u00ed jej probl\u00e9mov\u00fd syn Elijah Blue Allman, ktor\u00fd mal e\u0161te v roku 2010 kr\u00e1tky rom\u00e1nik s b\u00fdvalou modelkou Kayti Edwards. V\u00fdsledkom ich vz\u0165ahu bolo diev\u010da menom Ever, no jej existencia zostala pred rodinou pr\u00edsne utajen\u00e1. A\u017e doteraz.\u00a0<\/p>\n<p>\t<a href=\"https:\/\/www.topky.sk\/gl\/9564343\/4026551\/Cher-spracovava-obrovsky-sok--15-rokov-ani-len-netusila--ze-je-babicka-\" rel=\"nofollow noopener\" target=\"_blank\"><br \/>\n\t\t<img decoding=\"async\" alt=\"Elijah Blue Allman\" aria-describedby=\"img-res-4026551\" class=\"\" id=\"4026551\" loading=\"lazy\" onerror=\"imgArticleLoadErr(this)\" src=\"https:\/\/www.europesays.com\/sk\/wp-content\/uploads\/2026\/04\/Elijah-Blue-Allman.jpg\" style=\"aspect-ratio:0.639\" title=\"Elijah Blue Allman\"\/>\t\t\t<\/p>\n<p>\n\t\t\t\tZobrazi\u0165 gal\u00e9riu (5)\t\t\t<\/p>\n<p>\t<\/a><\/p>\n<p>Elijah Blue Allman\t\u00a0(Zdroj: Profimedia)<\/p>\n<p data-end=\"902\" data-start=\"495\">Pod\u013ea slov spom\u00ednanej modelky sa Cher o mo\u017enej vnu\u010dke dopo\u010dula u\u017e v roku 2021, ke\u010f jej syn bojoval s drogovou z\u00e1vislos\u0165ou a po pred\u00e1vkovan\u00ed nazna\u010dil, \u017ee m\u00e1 die\u0165a. Spev\u00e1\u010dka v\u0161ak tieto inform\u00e1cie nepova\u017eovala za d\u00f4veryhodn\u00e9 a pripisovala ich jeho zl\u00e9mu \u00fasychick\u00e9mu stavu. A\u017e minul\u00fd rok sa rozhodla zisti\u0165 pravdu a kontaktovala Kayti Edwards, ktor\u00e1 jej v\u0161etko potvrdila. Reakcia hviezdy bola vraj okam\u017eit\u00e1 a siln\u00e1 \u2013 zostala \u00faplne bez slov.<\/p>\n<p>\t<a href=\"https:\/\/www.topky.sk\/gl\/9564343\/6431547\/Cher-spracovava-obrovsky-sok--15-rokov-ani-len-netusila--ze-je-babicka-\" rel=\"nofollow noopener\" target=\"_blank\"><br \/>\n\t\t<img decoding=\"async\" alt=\"Cher a Alexander \u201cAE\u201d Edwards\" aria-describedby=\"img-res-6431547\" class=\"\" id=\"6431547\" loading=\"lazy\" onerror=\"imgArticleLoadErr(this)\" src=\"https:\/\/www.europesays.com\/sk\/wp-content\/uploads\/2026\/04\/Cher-Alexander--AE--Edwards.jpg\" style=\"aspect-ratio:0.667\" title=\"Cher a Alexander \u201cAE\u201d\"\/>\t\t\t<\/p>\n<p>\n\t\t\t\tZobrazi\u0165 gal\u00e9riu (5)\t\t\t<\/p>\n<p>\t<\/a><\/p>\n<p>Cher a Alexander \u201cAE\u201d Edwards\t\u00a0(Zdroj: SITA)<\/p>\n<p data-end=\"1457\" data-start=\"904\">Po po\u010diato\u010dnom \u0161oku v\u0161ak nasledovalo ne\u010dakan\u00e9 zbl\u00ed\u017eenie. Cher pozvala Kayti aj jej dc\u00e9ru do svojho luxusn\u00e9ho domu v Malibu, kde spolu str\u00e1vili p\u00e1r dn\u00ed pri baz\u00e9ne a rozpr\u00e1vali sa. Spev\u00e1\u010dka sa sna\u017eila spozna\u0165 svoju vnu\u010dku, p\u00fdtala sa jej na \u0161kolu aj osobn\u00fd \u017eivot a dokonca jej uk\u00e1zala svoj ikonick\u00fd \u0161atn\u00edk. Pod\u013ea Edwards to bol pre diev\u010da nezabudnute\u013en\u00fd z\u00e1\u017eitok. Cher sa odvtedy sna\u017e\u00ed budova\u0165 vz\u0165ah \u2013 posiela jej dar\u010deky, telefonuje jej a nezabudla ani na Vianoce \u010di narodeniny. Napriek tomu ide opatrne, ke\u010f\u017ee cel\u00e1 situ\u00e1cia je pre \u0148u ve\u013ekou emocion\u00e1lnou zmenou.<\/p>\n<p>\t<a href=\"https:\/\/www.topky.sk\/gl\/9564343\/6363873\/Cher-spracovava-obrovsky-sok--15-rokov-ani-len-netusila--ze-je-babicka-\" rel=\"nofollow noopener\" target=\"_blank\"><br \/>\n\t\t<img decoding=\"async\" alt=\"Cher\" aria-describedby=\"img-res-6363873\" class=\"\" id=\"6363873\" loading=\"lazy\" onerror=\"imgArticleLoadErr(this)\" src=\"https:\/\/www.europesays.com\/sk\/wp-content\/uploads\/2026\/04\/Cher.jpg\" style=\"aspect-ratio:0.668\" title=\"Cher\"\/>\t\t\t<\/p>\n<p>\n\t\t\t\tZobrazi\u0165 gal\u00e9riu (5)\t\t\t<\/p>\n<p>\t<\/a><\/p>\n<p>Cher\t\u00a0(Zdroj: Profimedia)<\/p>\n<p data-end=\"1988\" data-start=\"1459\">Cel\u00fd pr\u00edbeh v\u0161ak vrh\u00e1 tie\u0148 na jej syna, ktor\u00e9ho \u017eivot je dlhodobo pozna\u010den\u00fd probl\u00e9mami. Elijah Blue Allman, syn Cher a rockera Gregg Allman z kapely The Allman Brothers Band, bojuje s drogovou z\u00e1vislos\u0165ou a psychick\u00fdmi probl\u00e9mami u\u017e roky. Pr\u00e1ve on mal \u00fadajne Edwards presvied\u010da\u0165, aby die\u0165a svojej matke nepredstavovala, dokonca jej vraj tvrdil, \u017ee Cher nechce by\u0165 babi\u010dkou. Realita je pritom \u00faplne in\u00e1 \u2013 spev\u00e1\u010dka v minulosti otvorene priznala, \u017ee po vn\u00fa\u010dat\u00e1ch t\u00fa\u017ei a mrz\u00ed ju, \u017ee \u017eiadne nem\u00e1.<\/p>\n<p>\t<a href=\"https:\/\/www.topky.sk\/gl\/9564343\/4026547\/Cher-spracovava-obrovsky-sok--15-rokov-ani-len-netusila--ze-je-babicka-\" rel=\"nofollow noopener\" target=\"_blank\"><br \/>\n\t\t<img decoding=\"async\" alt=\"Cher spracov\u00e1va obrovsk\u00fd \u0161ok:\" aria-describedby=\"img-res-4026547\" class=\"\" id=\"4026547\" loading=\"lazy\" onerror=\"imgArticleLoadErr(this)\" src=\"https:\/\/www.europesays.com\/sk\/wp-content\/uploads\/2026\/04\/foto--SITA-The-Cher-Show.jpg\" style=\"aspect-ratio:1.330\" title=\"Cher spracov\u00e1va obrovsk\u00fd \u0161ok:\"\/>\t\t\t<\/p>\n<p>\n\t\t\t\tZobrazi\u0165 gal\u00e9riu (5)\t\t\t<\/p>\n<p>\t<\/a><\/p>\n<p>\t\u00a0(Zdroj: SITA)<\/p>\n<p data-end=\"2306\" data-is-last-node=\"\" data-is-only-node=\"\" data-start=\"1990\">Osud to v\u0161ak zariadil po svojom. Cher dnes s\u00edce vnu\u010dku m\u00e1, no prich\u00e1dza do jej \u017eivota a\u017e po p\u00e4tn\u00e1stich rokoch. Ot\u00e1zkou zost\u00e1va, \u010di sa im podar\u00ed dohna\u0165 straten\u00fd \u010das a vybudova\u0165 si skuto\u010dn\u00fd rodinn\u00fd vz\u0165ah, alebo tento \u0161okuj\u00faci pr\u00edbeh zostane len \u010fal\u0161ou kapitolou v b\u00farlivom \u017eivote jednej z najv\u00e4\u010d\u0161\u00edch hviezd svetov\u00fdch p\u00f3di\u00ed.<\/p>\n","protected":false},"excerpt":{"rendered":"USA &#8211; Ako z telenovely! Legend\u00e1rna spev\u00e1\u010dka Cher (79) len ned\u00e1vno zistila, \u017ee m\u00e1 15-ro\u010dn\u00fa vnu\u010dku, o ktorej&hellip;\n","protected":false},"author":2,"featured_media":53932,"comment_status":"","ping_status":"","sticky":false,"template":"","format":"standard","meta":{"footnotes":"","_share_on_mastodon":"0"},"categories":[15],"tags":[21888,21890,21891,70,43,40,39,42,41,21887,21889,71],"class_list":["post-53931","post","type-post","status-publish","format-standard","has-post-thumbnail","category-zabava","tag-cher","tag-cher-deti","tag-cher-vek","tag-entertainment","tag-sk","tag-slovak","tag-slovakia","tag-slovencina","tag-slovensko","tag-spevacka-cher","tag-tajna-vnucka","tag-zabava"],"share_on_mastodon":{"url":"https:\/\/pubeurope.com\/@sk\/116470501005640228","error":""},"_links":{"self":[{"href":"https:\/\/www.europesays.com\/sk\/wp-json\/wp\/v2\/posts\/53931","targetHints":{"allow":["GET"]}}],"collection":[{"href":"https:\/\/www.europesays.com\/sk\/wp-json\/wp\/v2\/posts"}],"about":[{"href":"https:\/\/www.europesays.com\/sk\/wp-json\/wp\/v2\/types\/post"}],"author":[{"embeddable":true,"href":"https:\/\/www.europesays.com\/sk\/wp-json\/wp\/v2\/users\/2"}],"replies":[{"embeddable":true,"href":"https:\/\/www.europesays.com\/sk\/wp-json\/wp\/v2\/comments?post=53931"}],"version-history":[{"count":0,"href":"https:\/\/www.europesays.com\/sk\/wp-json\/wp\/v2\/posts\/53931\/revisions"}],"wp:featuredmedia":[{"embeddable":true,"href":"https:\/\/www.europesays.com\/sk\/wp-json\/wp\/v2\/media\/53932"}],"wp:attachment":[{"href":"https:\/\/www.europesays.com\/sk\/wp-json\/wp\/v2\/media?parent=53931"}],"wp:term":[{"taxonomy":"category","embeddable":true,"href":"https:\/\/www.europesays.com\/sk\/wp-json\/wp\/v2\/categories?post=53931"},{"taxonomy":"post_tag","embeddable":true,"href":"https:\/\/www.europesays.com\/sk\/wp-json\/wp\/v2\/tags?post=53931"}],"curies":[{"name":"wp","href":"https:\/\/api.w.org\/{rel}","templated":true}]}}