{"id":53965,"date":"2026-04-26T10:53:08","date_gmt":"2026-04-26T10:53:08","guid":{"rendered":"https:\/\/www.europesays.com\/sk\/53965\/"},"modified":"2026-04-26T10:53:08","modified_gmt":"2026-04-26T10:53:08","slug":"aktualne-krvavy-utok-pred-panelakom-vysetruju-to-ako-pokus-o-vrazdu-sok-kto-utocil","status":"publish","type":"post","link":"https:\/\/www.europesays.com\/sk\/53965\/","title":{"rendered":"AKTU\u00c1LNE KRVAV\u00dd \u00daTOK pred panel\u00e1kom: Vy\u0161etruj\u00fa to ako pokus o vra\u017edu. \u0160ok, kto \u00fato\u010dil"},"content":{"rendered":"<p>\t\t\t\t\t\t\t<img decoding=\"async\" src=\"https:\/\/www.europesays.com\/sk\/wp-content\/uploads\/2026\/04\/aktualne-aktualna-sprava-policajne-auta-poliacajti-kulkaci.jpg\" alt=\"Ilustra\u010dn\u00e9 foto. Zdroj: TASR\/Jakub Kotian, \u00faprava regiony.sk\" style=\"aspect-ratio: 1.33;object-fit: cover; display:inline; width: 100%;\" fetchpriority=\"high\"\/><\/p>\n<p>\t\t\t\t\tIlustra\u010dn\u00e9 foto. Zdroj: TASR\/Jakub Kotian, \u00faprava regiony.sk<\/p>\n<p>\t\t<img decoding=\"async\" src=\"https:\/\/www.europesays.com\/sk\/wp-content\/uploads\/2026\/04\/1776501071_238_regiony-favicon.png\" aria-label=\"Autor\"\/><\/p>\n<p>Pol\u00edcia v Trebi\u0161ove zasahovala v sobotu (25. 4.) ve\u010der pri v\u00e1\u017enom incidente, ktor\u00fd vy\u0161etruje ako pokus o vra\u017edu. Pred jedn\u00fdm z obytn\u00fdch domov na\u0161li zranen\u00e9ho mu\u017ea s poranen\u00edm v oblasti hrudn\u00edka. Jeho partnerku zadr\u017eali priamo na mieste a umiestnili ju do policajnej cely.<\/p>\n<p>Ko\u0161ick\u00e1 krajsk\u00e1 pol\u00edcia informuje, \u017ee pod\u013ea doteraj\u0161\u00edch zisten\u00ed mu\u017e utrpel zranenia v oblasti hrudn\u00edka sp\u00f4soben\u00e9 doposia\u013e nezisten\u00fdm predmetom. Pod\u013ea predbe\u017enej lek\u00e1rskej spr\u00e1vy si jeho zranenia vy\u017eiadaj\u00fa dobu lie\u010denia do 42 dn\u00ed.<\/p>\n<p>Osoba podozriv\u00e1 zo skutku bola policajtmi na mieste zadr\u017ean\u00e1 a umiestnen\u00e1 do cely policajn\u00e9ho zaistenia. Pod\u013ea na\u0161ich inform\u00e1ci\u00ed ide o partnerku zranen\u00e9ho mu\u017ea. <\/p>\n<p>Mohlo by v\u00e1s zauj\u00edma\u0165:<\/p>\n<p>Reklama<\/p>\n<p> div {<br \/>\ntext-align: left;<br \/>\nfont-size: 12px;<br \/>\ncolor: #6f6f6f;<br \/>\n}<\/p>\n<p>#onnetwork-banner > div:first-child {<br \/>\ntext-align: left;<br \/>\nfont-weight: 700;<br \/>\npadding-bottom: 5px;<br \/>\nfont-size: 14px;<br \/>\ncolor: #000000;<br \/>\n}<\/p>\n<p>]]><\/p>\n<p>\t\t<a href=\"https:\/\/banskabystrica.zoznam.sk\/brutalna-zrazka-aut-s-5-ludmi-motor-uplne-vytrhlo-vyslali-sanitky-mrazive-foto-hlasia-tazke-zranenia\/\" rel=\"nofollow noopener\" target=\"_blank\"><br \/>\n\t\t\t<img decoding=\"async\" src=\"https:\/\/www.europesays.com\/sk\/wp-content\/uploads\/2026\/03\/vazna-nehoda-cervena-grafikajpg.jpg\" alt=\"BRUT\u00c1LNA ZR\u00c1\u017dKA \u00e1ut s 5 \u013eu\u010fmi: Motor \u00faplne vytrhlo, vyslali sanitky. Mraziv\u00e9 FOTO, hl\u00e1sia \u0165a\u017ek\u00e9 zranenia\" loading=\"lazy\"\/><br \/>\n\t\t<\/a><\/p>\n<p style=\"color:#000;\">Pre\u010d\u00edtajte si tie\u017e<\/p>\n<p>\t\t\t<a href=\"https:\/\/banskabystrica.zoznam.sk\/brutalna-zrazka-aut-s-5-ludmi-motor-uplne-vytrhlo-vyslali-sanitky-mrazive-foto-hlasia-tazke-zranenia\/\" rel=\"nofollow noopener\" target=\"_blank\">BRUT\u00c1LNA ZR\u00c1\u017dKA \u00e1ut s 5 \u013eu\u010fmi: Motor \u00faplne vytrhlo, vyslali sanitky. Mraziv\u00e9 FOTO, hl\u00e1sia \u0165a\u017ek\u00e9 zranenia<\/a><\/p>\n<p>Pol\u00edcia za\u010dala trestn\u00e9 st\u00edhanie <\/p>\n<p>Pr\u00edpad si prevzal vy\u0161etrovate\u013e krimin\u00e1lnej pol\u00edcie Krajsk\u00e9ho riadite\u013estva Policajn\u00e9ho zboru v Ko\u0161iciach. Za\u010dal trestn\u00e9 st\u00edhanie pre obzvl\u00e1\u0161\u0165 z\u00e1va\u017en\u00fd zlo\u010din vra\u017edy v \u0161t\u00e1diu pokusu.<\/p>\n<p>Pol\u00edcia s podozrivou osobou na\u010falej vykon\u00e1va procesn\u00e9 \u00fakony. Vzh\u013eadom na prebiehaj\u00face vy\u0161etrovanie zatia\u013e neposkytla \u010fal\u0161ie podrobnosti.<\/p>\n<p class=\"tags\">Viac o t\u00e9me:<br \/>\n\t\t\t\t\t\t\t\t\t\t\t\t\t\t\t\t\t\t\t<a href=\"https:\/\/regiony.zoznam.sk\/tag\/policia\/\" rel=\"nofollow noopener\" target=\"_blank\">pol\u00edcia<\/a>, \t\t\t\t\t\t\t\t\t\t\t\t\t\t\t\t\t\t\t<a href=\"https:\/\/regiony.zoznam.sk\/tag\/trebisov\/\" rel=\"nofollow noopener\" target=\"_blank\">Trebi\u0161ov<\/a>, \t\t\t\t\t\t\t\t\t\t\t\t\t\t\t\t\t\t\t<a href=\"https:\/\/regiony.zoznam.sk\/tag\/utok\/\" rel=\"nofollow noopener\" target=\"_blank\">\u00fatok<\/a>, \t\t\t\t\t\t\t\t\t\t\t\t\t\t\t\t\t\t\t<a href=\"https:\/\/regiony.zoznam.sk\/tag\/zranenia\/\" rel=\"nofollow noopener\" target=\"_blank\">zranenia<\/a>\t\t\t\t\t\t\t\t\t\t\t\t\t\t\t\t\t<\/p>\n<p>\t\tKoment\u00e1re k \u010dl\u00e1nku<\/p>\n<p>Moment\u00e1lne nie je pridan\u00fd \u017eiadny koment\u00e1r<\/p>\n<p><\/p>\n","protected":false},"excerpt":{"rendered":"Ilustra\u010dn\u00e9 foto. Zdroj: TASR\/Jakub Kotian, \u00faprava regiony.sk Pol\u00edcia v Trebi\u0161ove zasahovala v sobotu (25. 4.) ve\u010der pri v\u00e1\u017enom&hellip;\n","protected":false},"author":2,"featured_media":53966,"comment_status":"","ping_status":"","sticky":false,"template":"","format":"standard","meta":{"footnotes":"","_share_on_mastodon":"0"},"categories":[22],"tags":[137,525,43,40,39,42,41,1773,710,1453],"class_list":["post-53965","post","type-post","status-publish","format-standard","has-post-thumbnail","category-kosice","tag-kosice","tag-policia","tag-sk","tag-slovak","tag-slovakia","tag-slovencina","tag-slovensko","tag-trebisov","tag-utok","tag-zranenia"],"share_on_mastodon":{"url":"https:\/\/pubeurope.com\/@sk\/116470638638485754","error":""},"_links":{"self":[{"href":"https:\/\/www.europesays.com\/sk\/wp-json\/wp\/v2\/posts\/53965","targetHints":{"allow":["GET"]}}],"collection":[{"href":"https:\/\/www.europesays.com\/sk\/wp-json\/wp\/v2\/posts"}],"about":[{"href":"https:\/\/www.europesays.com\/sk\/wp-json\/wp\/v2\/types\/post"}],"author":[{"embeddable":true,"href":"https:\/\/www.europesays.com\/sk\/wp-json\/wp\/v2\/users\/2"}],"replies":[{"embeddable":true,"href":"https:\/\/www.europesays.com\/sk\/wp-json\/wp\/v2\/comments?post=53965"}],"version-history":[{"count":0,"href":"https:\/\/www.europesays.com\/sk\/wp-json\/wp\/v2\/posts\/53965\/revisions"}],"wp:featuredmedia":[{"embeddable":true,"href":"https:\/\/www.europesays.com\/sk\/wp-json\/wp\/v2\/media\/53966"}],"wp:attachment":[{"href":"https:\/\/www.europesays.com\/sk\/wp-json\/wp\/v2\/media?parent=53965"}],"wp:term":[{"taxonomy":"category","embeddable":true,"href":"https:\/\/www.europesays.com\/sk\/wp-json\/wp\/v2\/categories?post=53965"},{"taxonomy":"post_tag","embeddable":true,"href":"https:\/\/www.europesays.com\/sk\/wp-json\/wp\/v2\/tags?post=53965"}],"curies":[{"name":"wp","href":"https:\/\/api.w.org\/{rel}","templated":true}]}}