{"id":55921,"date":"2026-04-28T15:28:06","date_gmt":"2026-04-28T15:28:06","guid":{"rendered":"https:\/\/www.europesays.com\/sk\/55921\/"},"modified":"2026-04-28T15:28:06","modified_gmt":"2026-04-28T15:28:06","slug":"policia-po-vyse-roku-obvinila-zo-smrti-dietata-v-okrese-trebisov-34-rocneho-muza","status":"publish","type":"post","link":"https:\/\/www.europesays.com\/sk\/55921\/","title":{"rendered":"Pol\u00edcia po vy\u0161e roku obvinila zo smrti die\u0165a\u0165a v okrese Trebi\u0161ov 34-ro\u010dn\u00e9ho mu\u017ea"},"content":{"rendered":"<p>KO\u0160ICE &#8211; Pol\u00edcia v pr\u00edpade smrti malolet\u00e9ho die\u0165a\u0165a v jednom z miest v okrese Trebi\u0161ov z febru\u00e1ra minul\u00e9ho roka obvinila zo zlo\u010dinu zabitia 34-ro\u010dn\u00e9ho mu\u017ea. Vy\u0161etrovate\u013e z\u00e1rove\u0148 spracoval podnet na podanie n\u00e1vrhu na jeho vzatie do vy\u0161etrovacej v\u00e4zby. Informuje o tom ko\u0161ick\u00e1 krajsk\u00e1 pol\u00edcia na soci\u00e1lnej sieti.<\/p>\n<p>Pod\u013ea doteraj\u0161\u00edch zisten\u00ed mal otec v jednom z bytov fyzicky napadn\u00fa\u0165 svoje die\u0165a. Die\u0165a\u0165u bola poskytnut\u00e1 neodkladn\u00e1 zdravotn\u00e1 starostlivos\u0165. Z\u00e1chran\u00e1rom sa podarilo obnovi\u0165 jeho \u017eivotn\u00e9 funkcie, no napriek ich snahe e\u0161te v ten de\u0148 svojim zraneniam pod\u013eahlo.<\/p>\n<p>V\u00fdsledky znaleck\u00e9ho sk\u00famania pod\u013ea pol\u00edcie potvrdili, \u017ee bezprostrednou pr\u00ed\u010dinou smrti boli \u0165a\u017ek\u00e9, \u017eivot ohrozuj\u00face zranenia hlavy. \u201eVzh\u013eadom na mimoriadne citliv\u00fd charakter pr\u00edpadu bola pri vznesen\u00ed obvinenia pr\u00edtomn\u00e1 aj duchovn\u00e1 \u00daradu ekumenickej pastora\u010dnej slu\u017eby Ministerstva vn\u00fatra Slovenskej republiky, aby sa predi\u0161lo sekund\u00e1rnej viktimiz\u00e1cii a aby bol k obetiam a pozostal\u00fdm zachovan\u00fd \u010do najcitlivej\u0161\u00ed pr\u00edstup,\u201c spresnila pol\u00edcia. V pr\u00edpade dok\u00e1zania viny hroz\u00ed obvinen\u00e9mu trest od\u0148atia slobody na dev\u00e4\u0165 a\u017e 12 rokov.<\/p>\n","protected":false},"excerpt":{"rendered":"KO\u0160ICE &#8211; Pol\u00edcia v pr\u00edpade smrti malolet\u00e9ho die\u0165a\u0165a v jednom z miest v okrese Trebi\u0161ov z febru\u00e1ra minul\u00e9ho&hellip;\n","protected":false},"author":2,"featured_media":55922,"comment_status":"","ping_status":"","sticky":false,"template":"","format":"standard","meta":{"footnotes":"","_share_on_mastodon":"0"},"categories":[32],"tags":[988,34,37,33,1739,525,43,40,39,42,41,36,38,35,1773,13918],"class_list":["post-55921","post","type-post","status-publish","format-standard","has-post-thumbnail","category-spravy","tag-dieta","tag-headlines","tag-hlavne-spravy","tag-news","tag-obvinenie","tag-policia","tag-sk","tag-slovak","tag-slovakia","tag-slovencina","tag-slovensko","tag-spravy","tag-titulky","tag-top-stories","tag-trebisov","tag-zabitie"],"share_on_mastodon":{"url":"https:\/\/pubeurope.com\/@sk\/116483044451754153","error":""},"_links":{"self":[{"href":"https:\/\/www.europesays.com\/sk\/wp-json\/wp\/v2\/posts\/55921","targetHints":{"allow":["GET"]}}],"collection":[{"href":"https:\/\/www.europesays.com\/sk\/wp-json\/wp\/v2\/posts"}],"about":[{"href":"https:\/\/www.europesays.com\/sk\/wp-json\/wp\/v2\/types\/post"}],"author":[{"embeddable":true,"href":"https:\/\/www.europesays.com\/sk\/wp-json\/wp\/v2\/users\/2"}],"replies":[{"embeddable":true,"href":"https:\/\/www.europesays.com\/sk\/wp-json\/wp\/v2\/comments?post=55921"}],"version-history":[{"count":0,"href":"https:\/\/www.europesays.com\/sk\/wp-json\/wp\/v2\/posts\/55921\/revisions"}],"wp:featuredmedia":[{"embeddable":true,"href":"https:\/\/www.europesays.com\/sk\/wp-json\/wp\/v2\/media\/55922"}],"wp:attachment":[{"href":"https:\/\/www.europesays.com\/sk\/wp-json\/wp\/v2\/media?parent=55921"}],"wp:term":[{"taxonomy":"category","embeddable":true,"href":"https:\/\/www.europesays.com\/sk\/wp-json\/wp\/v2\/categories?post=55921"},{"taxonomy":"post_tag","embeddable":true,"href":"https:\/\/www.europesays.com\/sk\/wp-json\/wp\/v2\/tags?post=55921"}],"curies":[{"name":"wp","href":"https:\/\/api.w.org\/{rel}","templated":true}]}}