{"id":59103,"date":"2026-05-02T08:42:10","date_gmt":"2026-05-02T08:42:10","guid":{"rendered":"https:\/\/www.europesays.com\/sk\/59103\/"},"modified":"2026-05-02T08:42:10","modified_gmt":"2026-05-02T08:42:10","slug":"herecka-gwen-farrell-znama-z-kultoveho-serialu-mash-zomrela-vo-veku-93-rokov","status":"publish","type":"post","link":"https:\/\/www.europesays.com\/sk\/59103\/","title":{"rendered":"Here\u010dka Gwen Farrell, zn\u00e1ma z kultov\u00e9ho seri\u00e1lu M*A*S*H, zomrela vo veku 93 rokov"},"content":{"rendered":"<p>LOS ANGELES &#8211; Zo sveta \u0161oubiznisu pri\u0161la smutn\u00e1 spr\u00e1va! Na ve\u010dnos\u0165 sa vo veku 93 rokov pobrala here\u010dka Gwen Farrell, ktor\u00fa si div\u00e1ci pam\u00e4taj\u00fa najm\u00e4 zo seri\u00e1lu M*A*S*H. Pre zahrani\u010dn\u00e9 m\u00e9di\u00e1 to potvrdila jej rodina.<\/p>\n<p>Gwen Farrell s\u00edce nepatrila medzi tie najv\u00e4\u010d\u0161ie hviezdy kultov\u00e9ho seri\u00e1lu M*A*S*H, av\u0161ak bola jeho neoddelite\u013enou s\u00fa\u010das\u0165ou. \u00da\u010dinkovala v 26 epiz\u00f3dach, kde stv\u00e1rnila zdravotn\u00fa sestru. Okrem toho si zahrala aj v po\u010dinoch\u00a0Starsky and Hutch \u010di Billy Jack Goes to Washington.<\/p>\n<p>\t<a href=\"https:\/\/novinky.zoznam.sk\/gl\/9566857\/6477199\/Smutna-sprava-zo-soubiznisu--Zomrela-kraska-z-kultoveho-serialu-M-A-S-H-\" rel=\"nofollow noopener\" target=\"_blank\"><br \/>\n\t\t<img decoding=\"async\" alt=\"Smutn\u00e1 spr\u00e1va zo \u0161oubiznisu:\" aria-describedby=\"img-res-6477199\" class=\"\" id=\"6477199\" loading=\"lazy\" onerror=\"imgArticleLoadErr(this)\" src=\"https:\/\/www.europesays.com\/sk\/wp-content\/uploads\/2026\/05\/M-A-S-H.jpg\" style=\"aspect-ratio:1.189\" title=\"Smutn\u00e1 spr\u00e1va zo \u0161oubiznisu:\"\/>\t\t\t<\/p>\n<p>\n\t\t\t\tZobrazi\u0165 gal\u00e9riu (3)\t\t\t<\/p>\n<p>\t<\/a><\/p>\n<p>\t\u00a0(Zdroj: 20th Century Fox Television)<\/p>\n<p>\t<a href=\"https:\/\/novinky.zoznam.sk\/gl\/9566857\/6477195\/Smutna-sprava-zo-soubiznisu--Zomrela-kraska-z-kultoveho-serialu-M-A-S-H-\" rel=\"nofollow noopener\" target=\"_blank\"><br \/>\n\t\t<img decoding=\"async\" alt=\"Smutn\u00e1 spr\u00e1va zo \u0161oubiznisu:\" aria-describedby=\"img-res-6477195\" class=\"\" id=\"6477195\" loading=\"lazy\" onerror=\"imgArticleLoadErr(this)\" src=\"https:\/\/www.europesays.com\/sk\/wp-content\/uploads\/2026\/05\/1777711330_141_M-A-S-H.jpg\" style=\"aspect-ratio:0.826\" title=\"Smutn\u00e1 spr\u00e1va zo \u0161oubiznisu:\"\/>\t\t\t<\/p>\n<p>\n\t\t\t\tZobrazi\u0165 gal\u00e9riu (3)\t\t\t<\/p>\n<p>\t<\/a><\/p>\n<p>\t\u00a0(Zdroj: 20th Century Fox Television)<\/p>\n<p>Farrell nebola len here\u010dkou. V 80. rokoch \u0161okovala verejnos\u0165, ke\u010f sa stala priekopn\u00ed\u010dkou v boxe \u2013 ako jedna z prv\u00fdch \u017eien rozhodovala z\u00e1pasy a dokonca p\u00edskala titulov\u00fd duel.\u00a0<\/p>\n<p>Pochopite\u013ene najviac sm\u00fatia za milovanou zosnulou jej najbli\u017e\u0161\u00ed. \u201eGwen bola pre svoju rodinu omnoho viac. Bola starou mamou, svetlom, ktor\u00e9 ukazovalo cestu, a st\u00e1lym zdrojom l\u00e1sky a m\u00fadrosti. Vedela, ako \u013eu\u010fom okolo seba doda\u0165 pocit podpory, pochopenia a starostlivosti bez toho, aby za to potrebovala uznanie,\u201c vyjadrili sa pozostal\u00ed, ktor\u00ed jej prostredn\u00edctvom platformy GoFundMe robia zbierku na pohreb. \u201eJej odchod zanechal v na\u0161ich srdciach hlbok\u00fa pr\u00e1zdnotu, ktor\u00fa ni\u010d nedok\u00e1\u017ee zaplni\u0165. Budeme postr\u00e1da\u0165 jej hlas, jej silu a tich\u00e9 upokojenie, ktor\u00e9 prin\u00e1\u0161ala do na\u0161ich \u017eivotov. Hoci m\u00e1me zlomen\u00e9 srdcia, sme z\u00e1rove\u0148 nesmierne v\u010fa\u010dn\u00ed za \u017eivot, ktor\u00fd \u017eila, a za odkaz, ktor\u00fd po sebe zanechala,\u201c\u00a0dodala sm\u00fatiaca rodina.\u00a0<\/p>\n","protected":false},"excerpt":{"rendered":"LOS ANGELES &#8211; Zo sveta \u0161oubiznisu pri\u0161la smutn\u00e1 spr\u00e1va! Na ve\u010dnos\u0165 sa vo veku 93 rokov pobrala here\u010dka&hellip;\n","protected":false},"author":2,"featured_media":59104,"comment_status":"","ping_status":"","sticky":false,"template":"","format":"standard","meta":{"footnotes":"","_share_on_mastodon":"0"},"categories":[15],"tags":[70,23466,43,40,39,42,41,71],"class_list":["post-59103","post","type-post","status-publish","format-standard","has-post-thumbnail","category-zabava","tag-entertainment","tag-gwen-farrell","tag-sk","tag-slovak","tag-slovakia","tag-slovencina","tag-slovensko","tag-zabava"],"share_on_mastodon":{"url":"https:\/\/pubeurope.com\/@sk\/116504097206676729","error":""},"_links":{"self":[{"href":"https:\/\/www.europesays.com\/sk\/wp-json\/wp\/v2\/posts\/59103","targetHints":{"allow":["GET"]}}],"collection":[{"href":"https:\/\/www.europesays.com\/sk\/wp-json\/wp\/v2\/posts"}],"about":[{"href":"https:\/\/www.europesays.com\/sk\/wp-json\/wp\/v2\/types\/post"}],"author":[{"embeddable":true,"href":"https:\/\/www.europesays.com\/sk\/wp-json\/wp\/v2\/users\/2"}],"replies":[{"embeddable":true,"href":"https:\/\/www.europesays.com\/sk\/wp-json\/wp\/v2\/comments?post=59103"}],"version-history":[{"count":0,"href":"https:\/\/www.europesays.com\/sk\/wp-json\/wp\/v2\/posts\/59103\/revisions"}],"wp:featuredmedia":[{"embeddable":true,"href":"https:\/\/www.europesays.com\/sk\/wp-json\/wp\/v2\/media\/59104"}],"wp:attachment":[{"href":"https:\/\/www.europesays.com\/sk\/wp-json\/wp\/v2\/media?parent=59103"}],"wp:term":[{"taxonomy":"category","embeddable":true,"href":"https:\/\/www.europesays.com\/sk\/wp-json\/wp\/v2\/categories?post=59103"},{"taxonomy":"post_tag","embeddable":true,"href":"https:\/\/www.europesays.com\/sk\/wp-json\/wp\/v2\/tags?post=59103"}],"curies":[{"name":"wp","href":"https:\/\/api.w.org\/{rel}","templated":true}]}}