{"id":59964,"date":"2026-05-03T10:42:16","date_gmt":"2026-05-03T10:42:16","guid":{"rendered":"https:\/\/www.europesays.com\/sk\/59964\/"},"modified":"2026-05-03T10:42:16","modified_gmt":"2026-05-03T10:42:16","slug":"mesacny-poplatok-si-uz-bude-uctovat-aj-znama-cetovacia-aplikacia","status":"publish","type":"post","link":"https:\/\/www.europesays.com\/sk\/59964\/","title":{"rendered":"Mesa\u010dn\u00fd poplatok si u\u017e bude \u00fa\u010dtova\u0165 aj zn\u00e1ma \u010detovacia aplik\u00e1cia"},"content":{"rendered":"<p>Aplik\u00e1cia WhatsApp bude v platenej verzii.\t\t\t\t\t\t(Zdroj: SITA\/AP Photo\/Martin Meissner, gettyimages.com)\t\t\t\t\t<\/p>\n<p>BRATISLAVA &#8211; Ob\u013e\u00faben\u00e1 chatovacia aplik\u00e1cia WhatsApp sa pripravuje na v\u00fdrazn\u00fa novinku, ktor\u00e1 m\u00f4\u017ee zmeni\u0165 sp\u00f4sob, ak\u00fdm ju pou\u017e\u00edvatelia vyu\u017e\u00edvaj\u00fa. Pribudne toti\u017e platen\u00e1 verzia s n\u00e1zvom WhatsApp Plus. T\u00e1 prinesie viacero nov\u00fdch funkci\u00ed, no z\u00e1rove\u0148 aj mesa\u010dn\u00fd poplatok.<\/p>\n<p>O nie ve\u013emi pr\u00edjemn\u00fdch novink\u00e1ch informoval\u00a0<a href=\"https:\/\/wabetainfo.com\/whatsapp-plus-is-rolling-out-new-premium-features\/\" target=\"_blank\" rel=\"nofollow noopener\">WABetaInfo<\/a>. Ten na svojej str\u00e1nke uviedol presn\u00e9 funkcie, ktor\u00fdmi bude aplik\u00e1cia WhatsApp vo verzii Plus disponova\u0165. Cie\u013eom pripravovanej aktualiz\u00e1cie je vraj roz\u0161\u00edri\u0165 mo\u017enosti aplik\u00e1cie bez toho, aby obmedzila be\u017en\u00fdch pou\u017e\u00edvate\u013eov.<\/p>\n<p>U\u017e stanovili aj predbe\u017en\u00fa cenu<\/p>\n<p>Platenie bude dobrovo\u013en\u00e9 a nov\u00fd tarif m\u00e1 st\u00e1\u0165 pribli\u017ene 2,49 eura mesa\u010dne.<\/p>\n<p>\t<a href=\"https:\/\/www.topky.sk\/gl\/9566557\/6391703\/Za-popularnu-cetovaciu-aplikaciu-budete-po-novom-PLATIT--Takto-nastavili-mesacny-poplatok-\" rel=\"nofollow noopener\" target=\"_blank\"><br \/>\n\t\t<img decoding=\"async\" alt=\"Ilustra\u010dn\u00e9 foto\" aria-describedby=\"img-res-6391703\" class=\"\" id=\"6391703\" loading=\"lazy\" onerror=\"imgArticleLoadErr(this)\" src=\"https:\/\/www.europesays.com\/sk\/wp-content\/uploads\/2026\/05\/socialne-siete-WhatsApp.jpg\" style=\"aspect-ratio:1.500\" title=\"Ilustra\u010dn\u00e9 foto\"\/>\t\t\t<\/p>\n<p>\n\t\t\t\tZobrazi\u0165 gal\u00e9riu (3)\t\t\t<\/p>\n<p>\t<\/a><\/p>\n<p>Ilustra\u010dn\u00e9 foto\t\u00a0(Zdroj: Getty Images)<\/p>\n<p>Nov\u00e9 funkcie bez z\u00e1sahu do jadra aplik\u00e1cie<\/p>\n<p>Pr\u00e9miov\u00e1 verzia m\u00e1 pon\u00faknu\u0165 viacero vylep\u0161en\u00ed, ktor\u00e9 roz\u0161\u00edria pou\u017e\u00edvate\u013esk\u00fd komfort. Z\u00e1kladn\u00e9 fungovanie aplik\u00e1cie v\u0161ak zostane nezmenen\u00e9. WhatsApp aktu\u00e1lne testuje t\u00fato novinku na obmedzenej skupine pou\u017e\u00edvate\u013eov, aby z\u00edskal sp\u00e4tn\u00fa v\u00e4zbu pred jej \u0161ir\u0161\u00edm nasaden\u00edm.<\/p>\n<p>Medzi novinky patria napr\u00edklad \u0161peci\u00e1lne bal\u00edky n\u00e1lepiek, ktor\u00e9 m\u00f4\u017eu obsahova\u0165 aj animovan\u00e9 efekty zobrazuj\u00face sa priamo v chate. Zauj\u00edmavos\u0165ou je, \u017ee tieto efekty uvid\u00ed aj ten pr\u00edjemca spr\u00e1vy, ktor\u00fd predplatn\u00e9 nem\u00e1 aktivovan\u00e9.\u00a0Pou\u017e\u00edvatelia si tie\u017e bud\u00fa m\u00f4c\u0165 prisp\u00f4sobi\u0165 vzh\u013ead aplik\u00e1cie v\u00fdberom zo 18 nov\u00fdch farebn\u00fdch t\u00e9m. Zvolen\u00e1 farba sa n\u00e1sledne premietne do cel\u00e9ho rozhrania aplik\u00e1cie. Okrem toho pribudne aj mo\u017enos\u0165 zmeni\u0165 si ikonu aplik\u00e1cie, pri\u010dom na v\u00fdber bude 14 r\u00f4znych dizajnov.<\/p>\n<p>Jednou z praktick\u00fdch noviniek je aj roz\u0161\u00edrenie po\u010dtu pripnut\u00fdch chatov. K\u00fdm doteraz bolo mo\u017en\u00e9 ma\u0165 navrchu len tri konverz\u00e1cie, po novom ich m\u00f4\u017ee by\u0165 a\u017e 20. To ocenia najm\u00e4 pou\u017e\u00edvatelia, ktor\u00ed denne komunikuj\u00fa s v\u00e4\u010d\u0161\u00edm po\u010dtom \u013eud\u00ed.<\/p>\n<p>\t<a href=\"https:\/\/www.topky.sk\/gl\/9566557\/6431741\/Za-popularnu-cetovaciu-aplikaciu-budete-po-novom-PLATIT--Takto-nastavili-mesacny-poplatok-\" rel=\"nofollow noopener\" target=\"_blank\"><br \/>\n\t\t<img decoding=\"async\" alt=\"Za popul\u00e1rnu \u010detovaciu aplik\u00e1ciu\" aria-describedby=\"img-res-6431741\" class=\"\" id=\"6431741\" loading=\"lazy\" onerror=\"imgArticleLoadErr(this)\" src=\"https:\/\/www.europesays.com\/sk\/wp-content\/uploads\/2026\/05\/YouTube-Instagram-WhatsApp-Facebook.jpg\" style=\"aspect-ratio:1.500\" title=\"Za popul\u00e1rnu \u010detovaciu aplik\u00e1ciu\"\/>\t\t\t<\/p>\n<p>\n\t\t\t\tZobrazi\u0165 gal\u00e9riu (3)\t\t\t<\/p>\n<p>\t<\/a><\/p>\n<p>\t\u00a0(Zdroj: Getty Images)<\/p>\n<p>Nov\u00e9 zvonenia<\/p>\n<p>WhatsApp pre Android u\u017e teraz umo\u017e\u0148uje nastavi\u0165 si vlastn\u00fd vyzv\u00e1\u0148ac\u00ed t\u00f3n. Pr\u00e9miov\u00fd tarif v\u0161ak prinesie aj desa\u0165 exkluz\u00edvnych zvonen\u00ed. V\u00fdvoj\u00e1ri navy\u0161e nazna\u010dili, \u017ee v bud\u00facnosti m\u00f4\u017eu do platen\u00e9ho bal\u00edka pribudn\u00fa\u0165 aj \u010fal\u0161ie funkcie.<\/p>\n<p>Predplatn\u00e9 bude fungova\u0165 na mesa\u010dnej b\u00e1ze s automatick\u00fdm obnovovan\u00edm. Platba sa bude opakova\u0165 v\u017edy v rovnak\u00fd de\u0148, pri\u010dom zru\u0161enie bude potrebn\u00e9 vybavi\u0165 minim\u00e1lne 24 hod\u00edn vopred.<\/p>\n<p>A \u010do vo\u013en\u00e1 verzia?<\/p>\n<p>U\u017e z logiky veci sa d\u00e1 ale predpoklada\u0165, \u017ee \u010detovacia aplik\u00e1cia WhatsApp bude fungova\u0165 aj v bezplatnej verzii aj na\u010falej. Nateraz je v\u0161ak ot\u00e1zne, za ak\u00fa cenu to bude. Poplu\u00e1rnou bezplatnou alternat\u00edvou s\u00fa\u010dasn\u00fdch aplik\u00e1ci\u00ed b\u00fdva implement\u00e1cia nadmern\u00e9ho po\u010dtu reklamn\u00fdch bannerov \u010di inform\u00e1cie sponzorov. Mo\u017en\u00e9 v\u0161ak bude aj to, \u017ee vo\u013en\u00e1 verzia nebude obsahova\u0165 niektor\u00e9 k\u013e\u00fa\u010dov\u00e9 funkcie, \u010d\u00edm bude pre pou\u017e\u00edvate\u013eov menej atrakt\u00edvna, a tak bud\u00fa chcie\u0165 siahnu\u0165 po platenej Plus verzii.<\/p>\n","protected":false},"excerpt":{"rendered":"Aplik\u00e1cia WhatsApp bude v platenej verzii. (Zdroj: SITA\/AP Photo\/Martin Meissner, gettyimages.com) BRATISLAVA &#8211; Ob\u013e\u00faben\u00e1 chatovacia aplik\u00e1cia WhatsApp sa&hellip;\n","protected":false},"author":2,"featured_media":59965,"comment_status":"","ping_status":"","sticky":false,"template":"","format":"standard","meta":{"footnotes":"","_share_on_mastodon":"0"},"categories":[32],"tags":[4929,23701,23705,34,37,23704,2286,33,23703,9733,43,40,39,42,41,36,38,35,4068,23702],"class_list":["post-59964","post","type-post","status-publish","format-standard","has-post-thumbnail","category-spravy","tag-aplikacia","tag-cet","tag-cetovacia-aplikacia","tag-headlines","tag-hlavne-spravy","tag-mesacny-poplatok","tag-mobil","tag-news","tag-platena-verzia","tag-poplatok","tag-sk","tag-slovak","tag-slovakia","tag-slovencina","tag-slovensko","tag-spravy","tag-titulky","tag-top-stories","tag-whatsapp","tag-whatsapp-plus"],"share_on_mastodon":{"url":"https:\/\/pubeurope.com\/@sk\/116510231358684746","error":""},"_links":{"self":[{"href":"https:\/\/www.europesays.com\/sk\/wp-json\/wp\/v2\/posts\/59964","targetHints":{"allow":["GET"]}}],"collection":[{"href":"https:\/\/www.europesays.com\/sk\/wp-json\/wp\/v2\/posts"}],"about":[{"href":"https:\/\/www.europesays.com\/sk\/wp-json\/wp\/v2\/types\/post"}],"author":[{"embeddable":true,"href":"https:\/\/www.europesays.com\/sk\/wp-json\/wp\/v2\/users\/2"}],"replies":[{"embeddable":true,"href":"https:\/\/www.europesays.com\/sk\/wp-json\/wp\/v2\/comments?post=59964"}],"version-history":[{"count":0,"href":"https:\/\/www.europesays.com\/sk\/wp-json\/wp\/v2\/posts\/59964\/revisions"}],"wp:featuredmedia":[{"embeddable":true,"href":"https:\/\/www.europesays.com\/sk\/wp-json\/wp\/v2\/media\/59965"}],"wp:attachment":[{"href":"https:\/\/www.europesays.com\/sk\/wp-json\/wp\/v2\/media?parent=59964"}],"wp:term":[{"taxonomy":"category","embeddable":true,"href":"https:\/\/www.europesays.com\/sk\/wp-json\/wp\/v2\/categories?post=59964"},{"taxonomy":"post_tag","embeddable":true,"href":"https:\/\/www.europesays.com\/sk\/wp-json\/wp\/v2\/tags?post=59964"}],"curies":[{"name":"wp","href":"https:\/\/api.w.org\/{rel}","templated":true}]}}