{"id":60258,"date":"2026-05-03T18:38:06","date_gmt":"2026-05-03T18:38:06","guid":{"rendered":"https:\/\/www.europesays.com\/sk\/60258\/"},"modified":"2026-05-03T18:38:06","modified_gmt":"2026-05-03T18:38:06","slug":"futbal-v-ziline-s-incidentmi-fanusikov-policia-zasahovala-vodnym-delom-a-zadrzala-jednu-osobu-topky","status":"publish","type":"post","link":"https:\/\/www.europesays.com\/sk\/60258\/","title":{"rendered":"Futbal v \u017diline s incidentmi fan\u00fa\u0161ikov: Pol\u00edcia zasahovala vodn\u00fdm delom a zadr\u017eala jednu osobu &#8211; Topky"},"content":{"rendered":"<p><a href=\"https:\/\/news.google.com\/rss\/articles\/CBMiyAFBVV95cUxQUUs0WnM0Si1QcDg3dVlZbWtkVlRvRnVPdUt1c0FpOW91Vnk5VjJWcXp6M3VhV2dLV3NpNzY5Ymthd3RJOWtDODFubVVqa2NhSXY4SFR0WEE4TzZkd3B4WGxKYXdYcUNpZlE0Zi1kVnBKNnVXQnpuS1R6bnJvS0pmT29UeDlmNTZKVXV2Mm9EWExxQmdxM2NnRVRhbFA5b1FKaXRNRjZzMzc4bkZkY0NkR2plR0FndVFFc2dRTjhPWlF3Vm9FLWl5VQ?oc=5\" target=\"_blank\" rel=\"nofollow noopener\">Futbal v \u017diline s incidentmi fan\u00fa\u0161ikov: Pol\u00edcia zasahovala vodn\u00fdm delom a zadr\u017eala jednu osobu<\/a>&nbsp;&nbsp;Topky<a href=\"https:\/\/news.google.com\/rss\/articles\/CBMimgFBVV95cUxNYU5fcjhSeWV2M2txeEdnWGsyVmdSYmh2MTB6VWVBdG1JbU9YS0ozVjgzSENwOWhNYWNWbDNoekZLNF9EWHMwLVhwYWtmZERRX1V3TFNWWUVoWWR5NlkzSE4yTmdRMXV5TFEwUkdPMGNtQmdfSUtXZFJaM1M0NHRjOVNUa1Rma1ZTWTZYY0EyRzdSR3l5NkQwRDJ3?oc=5\" target=\"_blank\" rel=\"nofollow noopener\">SLOVNAFT CUP \u2013 FIN\u00c1LE: Pr\u00edbeh d\u017eentlmena Fa\u0161ka (a spokojn\u00fd rozhodca Kr\u00e1\u013eovi\u010d)<\/a>&nbsp;&nbsp;SFZ<a href=\"https:\/\/news.google.com\/rss\/articles\/CBMijAFBVV95cUxQakNGMVJSRjNCSDNQcHZ6QzIxU01ZTHpvckNjekxIWEFmSmdGSEZVRWQwQmJqbDZNRkxGTUpDQnZkMkhEdFNheTJWUEhDWXZncFU2SHJKckJuMmJTc2JlbGM5UnBzVFRaRDNYTGFISEJ5QzNjZnFnSWpNc0lTenlkSG1QeVVaQUpzS3pNVg?oc=5\" target=\"_blank\" rel=\"nofollow noopener\">Piatkov\u00fd futbalov\u00fd z\u00e1pas v \u017diline sprev\u00e1dzali incidenty fan\u00fa\u0161ikov<\/a>&nbsp;&nbsp;TERAZ.sk<a href=\"https:\/\/news.google.com\/rss\/articles\/CBMi3gFBVV95cUxNUk5TX19UOXJzb3AyelBLX3Z6S08tYU5hWE10XzdaN3A4ZjlyQjFtUHJBNzVKYU0zMkllTklKbElTa3J1dGRwbElTZ21XZVBVQ2JHb1VJYWdOd1FSMXl3SGJ1ZWdLelIyR3FDNjZwSVV3a3ZfQnJnNzltRXdJV2FwUkdfbzdxUmtlV0lXRmhDV2hUa05hUm42OTJXaE9TdVJpZVQxSHBwYUZmQzN2Sk5xREx0anktY3VWOEc2SVNrQTBSM0I2VnNCV3JGMkdNZUpEbDNRckNxYWlKNHhVQXc?oc=5\" target=\"_blank\" rel=\"nofollow noopener\">VIDEO: Po triumfe M\u0160K \u017dilina pri\u0161li obvinenia z v\u00fdtr\u017enost\u00ed v meste<\/a>&nbsp;&nbsp;\u017dilinak.sk<a href=\"https:\/\/news.google.com\/rss\/articles\/CBMiywFBVV95cUxQTEhPeVpvNWNla3FzNkg2dS1MYzdiSjhBWXdqdHYyLUNoR3RtS2tRVUxlMG4yRmtpQWtRTzZHYV9KTzJZQkt4cnA3bUppYVM3eFk4c2VqcEQ2elRyTWZDWlpkRzBNcktHaDlxRUJDMnJiam5kMjJhdm83MUtGaWVzUzZ5aFk0R0hSY283NXJ6RnJ2bjNzaGo0TWxsR1RVVENUY2V3SWhHWjhiN3J6M2c4UHhhZXVjLW8ySFN3Q0ZIRGpQVUxrb1k1Ylc1dw?oc=5\" target=\"_blank\" rel=\"nofollow noopener\">Ani podpora fan\u00fa\u0161ikov nepomohla: Ko\u0161ice v boji o prv\u00fa trofej neuspeli, \u017dilina ovl\u00e1dla Slovnaft Cup<\/a>&nbsp;&nbsp;\u0160portky.sk<\/p>\n","protected":false},"excerpt":{"rendered":"Futbal v \u017diline s incidentmi fan\u00fa\u0161ikov: Pol\u00edcia zasahovala vodn\u00fdm delom a zadr\u017eala jednu osobu&nbsp;&nbsp;TopkySLOVNAFT CUP \u2013 FIN\u00c1LE: Pr\u00edbeh&hellip;\n","protected":false},"author":2,"featured_media":60259,"comment_status":"","ping_status":"","sticky":false,"template":"","format":"standard","meta":{"footnotes":"","_share_on_mastodon":"0"},"categories":[32],"tags":[4192,34,37,23776,33,525,43,40,39,42,41,36,38,35,116],"class_list":["post-60258","post","type-post","status-publish","format-standard","has-post-thumbnail","category-spravy","tag-futbalovy-zapas","tag-headlines","tag-hlavne-spravy","tag-incidenty","tag-news","tag-policia","tag-sk","tag-slovak","tag-slovakia","tag-slovencina","tag-slovensko","tag-spravy","tag-titulky","tag-top-stories","tag-zilina"],"share_on_mastodon":{"url":"https:\/\/pubeurope.com\/@sk\/116512103246094756","error":""},"_links":{"self":[{"href":"https:\/\/www.europesays.com\/sk\/wp-json\/wp\/v2\/posts\/60258","targetHints":{"allow":["GET"]}}],"collection":[{"href":"https:\/\/www.europesays.com\/sk\/wp-json\/wp\/v2\/posts"}],"about":[{"href":"https:\/\/www.europesays.com\/sk\/wp-json\/wp\/v2\/types\/post"}],"author":[{"embeddable":true,"href":"https:\/\/www.europesays.com\/sk\/wp-json\/wp\/v2\/users\/2"}],"replies":[{"embeddable":true,"href":"https:\/\/www.europesays.com\/sk\/wp-json\/wp\/v2\/comments?post=60258"}],"version-history":[{"count":0,"href":"https:\/\/www.europesays.com\/sk\/wp-json\/wp\/v2\/posts\/60258\/revisions"}],"wp:featuredmedia":[{"embeddable":true,"href":"https:\/\/www.europesays.com\/sk\/wp-json\/wp\/v2\/media\/60259"}],"wp:attachment":[{"href":"https:\/\/www.europesays.com\/sk\/wp-json\/wp\/v2\/media?parent=60258"}],"wp:term":[{"taxonomy":"category","embeddable":true,"href":"https:\/\/www.europesays.com\/sk\/wp-json\/wp\/v2\/categories?post=60258"},{"taxonomy":"post_tag","embeddable":true,"href":"https:\/\/www.europesays.com\/sk\/wp-json\/wp\/v2\/tags?post=60258"}],"curies":[{"name":"wp","href":"https:\/\/api.w.org\/{rel}","templated":true}]}}