{"id":61564,"date":"2026-05-05T06:46:06","date_gmt":"2026-05-05T06:46:06","guid":{"rendered":"https:\/\/www.europesays.com\/sk\/61564\/"},"modified":"2026-05-05T06:46:06","modified_gmt":"2026-05-05T06:46:06","slug":"crta-sa-obrovska-posila-pre-cesko-hviezdny-kapitan-potvrdil-ze-na-ms-nechce-chybat","status":"publish","type":"post","link":"https:\/\/www.europesays.com\/sk\/61564\/","title":{"rendered":"\u010crt\u00e1 sa obrovsk\u00e1 posila pre \u010cesko! Hviezdny kapit\u00e1n potvrdil, \u017ee na MS nechce ch\u00fdba\u0165"},"content":{"rendered":"<p><a href=\"https:\/\/sportky.zoznam.sk\/g\/479561\/crta-sa-obrovska-posila-pre-cesko-hviezdny-kapitan-potvrdil-ze-na-ms-nechce-chybat?image=1146907\" title=\"\u010cesk\u00fd hr\u00e1\u010d Luk\u00e1\u0161 Sedl\u00e1k (23) oslavuje so spoluhr\u00e1\u010dom Romanom \u010cervenkom (10)\" rel=\"nofollow noopener\" target=\"_blank\">\t\t\t<img decoding=\"async\" loading=\"lazy\" src=\"https:\/\/www.europesays.com\/sk\/wp-content\/uploads\/2026\/05\/roman-cervenka-ceska-hokejova-1146907.jpg\"  alt=\"\u010cesk\u00fd hr\u00e1\u010d Luk\u00e1\u0161 Sedl\u00e1k (23) oslavuje so spoluhr\u00e1\u010dom Romanom \u010cervenkom (10)\"\/><\/a>\u010cesk\u00fd hr\u00e1\u010d Luk\u00e1\u0161 Sedl\u00e1k (23) oslavuje so spoluhr\u00e1\u010dom Romanom \u010cervenkom (10)\t\t\t Zdroj: SITA\/AP\/Hassan Ammar\t\t\t\t<\/p>\n<p>PRAHA \u2013 Kapit\u00e1n hokejovej reprezent\u00e1cie Roman \u010cervenka na galave\u010dere Hokejista sez\u00f3ny k ukon\u010den\u00e9mu extraligov\u00e9mu ro\u010dn\u00edku potvrdil, \u017ee pl\u00e1nuje \u0161tartova\u0165 na m\u00e1jov\u00fdch majstrovstv\u00e1ch sveta vo \u0160vaj\u010diarsku.\t<\/p>\n<p>\u0160tyridsa\u0165ro\u010dn\u00fd \u00fato\u010dn\u00edk je dvojn\u00e1sobn\u00fdm majstrom sveta, tento rok nech\u00fdbal na olympijsk\u00fdch hr\u00e1ch v Mil\u00e1ne a na nadch\u00e1dzaj\u00facom turnaji by najprodukt\u00edvnej\u0161\u00ed hr\u00e1\u010d z\u00e1kladnej \u010dasti extraligy mal patri\u0165 k l\u00eddrom t\u00edmu.<\/p>\n<p>\u201eAk sa ni\u010d nestane, tak sme dohodnut\u00ed, \u017ee p\u00f4jdem,\u201c povedal \u010cervenka novin\u00e1rom<\/p>\n","protected":false},"excerpt":{"rendered":"\u010cesk\u00fd hr\u00e1\u010d Luk\u00e1\u0161 Sedl\u00e1k (23) oslavuje so spoluhr\u00e1\u010dom Romanom \u010cervenkom (10) Zdroj: SITA\/AP\/Hassan Ammar PRAHA \u2013 Kapit\u00e1n hokejovej&hellip;\n","protected":false},"author":2,"featured_media":61565,"comment_status":"","ping_status":"","sticky":false,"template":"","format":"standard","meta":{"footnotes":"","_share_on_mastodon":"0"},"categories":[13],"tags":[825,5929,20749,43,40,39,42,41,69,68],"class_list":["post-61564","post","type-post","status-publish","format-standard","has-post-thumbnail","category-sport","tag-ceska-hokejova-reprezentacia","tag-ms-v-hokeji-2026","tag-roman-cervenka","tag-sk","tag-slovak","tag-slovakia","tag-slovencina","tag-slovensko","tag-sport","tag-sports"],"share_on_mastodon":{"url":"https:\/\/pubeurope.com\/@sk\/116520628094262792","error":""},"_links":{"self":[{"href":"https:\/\/www.europesays.com\/sk\/wp-json\/wp\/v2\/posts\/61564","targetHints":{"allow":["GET"]}}],"collection":[{"href":"https:\/\/www.europesays.com\/sk\/wp-json\/wp\/v2\/posts"}],"about":[{"href":"https:\/\/www.europesays.com\/sk\/wp-json\/wp\/v2\/types\/post"}],"author":[{"embeddable":true,"href":"https:\/\/www.europesays.com\/sk\/wp-json\/wp\/v2\/users\/2"}],"replies":[{"embeddable":true,"href":"https:\/\/www.europesays.com\/sk\/wp-json\/wp\/v2\/comments?post=61564"}],"version-history":[{"count":0,"href":"https:\/\/www.europesays.com\/sk\/wp-json\/wp\/v2\/posts\/61564\/revisions"}],"wp:featuredmedia":[{"embeddable":true,"href":"https:\/\/www.europesays.com\/sk\/wp-json\/wp\/v2\/media\/61565"}],"wp:attachment":[{"href":"https:\/\/www.europesays.com\/sk\/wp-json\/wp\/v2\/media?parent=61564"}],"wp:term":[{"taxonomy":"category","embeddable":true,"href":"https:\/\/www.europesays.com\/sk\/wp-json\/wp\/v2\/categories?post=61564"},{"taxonomy":"post_tag","embeddable":true,"href":"https:\/\/www.europesays.com\/sk\/wp-json\/wp\/v2\/tags?post=61564"}],"curies":[{"name":"wp","href":"https:\/\/api.w.org\/{rel}","templated":true}]}}