{"id":62352,"date":"2026-05-05T22:02:09","date_gmt":"2026-05-05T22:02:09","guid":{"rendered":"https:\/\/www.europesays.com\/sk\/62352\/"},"modified":"2026-05-05T22:02:09","modified_gmt":"2026-05-05T22:02:09","slug":"stacilo-mu-par-sekund-o-vyhre-ziliny-rozhodol-zolik-z-lavicky-skalica-je-blizsie-k-zachrane-nike-liga-futbal","status":"publish","type":"post","link":"https:\/\/www.europesays.com\/sk\/62352\/","title":{"rendered":"Sta\u010dilo mu p\u00e1r sek\u00fand. O v\u00fdhre \u017diliny rozhodol \u017eol\u00edk z lavi\u010dky. Skalica je bli\u017e\u0161ie k z\u00e1chrane &#8211; Nik\u00e9 liga &#8211; Futbal"},"content":{"rendered":"<p itemprop=\"description\">Futbalisti Skalice urobili d\u00f4le\u017eit\u00fd krok k z\u00e1chrane v najvy\u0161\u0161ej s\u00fa\u0165a\u017ei. V dohr\u00e1vke 8. kola nadstavby skupiny o udr\u017eanie sa zdolali Ko\u0161ice 3:1. Hr\u00e1\u010di M\u0160K \u017dilina zvl\u00e1dli \u00falohu favorita a v skupine o titul zv\u00ed\u0165azili nad Michalovcami 3:2. O triumfe rozhodol po p\u00e1r sekund\u00e1ch na tr\u00e1vniku striedaj\u00faci 20-ro\u010dn\u00fd Sebasti\u00e1n K\u00f3\u0161a.<\/p>\n<p>\t\t\t\t\t\t\t\t\t\t\t\t\t\t\t\t\t\u0160portweb,<br \/>\n\t\t\t\t\t\t\t\t\t\t\t\t\t\t\t\t\tTASR<\/p>\n<p>\t\t\t\t\t\t\t\t05.05.2026 19:51 , aktualizovan\u00e9:\u00a020:37\t\t\t\t\t\t\t<\/p>\n<p>\t\t\t\t<img decoding=\"async\" class=\"article-detail-image\" src=\"https:\/\/www.europesays.com\/sk\/wp-content\/uploads\/2026\/05\/frantisek-kosa_01-clanokW.jpg\"   alt=\"Franti\u0161ek K\u00f3\u0161a\"\/><br \/>\n\t\t\t\t\t\t\t\t\tFoto: TASR, Facebook\/M\u0160K \u017dilina<\/p>\n<p>                        O v\u00ed\u0165azstve \u017diliny rozhodol 20-ro\u010dn\u00fd Franti\u0161ek K\u00f3\u0161a svojim tret\u00edm g\u00f3lom v sez\u00f3ne.<\/p>\n<p>Ak niekto v\u00a0\u017diline zme\u0161kal \u00favod z\u00e1pasu, tak pri\u0161iel o\u00a0ve\u013ea. U\u017e v\u00a05.\u00a0min\u00fate bolo 1:1, preto\u017ee najsk\u00f4r Taylor-Hart preloboval Sv\u00e1\u010deka a z\u00a0n\u00e1slednej akcie Bzdyl po kr\u00e1snom s\u00f3le cez troch obrancov prestrelil Jakubecha.<\/p>\n<p>Divok\u00fd \u00favod pokra\u010doval, v\u00a010.\u00a0min\u00fate hostia vymysleli kr\u00e1snu kombina\u010dn\u00fa akciu, na ktorej konci bol Hugo Ahl a znovu dostal MFK Zempl\u00edn do vedenia. Z\u00e1pas otvoren\u00fdch obr\u00e1n pokra\u010doval, o\u00a0osem min\u00fat rohov\u00fd kop \u017diliny zakon\u010doval pri pravej \u017erdi akrobaticky Narimanidze a Jakubech si dal smoln\u00fd vlastn\u00fd\u00a0g\u00f3l.<\/p>\n<p>Druh\u00fd pol\u010das patril preva\u017ene \u017dilin\u010danom, no t\u00ed dlho zahadzovali \u0161ancu za \u0161ancou. Postupne neuspeli I\u013eko, Fa\u0161ko a ani Rogini\u010d.<\/p>\n<p>G\u00f3lov\u00e9 \u0161\u0165astie v\u0161ak prinieslo \u017dilin\u010danom striedanie, v\u00a074.\u00a0min\u00fate Adang narysoval presn\u00fa kolmicu medzi obrancov pre Franti\u0161ka K\u00f3\u0161u a ten necel\u00fa min\u00fatu po svojom pr\u00edchode na tr\u00e1vnik rozhodol o\u00a0v\u00ed\u0165azstve \u017diliny nad Michalovcami v\u00a0pomere\u00a03:2.<\/p>\n<p>8.\u00a0kolo nadstavbovej \u010dasti Nik\u00e9 ligy<br \/>skupina o\u00a0titul:<br \/>M\u0160K \u017dilina\u00a0\u2013 MFK Zempl\u00edn Michalovce 3:2 (2:2)<br \/>G\u00f3ly: 5: Bzdyl, 18.\u00a0Jakubech (vlastn\u00fd), 74.\u00a0K\u00f3\u0161a\u00a0\u2013 4.\u00a0Taylor-Hart, 10.\u00a0Ahl. Rozhodovali: Glova\u00a0\u2013 Pac\u00e1k, Hrebe\u0148\u00e1r, \u017dK: Taylor-Hart (Mich.), 1049\u00a0div\u00e1kov<br \/>Zostavy:<br \/>M\u0160K \u017dilina: Sv\u00e1\u010dek\u00a0\u2013 Pali\u0161\u010d\u00e1k (46.\u00a0Ok\u00e1l), Narimanidze, Bari\u00a0\u2013 Hranica, K\u00e1\u010der \u00a9 (46.\u00a0Svoboda), Adang, Bzdyl\u00a0\u2013 M. Fa\u0161ko (79.\u00a0Sz\u00e1nth\u00f3), Rogini\u010d (73.\u00a0K\u00f3\u0161a), Juli\u0161 (62.\u00a0I\u013eko)<br \/>MFK Zempl\u00edn: Jakubech\u00a0\u2013 Park, Dzotsenidze, Volanakis\u00a0\u2013 \u010curma, Bedn\u00e1r \u00a9 (62.\u00a0Kalemi), Cottrell (62.\u00a0Zubairu), Lemishko (82.\u00a0Theofanopoulos)\u00a0\u2013 Brosnan (62.\u00a0Walczak), Ahl, Taylor-Hart (73.\u00a0Ramos).<\/p>\n<p>hlasy po z\u00e1pase:<br \/>Pavol Sta\u0148o, tr\u00e9ner M\u0160K \u017dilina: \u201eTr\u00e9ner host\u00ed z\u00e1pas zhodnotil dobre a trefne. V\u00a0prvom pol\u010dase boli dobr\u00e9 ofenz\u00edvne veci na oboch stran\u00e1ch, ale bolo ve\u013ea ch\u00fdb v\u00a0obrane. Intenzita z\u00e1pasu by v\u0161ak mala by\u0165 v\u00e4\u010d\u0161ia, rovnako tak aj kulisa. Druh\u00fd pol\u010das bol u\u017e lep\u0161\u00ed. Ver\u00edm, \u017ee v\u010faka tejto v\u00fdhre e\u0161te zabojujeme o\u00a0p\u00f3dium v\u00a0Nik\u00e9 lige, ideme do Trnavy a chceme vyhra\u0165.\u201e<br \/>Anton \u0160oltis, tr\u00e9ner MFK Michalovce: \u201eV\u00a0prvom rade chcem zablaho\u017eela\u0165 \u017diline k\u00a0v\u00fdhre v\u00a0Slovenskom poh\u00e1ri. Z\u00e1pas mal svoju kvalitu z\u00a0oboch str\u00e1n. Druh\u00fd pol\u010das sme v\u0161ak nasko\u010dili zle, s\u00faper vyu\u017e\u00edval na\u0161e strany l\u00f4pt a bol lep\u0161\u00ed, vyu\u017eil jeden brejk. Za ten druh\u00fd pol\u010das teda nie som s\u00a0chlapcami spokojn\u00fd, prechod do \u00fatoku bol pomal\u00fd a s\u00faper tak zasl\u00fa\u017eene vyhral.\u201c<br \/>Franti\u0161ek K\u00f3\u0161a, strelec v\u00ed\u0165azn\u00e9ho g\u00f3lu \u017diliny: \u201eJe to ve\u013emi pr\u00edjemn\u00e9, ke\u010f hne\u010f po prvom dotyku po zranen\u00ed d\u00e1m za \u00e1\u010dko g\u00f3l. Samozrejme, \u017ee som dal u\u017e g\u00f3l za b\u00e9\u010dko, ale to je predsa len in\u00e1 s\u00fa\u0165a\u017e. Pote\u0161ilo ma to ve\u013emi.\u201c<\/p>\n<p>Skalica odsko\u010dila od zostupov\u00fdch v\u00f4d<\/p>\n<p>Skali\u010dania z\u00edskali d\u00f4le\u017eit\u00e9 tri body v\u00a0boji o\u00a0z\u00e1chranu, v\u010faka ktor\u00fdm sa v\u00a0tabu\u013eke posunuli na deviate miesto a pred posledn\u00fdm Pre\u0161ovom maj\u00fa dve kol\u00e1 pred koncom sez\u00f3ny p\u00e4\u0165bodov\u00fd n\u00e1skok. Ko\u0161ice po ne\u00faspechu vo fin\u00e1le Slovensk\u00e9ho poh\u00e1ra zav\u00e1hali aj v\u00a0lige, no zost\u00e1vaj\u00fa na siedmej prie\u010dke.<\/p>\n<p>Prv\u00fa \u0161ancu duelu mali Ko\u0161i\u010dania, no Miljani\u010d nesk\u00f3roval zo samostatn\u00e9ho \u00faniku na Junasa. N\u00e1sledne prebrali iniciat\u00edvu dom\u00e1ci, ktor\u00ed i\u0161li do vedenia v\u00a029.\u00a0min\u00fate, ke\u010f sa no\u017eni\u010dkami v\u00a0\u0161estn\u00e1stke prezentoval \u0160uver. Aj \u00favod druh\u00e9ho pol\u010dasu vy\u0161iel lep\u0161ie Ko\u0161iciam, ale zakon\u010denia Sovi\u010da a Kakaya v\u00a0sieti neskon\u010dili.<\/p>\n<p>Naopak, op\u00e4\u0165 udrela Skalica, ke\u010f Kakay stratil loptu pred vlastn\u00fdm pokutov\u00fdm \u00fazem\u00edm a jeho chybu potrestal Daniel. Host\u00ed vr\u00e1til do z\u00e1pasu \u010cerepkai, ktor\u00fd si nabehol za obranu Z\u00e1hor\u00e1kov a zn\u00ed\u017eil na 1:2. V\u00a0nadstavenom \u010dase druh\u00e9ho dejstva v\u0161ak e\u0161te Skalica pridala definit\u00edvu, ke\u010f striedaj\u00faci \u0160imko dorazil loptu za Dabrowsk\u00e9ho chrb\u00e1t.<\/p>\n<p>Nik\u00e9 liga\u00a0\u2013 8.\u00a0kolo nadstavbovej \u010dasti<br \/>skupina o\u00a0udr\u017eanie sa:<br \/>MFK Skalica\u00a0\u2013 FC Ko\u0161ice 3:1 (1:0)<br \/>G\u00f3ly: 29.\u00a0\u0160uver, 66.\u00a0Daniel, 90+4.\u00a0\u0160imko\u00a0\u2013 68.\u00a0\u010cerepkai. Rozhodovali: Marhefka\u00a0\u2013 Hrmo, Kuba, \u017dK: Daniel (Skalica), 1650\u00a0div\u00e1kov.<br \/>Skalica: Junas\u00a0\u2013 Su\u013ea, Ujlaky, \u0160uver, Morong\u00a0\u2013 Nagy (76.\u00a0M\u00e1\u0161ik)\u00a0\u2013 Daniel (90+1.\u00a0\u0160imko), Bari\u0161, Pudhorock\u00fd (76.\u00a0\u010cernek), Abdullahi\u00a0\u2013 Poto\u010dn\u00fd (59.\u00a0Onyedika)<br \/>Ko\u0161ice: Dabrowski\u00a0\u2013 Kakay, Magda, \u010eurko\u00a0\u2013 Kovacs (46.\u00a0Madle\u0148\u00e1k), Lich\u00fd (69.\u00a0Metu), Dimun, Luka\u010devi\u010d\u00a0\u2013 Miljani\u010d (83.\u00a0Gallovi\u010d)\u00a0\u2013 Rehu\u0161 (46.\u00a0\u010cerepkai), Pol\u010da (46.\u00a0Sovi\u010d)<\/p>\n","protected":false},"excerpt":{"rendered":"Futbalisti Skalice urobili d\u00f4le\u017eit\u00fd krok k z\u00e1chrane v najvy\u0161\u0161ej s\u00fa\u0165a\u017ei. V dohr\u00e1vke 8. kola nadstavby skupiny o udr\u017eanie&hellip;\n","protected":false},"author":2,"featured_media":62353,"comment_status":"","ping_status":"","sticky":false,"template":"","format":"standard","meta":{"footnotes":"","_share_on_mastodon":"0"},"categories":[32],"tags":[3825,34,37,1738,33,153,24447,43,40,39,42,41,36,24446,38,35,24448],"class_list":["post-62352","post","type-post","status-publish","format-standard","has-post-thumbnail","category-spravy","tag-aktualizujeme","tag-headlines","tag-hlavne-spravy","tag-msk-zilina","tag-news","tag-nike-liga","tag-sekund","tag-sk","tag-slovak","tag-slovakia","tag-slovencina","tag-slovensko","tag-spravy","tag-stacilo","tag-titulky","tag-top-stories","tag-vyhre"],"share_on_mastodon":{"url":"https:\/\/pubeurope.com\/@sk\/116524229924359870","error":""},"_links":{"self":[{"href":"https:\/\/www.europesays.com\/sk\/wp-json\/wp\/v2\/posts\/62352","targetHints":{"allow":["GET"]}}],"collection":[{"href":"https:\/\/www.europesays.com\/sk\/wp-json\/wp\/v2\/posts"}],"about":[{"href":"https:\/\/www.europesays.com\/sk\/wp-json\/wp\/v2\/types\/post"}],"author":[{"embeddable":true,"href":"https:\/\/www.europesays.com\/sk\/wp-json\/wp\/v2\/users\/2"}],"replies":[{"embeddable":true,"href":"https:\/\/www.europesays.com\/sk\/wp-json\/wp\/v2\/comments?post=62352"}],"version-history":[{"count":0,"href":"https:\/\/www.europesays.com\/sk\/wp-json\/wp\/v2\/posts\/62352\/revisions"}],"wp:featuredmedia":[{"embeddable":true,"href":"https:\/\/www.europesays.com\/sk\/wp-json\/wp\/v2\/media\/62353"}],"wp:attachment":[{"href":"https:\/\/www.europesays.com\/sk\/wp-json\/wp\/v2\/media?parent=62352"}],"wp:term":[{"taxonomy":"category","embeddable":true,"href":"https:\/\/www.europesays.com\/sk\/wp-json\/wp\/v2\/categories?post=62352"},{"taxonomy":"post_tag","embeddable":true,"href":"https:\/\/www.europesays.com\/sk\/wp-json\/wp\/v2\/tags?post=62352"}],"curies":[{"name":"wp","href":"https:\/\/api.w.org\/{rel}","templated":true}]}}