{"id":63526,"date":"2026-05-07T08:30:07","date_gmt":"2026-05-07T08:30:07","guid":{"rendered":"https:\/\/www.europesays.com\/sk\/63526\/"},"modified":"2026-05-07T08:30:07","modified_gmt":"2026-05-07T08:30:07","slug":"isiel-som-do-sprchy-a-desat-minut-som-plakal","status":"publish","type":"post","link":"https:\/\/www.europesays.com\/sk\/63526\/","title":{"rendered":"I\u0161iel som do sprchy a desa\u0165 min\u00fat som plakal"},"content":{"rendered":"<p>\t<a href=\"https:\/\/sportky.zoznam.sk\/g\/479793\/kosili-ho-zranenia-rozhodol-sa-skoncit-isiel-som-do-sprchy-a-desat-minut-som-plakal?image=1147651\" title=\"Zranen\u00fd Niklas S\u00fcle pri odchode z tr\u00e1vnika\" rel=\"nofollow noopener\" target=\"_blank\">\t\t\t<img decoding=\"async\" loading=\"lazy\" src=\"https:\/\/www.europesays.com\/sk\/wp-content\/uploads\/2026\/05\/borussia-dortmund-niklas-sule-1147651.jpg\"  alt=\"Zranen\u00fd Niklas S\u00fcle pri odchode z tr\u00e1vnika\"\/><\/a>Zranen\u00fd Niklas S\u00fcle pri odchode z tr\u00e1vnika\t\t\t Zdroj: SITA\/Bernd Thissen\/dpa via AP\t\t\t\t<\/p>\n<p>\t\t\t<a class=\"box-article-author-image\"><br \/>\n\t\t\t\t<img decoding=\"async\" src=\"https:\/\/sportky.zoznam.sk\/static\/2019_default\/img\/author.svg\"\/><br \/>\n\t\t\t<\/a><\/p>\n<p class=\"perex\">DORTMUND &#8211; Nemeck\u00fd futbalista Niklas S\u00fcle sa na konci sez\u00f3ny rozl\u00fa\u010di s hr\u00e1\u010dskou kari\u00e9rou. \t<\/p>\n<p>Jeho Borussia Dortmund to vo \u0161tvrtok ozn\u00e1mila na ofici\u00e1lnej str\u00e1nke.\u00a0Tridsa\u0165ro\u010dn\u00e9mu obrancovi v j\u00fani vypr\u0161\u00ed zmluva a \u010fal\u0161iu u\u017e nikde nepodp\u00ed\u0161e. Posledn\u00e9 sez\u00f3ny ho toti\u017e tr\u00e1pili viacer\u00e9 zranenia a pod\u013ea vlastn\u00fdch slov rozm\u00fd\u0161\u013eal o skon\u010den\u00ed kari\u00e9ry u\u017e nejak\u00fd \u010das.<\/p>\n<p>&#13;<br \/>\n&#13;<\/p>\n<p>Definit\u00edvne sa rozhodol po apr\u00edlovom bundesligovom dueli v Hoffenheime, v ktorom utrpel zranenie kolena. Spo\u010diatku to vyzeralo na predn\u00fd skr\u00ed\u017een\u00fd v\u00e4z.<\/p>\n<p>&#13;<br \/>\n&#13;<\/p>\n<p>&#8222;I\u0161iel som do sprchy a desa\u0165 min\u00fat som plakal. V tej chv\u00edli som si naozaj pomyslel, \u017ee je to natrhnut\u00e9. Ke\u010f som na druh\u00fd de\u0148 i\u0161iel na magnetick\u00fa rezonanciu a dostal som dobr\u00fa spr\u00e1vu, bolo mi na tis\u00edc percent jasn\u00e9, \u017ee je koniec. <\/p>\n<p>&#13;<br \/>\n&#13;<\/p>\n<p>Nevedel som si predstavi\u0165 ni\u010d hor\u0161ie, ako sa te\u0161i\u0165 na \u017eivot \u2013 by\u0165 samostatn\u00fd, chodi\u0165 na dovolenky, tr\u00e1vi\u0165 \u010das s de\u0165mi \u2013 a potom sa musie\u0165 zmieri\u0165 s tret\u00edm natrhnut\u00edm skr\u00ed\u017een\u00e9ho v\u00e4zu,&#8220;\u00a0od\u00f4vodnil svoje rozhodnutie S\u00fcle.<\/p>\n<p>&#13;<br \/>\n&#13;<\/p>\n<p>Borussia u\u017e sk\u00f4r ozn\u00e1mila, \u017ee s b\u00fdval\u00fdm reprezentantom spolupr\u00e1cu nepred\u013a\u017ei. S\u00fcle pri\u0161iel do Dortmundu v roku 2022 z Bayernu Mn\u00edchov.<\/p>\n<p>&#13;<br \/>\n&#13;<\/p>\n<p>S Bavormi z\u00edskal p\u00e4\u0165 majstrovsk\u00fdch titulov, dva Nemeck\u00e9 poh\u00e1re a v sez\u00f3ne 2019\/2020 s nimi triumfoval v Lige majstrov. Za n\u00e1rodn\u00fd t\u00edm odohral 49 z\u00e1pasov v rokoch 2016 a\u017e 2023.<\/p>\n<p>&#13;<\/p>\n<p>\t\t\tAutor: \u00a9 Zoznam\/\t\t\tZdroj: TASR\t<\/p>\n","protected":false},"excerpt":{"rendered":"Zranen\u00fd Niklas S\u00fcle pri odchode z tr\u00e1vnika Zdroj: SITA\/Bernd Thissen\/dpa via AP DORTMUND &#8211; Nemeck\u00fd futbalista Niklas S\u00fcle&hellip;\n","protected":false},"author":2,"featured_media":63527,"comment_status":"","ping_status":"","sticky":false,"template":"","format":"standard","meta":{"footnotes":"","_share_on_mastodon":"0"},"categories":[13],"tags":[10990,3158,4240,24819,43,40,39,42,41,69,68],"class_list":["post-63526","post","type-post","status-publish","format-standard","has-post-thumbnail","category-sport","tag-bayern-mnichov","tag-borussia-dortmund","tag-bundesliga","tag-niklas-sule","tag-sk","tag-slovak","tag-slovakia","tag-slovencina","tag-slovensko","tag-sport","tag-sports"],"share_on_mastodon":{"url":"https:\/\/pubeurope.com\/@sk\/116532361656326815","error":""},"_links":{"self":[{"href":"https:\/\/www.europesays.com\/sk\/wp-json\/wp\/v2\/posts\/63526","targetHints":{"allow":["GET"]}}],"collection":[{"href":"https:\/\/www.europesays.com\/sk\/wp-json\/wp\/v2\/posts"}],"about":[{"href":"https:\/\/www.europesays.com\/sk\/wp-json\/wp\/v2\/types\/post"}],"author":[{"embeddable":true,"href":"https:\/\/www.europesays.com\/sk\/wp-json\/wp\/v2\/users\/2"}],"replies":[{"embeddable":true,"href":"https:\/\/www.europesays.com\/sk\/wp-json\/wp\/v2\/comments?post=63526"}],"version-history":[{"count":0,"href":"https:\/\/www.europesays.com\/sk\/wp-json\/wp\/v2\/posts\/63526\/revisions"}],"wp:featuredmedia":[{"embeddable":true,"href":"https:\/\/www.europesays.com\/sk\/wp-json\/wp\/v2\/media\/63527"}],"wp:attachment":[{"href":"https:\/\/www.europesays.com\/sk\/wp-json\/wp\/v2\/media?parent=63526"}],"wp:term":[{"taxonomy":"category","embeddable":true,"href":"https:\/\/www.europesays.com\/sk\/wp-json\/wp\/v2\/categories?post=63526"},{"taxonomy":"post_tag","embeddable":true,"href":"https:\/\/www.europesays.com\/sk\/wp-json\/wp\/v2\/tags?post=63526"}],"curies":[{"name":"wp","href":"https:\/\/api.w.org\/{rel}","templated":true}]}}