{"id":63587,"date":"2026-05-07T09:33:09","date_gmt":"2026-05-07T09:33:09","guid":{"rendered":"https:\/\/www.europesays.com\/sk\/63587\/"},"modified":"2026-05-07T09:33:09","modified_gmt":"2026-05-07T09:33:09","slug":"vyborne-spravy-pre-fanusikov-slovan-bratislava-by-sa-mal-stat-historicky-prvym-slovenskym-klubom-v-prestiznej-sutazi-basketbal","status":"publish","type":"post","link":"https:\/\/www.europesays.com\/sk\/63587\/","title":{"rendered":"V\u00fdborn\u00e9 spr\u00e1vy pre fan\u00fa\u0161ikov. Slovan Bratislava by sa mal sta\u0165 historicky prv\u00fdm slovensk\u00fdm klubom v prest\u00ed\u017enej s\u00fa\u0165a\u017ei &#8211; Basketbal"},"content":{"rendered":"<p itemprop=\"description\">Spr\u00e1vy z febru\u00e1ra naberaj\u00fa re\u00e1lne kont\u00fary. Existuje mo\u017enos\u0165, \u017ee prest\u00ed\u017ena ABA liga zn\u00e1ma aj ako Jadransk\u00e1 liga zav\u00edta na Slovensko.<\/p>\n<p>\t\t\t\t<img decoding=\"async\" class=\"article-detail-image\" src=\"https:\/\/www.europesays.com\/sk\/wp-content\/uploads\/2026\/05\/sbl-slovan-bc-nestandard1.jpg\" alt=\"SBL Slovan BC\"\/><br \/>\n\t\t\t\t\t\t\t\t\tFoto: sbl.slovakbasket.sk<\/p>\n<p>                        Basketbalisti BC Slovan Bratislava sa te\u0161ia na nov\u00fa sez\u00f3nu.<\/p>\n<p>Srbsk\u00fd port\u00e1l Mozzart Sport priniesol rozhovor s\u00a0prezidentom ABA ligy Milijom Vojinovi\u010dom, ktor\u00fd potvrdil, \u017ee s\u00fa\u0165a\u017e bude ma\u0165 od novej sez\u00f3ny 20\u00a0t\u00edmov. Doteraz v\u00a0nej \u0161tartovalo 18\u00a0mu\u017estiev, pribudn\u00fa dvaja nov\u00e1\u010dikovia.<\/p>\n<p>Jedn\u00fdm z\u00a0nich by mal by\u0165 bratislavsk\u00fd Slovan, ktor\u00fd by sa tak stal historicky prv\u00fdm slovensk\u00fdm klubom v\u00a0tejto s\u00fa\u0165a\u017ei.<\/p>\n<p>&#8222;Z\u00e1ujem o\u00a0\u00fa\u010das\u0165 v\u00a0ABA lige je ve\u013ek\u00fd z\u00a0viacer\u00fdch str\u00e1n, \u010do je d\u00f4kazom v\u00fdznamu a kvality tejto s\u00fa\u0165a\u017ee. U\u017e teraz je ist\u00e9, \u017ee liga sa roz\u0161\u00edri na 20\u00a0klubov, preto\u017ee sme v\u00a0z\u00e1vere\u010dn\u00fdch rokovaniach o\u00a0udelen\u00ed vo\u013enej karty pre Slovan Bratislava.<\/p>\n<p>Ide o\u00a0mimoriadne zauj\u00edmav\u00fd a ambici\u00f3zny projekt, finan\u010dne stabiln\u00fd a v\u00a0biznisovom smere ve\u013emi profesion\u00e1lne riaden\u00fd,&#8220; uviedol Milija Vojinovi\u010d.<\/p>\n<p>\t<a class=\"promo-clanok\" href=\"https:\/\/sportweb.pravda.sk\/basketbal\/clanok\/805797-levice-zvladli-aj-stvrte-semifinale-a-postupili-cez-prievidzu\/\" rel=\"nofollow noopener\" target=\"_blank\"> \t\t\t\t\t<img decoding=\"async\" src=\"https:\/\/www.europesays.com\/sk\/wp-content\/uploads\/2026\/05\/basketbal-patrioti-levice-stvorec.jpg\" class=\"promo-clanok-image\" alt=\"basketbal, Patrioti Levice\"\/> \t\t\t \t\t\t\t \t\t\t\t\t\t\t\t\t\t\t\u010c\u00edtajte viac \t\t\t\t\t\t\t\t\t \t\t\t\t \t\t\t\t\tLevice zvl\u00e1dli aj \u0161tvrt\u00e9 semifin\u00e1le a post\u00fapili cez Prievidzu \t\t\t\t \t\t\t \t\t\t<\/a><\/p>\n<p>O\u00a0dvadsiatom \u00fa\u010dastn\u00edkovi ligy sa rozhodne nesk\u00f4r.<\/p>\n<p>\u201eZost\u00e1va e\u0161te jedno vo\u013en\u00e9 miesto, z\u00e1ujemcov je nieko\u013eko a kone\u010dn\u00e9 rozhodnutie, ako doteraz, bude na \u010dlensk\u00fdch kluboch\u00a0\u2013 spoluvlastn\u00edkoch ligy v\u00a0r\u00e1mci Valn\u00e9ho zhroma\u017edenia,\u201c pokra\u010doval \u0161\u00e9f s\u00fa\u0165a\u017ee.<\/p>\n<p>ABA liga mala v\u00a0tejto sez\u00f3ne dvoch nov\u00e1\u010dikov\u00a0\u2013 Klu\u017e a Viede\u0148.<\/p>\n<p>&#8222;Ich vstupom do ABA ligy sme dosiahli viacer\u00e9 v\u00fdhody, predov\u0161etk\u00fdm otvorenie nov\u00fdch trhov. Oba kluby z\u00e1rove\u0148 naplnili o\u010dak\u00e1vania. Klu\u017e sa prebojoval do play off a je pr\u00edjemn\u00fdm osvie\u017een\u00edm. T\u00edm, ktor\u00fd zostavili, spolu s\u00a0atmosf\u00e9rou v\u00a0meste, ktor\u00e9 \u017eije basketbalom, priniesli do s\u00fa\u0165a\u017ee \u010fal\u0161iu kvalitu.<\/p>\n<p>Viede\u0148 dok\u00e1zala udr\u017ea\u0165 prvoligov\u00fd status, \u010do je na ich pomery a s\u00a0oh\u013eadom na ch\u00fdbaj\u00face sk\u00fasenosti na tejto \u00farovni ve\u013ek\u00fd \u00faspech. Sved\u010d\u00ed to o\u00a0ich ve\u013ekom nasaden\u00ed a za to im gratulujem,&#8220; dodal Milija Vojinovi\u010d.<\/p>\n<p>\t<a class=\"promo-clanok\" href=\"https:\/\/sportweb.pravda.sk\/basketbal\/clanok\/805631-slobodan-jankovic-tragedia-basketbal-pribeh-invalidny-vozik\/\" rel=\"nofollow noopener\" target=\"_blank\"> \t\t\t\t\t<img decoding=\"async\" src=\"https:\/\/www.europesays.com\/sk\/wp-content\/uploads\/2026\/05\/slobodan-jankovic-stvorec.jpg\" class=\"promo-clanok-image\" alt=\"Slobodan Jankovi\u010d\"\/> \t\t\t \t\t\t\t \t\t\t\t\t\t\t\t\t\t\t\u010c\u00edtajte viac \t\t\t\t\t\t\t\t\t \t\t\t\t \t\t\t\t\tNajtragickej\u0161\u00ed moment v hist\u00f3rii \u0161portu? Jeden v\u00fdbuch em\u00f3ci\u00ed mal za n\u00e1sledok do\u017eivotn\u00e9 utrpenie \t\t\t\t \t\t\t \t\t\t<\/a><\/p>\n<p>Zoznam \u00fa\u010dastn\u00edkov ABA ligy v\u00a0sez\u00f3ne 2025\/2026<\/p>\n<p>Srbsko: Borac \u010ca\u010dak, Crvena Zvezda Belehrad, Partizan Belehrad, KK Mega Basket Belehrad, Spartak Subotica, KK FMP Belehrad<\/p>\n<p>Slovinsko: KK Krka, Cedevita Olimpija \u013dub\u013eana, KK Ilirija \u013dub\u013eana<\/p>\n<p>\u010cierna Hora: SC Derby Podgorica, Buducnost Podgorica<\/p>\n<p>Chorv\u00e1tsko: KK Split, KK Zadar<\/p>\n<p>Bosna a Hercegovina: KK Bosna, KK Igokea<\/p>\n<p>Rak\u00fasko: BC Viede\u0148<\/p>\n<p>Rumunsko: Napoca Klu\u017e<\/p>\n<p>Spojen\u00e9 arabsk\u00e9 emir\u00e1ty: Dubai<\/p>\n","protected":false},"excerpt":{"rendered":"Spr\u00e1vy z febru\u00e1ra naberaj\u00fa re\u00e1lne kont\u00fary. Existuje mo\u017enos\u0165, \u017ee prest\u00ed\u017ena ABA liga zn\u00e1ma aj ako Jadransk\u00e1 liga zav\u00edta&hellip;\n","protected":false},"author":2,"featured_media":63588,"comment_status":"","ping_status":"","sticky":false,"template":"","format":"standard","meta":{"footnotes":"","_share_on_mastodon":"0"},"categories":[21],"tags":[2302,1704,11686,136,2815,43,40,39,42,41,36,24836],"class_list":["post-63587","post","type-post","status-publish","format-standard","has-post-thumbnail","category-bratislava","tag-aba-liga","tag-basketbal","tag-bc-slovan-bratislava","tag-bratislava","tag-fanusikov","tag-sk","tag-slovak","tag-slovakia","tag-slovencina","tag-slovensko","tag-spravy","tag-vyborne"],"share_on_mastodon":{"url":"https:\/\/pubeurope.com\/@sk\/116532609346519556","error":""},"_links":{"self":[{"href":"https:\/\/www.europesays.com\/sk\/wp-json\/wp\/v2\/posts\/63587","targetHints":{"allow":["GET"]}}],"collection":[{"href":"https:\/\/www.europesays.com\/sk\/wp-json\/wp\/v2\/posts"}],"about":[{"href":"https:\/\/www.europesays.com\/sk\/wp-json\/wp\/v2\/types\/post"}],"author":[{"embeddable":true,"href":"https:\/\/www.europesays.com\/sk\/wp-json\/wp\/v2\/users\/2"}],"replies":[{"embeddable":true,"href":"https:\/\/www.europesays.com\/sk\/wp-json\/wp\/v2\/comments?post=63587"}],"version-history":[{"count":0,"href":"https:\/\/www.europesays.com\/sk\/wp-json\/wp\/v2\/posts\/63587\/revisions"}],"wp:featuredmedia":[{"embeddable":true,"href":"https:\/\/www.europesays.com\/sk\/wp-json\/wp\/v2\/media\/63588"}],"wp:attachment":[{"href":"https:\/\/www.europesays.com\/sk\/wp-json\/wp\/v2\/media?parent=63587"}],"wp:term":[{"taxonomy":"category","embeddable":true,"href":"https:\/\/www.europesays.com\/sk\/wp-json\/wp\/v2\/categories?post=63587"},{"taxonomy":"post_tag","embeddable":true,"href":"https:\/\/www.europesays.com\/sk\/wp-json\/wp\/v2\/tags?post=63587"}],"curies":[{"name":"wp","href":"https:\/\/api.w.org\/{rel}","templated":true}]}}