{"id":63663,"date":"2026-05-07T10:41:09","date_gmt":"2026-05-07T10:41:09","guid":{"rendered":"https:\/\/www.europesays.com\/sk\/63663\/"},"modified":"2026-05-07T10:41:09","modified_gmt":"2026-05-07T10:41:09","slug":"slovanu-chyba-krok-ku-vstupu-do-prestiznej-europskej-ligy","status":"publish","type":"post","link":"https:\/\/www.europesays.com\/sk\/63663\/","title":{"rendered":"Slovanu ch\u00fdba krok ku vst\u00fapu do prest\u00ed\u017enej eur\u00f3pskej ligy"},"content":{"rendered":"<p>\t<a href=\"https:\/\/sportky.zoznam.sk\/g\/479809\/zostava-doladit-posledne-detaily-slovanu-chyba-krok-ku-vstupu-do-prestiznej-europskej-ligy?image=1147673\" title=\"Basketbalisti BC Slovan Bratislava\" rel=\"nofollow noopener\" target=\"_blank\">\t\t\t<img decoding=\"async\" loading=\"lazy\" src=\"https:\/\/www.europesays.com\/sk\/wp-content\/uploads\/2026\/05\/tipos-sbl-bc-slovan-1147673.jpg\"  alt=\"Basketbalisti BC Slovan Bratislava\"\/><\/a>Basketbalisti BC Slovan Bratislava\t\t\t Zdroj: TASR\/Veronika Mihalikov\u00e1\t\t\t\t<\/p>\n<p>\t\t\t<a class=\"box-article-author-image\"><br \/>\n\t\t\t\t<img decoding=\"async\" src=\"https:\/\/sportky.zoznam.sk\/static\/2019_default\/img\/author.svg\"\/><br \/>\n\t\t\t<\/a><\/p>\n<p class=\"perex\">BELEHRAD &#8211; \u0160portov\u00fd riadite\u013e basketbalovej Jadranskej ligy Milija Vojinovi\u010d informoval, \u017ee je vo fin\u00e1lnej f\u00e1ze rokovan\u00ed o vstupu Slovana Bratislava do tejto s\u00fa\u0165a\u017ee.\t<\/p>\n<p>\u00da\u010dastn\u00edk Tipos Slovenskej basketbalovej ligy u\u017e d\u00e1vnej\u0161ie deklaroval z\u00e1ujem by\u0165 jej s\u00fa\u010das\u0165ou. Po splnen\u00ed v\u0161etk\u00fdch technick\u00fdch a finan\u010dn\u00fdch po\u017eiadaviek by sa tak mohlo sta\u0165 od sez\u00f3ny 2026\/2027. Cie\u013eom vedenia ligy je op\u00e4tovn\u00e9 nav\u00fd\u0161enie po\u010dtu \u00fa\u010dastn\u00edkov, tentoraz z 18 na 20 klubov na \u010fal\u0161\u00ed s\u00fa\u0165a\u017en\u00fd ro\u010dn\u00edk. Jedna miestenka bude s najv\u00e4\u010d\u0161ou pravdepodobnos\u0165ou patri\u0165 minuloro\u010dn\u00e9mu finalistovi Tipos SBL.<\/p>\n<p>&#13;<br \/>\n&#13;<\/p>\n<p>&#8222;Z mnoh\u00fdch str\u00e1n je ve\u013ek\u00fd z\u00e1ujem o \u00fa\u010das\u0165 v ABA lige, \u010do je d\u00f4kaz d\u00f4le\u017eitosti a kvality tejto s\u00fa\u0165a\u017ee. \u010cak\u00e1 n\u00e1s roz\u0161\u00edrenie na 20 klubov, sme vo fin\u00e1lnej f\u00e1ze rokovan\u00ed o udelen\u00ed vo\u013enej karty Slovanu Bratislava. Je to extr\u00e9mne zauj\u00edmav\u00fd a ambici\u00f3zny projekt, finan\u010dne stabiln\u00fd a z obchodn\u00e9ho h\u013eadiska mimoriadne profesion\u00e1lne veden\u00fd. Zost\u00e1va jedno vo\u013en\u00e9 miesto, na ktor\u00e9 je viacero kandid\u00e1tov. Posledn\u00e9 slovo a rozhodnutie bude ma\u0165 Zhroma\u017edenie, ke\u010f\u017ee kluby s\u00fa spoluvlastn\u00edkom s\u00fa\u0165a\u017ee,&#8220;\u00a0vyjadril sa Vojinovi\u010d pre port\u00e1l mozzartsport.com.<\/p>\n<p>&#13;<br \/>\n&#13;<\/p>\n<p>Jadransk\u00e1 liga zobrala pred sez\u00f3nou 2025\/2026 na vo\u013en\u00fa\u00a0kartu rak\u00fasku Viede\u0148 a rumunsk\u00fd Klu\u017e, oba kluby by mali ma\u0165 garanciu \u00fa\u010dasti na tri roky. Tak\u00fdto postup by sa mal t\u00fdka\u0165 aj &#8222;belas\u00fdch\u201c. Klub z Pasienkov dlhodobo jav\u00ed z\u00e1ujem o \u00fa\u010das\u0165 v medzin\u00e1rodn\u00fdch projektoch a nadn\u00e1rodn\u00fdch s\u00fa\u0165a\u017eiach. V minulosti bol e\u0161te pod hlavi\u010dkou Interu s\u00fa\u010das\u0165ou Alpsko-jadransk\u00e9ho poh\u00e1ra, Eur\u00f3pskeho poh\u00e1ra FIBA a dva roky hral Severoeur\u00f3psku basketbalov\u00fa ligu.<\/p>\n<p>&#13;<br \/>\n&#13;<\/p>\n<p>Ak by Slovan prijali za \u00fa\u010dastn\u00edka ABA ligy, tak sa stane historicky prv\u00fdm klubom zo Slovenska, ktor\u00fd bude s\u00fa\u010das\u0165ou tejto prest\u00ed\u017enej nadn\u00e1rodnej s\u00fa\u0165a\u017ee. V s\u00fa\u010dasnosti bojuje o postup do fin\u00e1le dom\u00e1cej Tipos SBL, v semifin\u00e1lovej s\u00e9rii s Nitrou vedie 3:1 na z\u00e1pasy.<\/p>\n<p>&#13;<br \/>\n&#13;<\/p>\n<p>&#8222;Te\u0161\u00ed n\u00e1s, \u017ee t\u00e1to s\u00fa\u0165a\u017e je z h\u013eadiska kvality tretia najlep\u0161ia v Eur\u00f3pe a ka\u017edou sez\u00f3nou sa zlep\u0161uje. ABA liga je unik\u00e1tnym basketbalov\u00fdm projektom v r\u00e1mci Eur\u00f3py, ktor\u00e1 pokr\u00fdva v\u0161etky n\u00e1klady na cestovanie, ubytovanie a rozhodcov. Ve\u013ekou z\u00e1rukou do bud\u00facnosti je tie\u017e strategick\u00e1 spolupr\u00e1ca a partnerstvo s Euroligou,&#8220;\u00a0dodal Vojinovi\u010d.<\/p>\n<p>&#13;<\/p>\n<p>\t\t\tAutor: \u00a9 Zoznam\/\t\t\tZdroj: TASR\t<\/p>\n","protected":false},"excerpt":{"rendered":"Basketbalisti BC Slovan Bratislava Zdroj: TASR\/Veronika Mihalikov\u00e1 BELEHRAD &#8211; \u0160portov\u00fd riadite\u013e basketbalovej Jadranskej ligy Milija Vojinovi\u010d informoval, \u017ee&hellip;\n","protected":false},"author":2,"featured_media":63664,"comment_status":"","ping_status":"","sticky":false,"template":"","format":"standard","meta":{"footnotes":"","_share_on_mastodon":"0"},"categories":[32],"tags":[2302,11686,34,37,24858,24859,33,43,40,39,42,41,36,38,35],"class_list":["post-63663","post","type-post","status-publish","format-standard","has-post-thumbnail","category-spravy","tag-aba-liga","tag-bc-slovan-bratislava","tag-headlines","tag-hlavne-spravy","tag-jadranska-liga","tag-milija-vojinovic","tag-news","tag-sk","tag-slovak","tag-slovakia","tag-slovencina","tag-slovensko","tag-spravy","tag-titulky","tag-top-stories"],"share_on_mastodon":{"url":"https:\/\/pubeurope.com\/@sk\/116532876645446916","error":""},"_links":{"self":[{"href":"https:\/\/www.europesays.com\/sk\/wp-json\/wp\/v2\/posts\/63663","targetHints":{"allow":["GET"]}}],"collection":[{"href":"https:\/\/www.europesays.com\/sk\/wp-json\/wp\/v2\/posts"}],"about":[{"href":"https:\/\/www.europesays.com\/sk\/wp-json\/wp\/v2\/types\/post"}],"author":[{"embeddable":true,"href":"https:\/\/www.europesays.com\/sk\/wp-json\/wp\/v2\/users\/2"}],"replies":[{"embeddable":true,"href":"https:\/\/www.europesays.com\/sk\/wp-json\/wp\/v2\/comments?post=63663"}],"version-history":[{"count":0,"href":"https:\/\/www.europesays.com\/sk\/wp-json\/wp\/v2\/posts\/63663\/revisions"}],"wp:featuredmedia":[{"embeddable":true,"href":"https:\/\/www.europesays.com\/sk\/wp-json\/wp\/v2\/media\/63664"}],"wp:attachment":[{"href":"https:\/\/www.europesays.com\/sk\/wp-json\/wp\/v2\/media?parent=63663"}],"wp:term":[{"taxonomy":"category","embeddable":true,"href":"https:\/\/www.europesays.com\/sk\/wp-json\/wp\/v2\/categories?post=63663"},{"taxonomy":"post_tag","embeddable":true,"href":"https:\/\/www.europesays.com\/sk\/wp-json\/wp\/v2\/tags?post=63663"}],"curies":[{"name":"wp","href":"https:\/\/api.w.org\/{rel}","templated":true}]}}