{"id":64132,"date":"2026-05-07T20:23:28","date_gmt":"2026-05-07T20:23:28","guid":{"rendered":"https:\/\/www.europesays.com\/sk\/64132\/"},"modified":"2026-05-07T20:23:28","modified_gmt":"2026-05-07T20:23:28","slug":"cate-blanchett-v-odvaznom-outfite-podprsenku-nechala-doma","status":"publish","type":"post","link":"https:\/\/www.europesays.com\/sk\/64132\/","title":{"rendered":"Cate Blanchett v odv\u00e1\u017enom outfite: Podprsenku nechala doma!"},"content":{"rendered":"<p>LOND\u00ddN &#8211; Ke\u010f sa Cate Blanchett v\u010dera ve\u010der objavila v Lond\u00fdne na podujat\u00ed British Film Institute, okam\u017eite bolo jasn\u00e9, kto je hlavnou hviezdou ve\u010dera. Dvojn\u00e1sobn\u00e1 oscarov\u00e1 here\u010dka nepri\u0161la len tlieska\u0165 v publiku. Mala ve\u013emi d\u00f4le\u017eit\u00fa \u00falohu: osobne odovzda\u0165 prest\u00ed\u017ene ocenenie BFI Fellowship re\u017eis\u00e9rovi Guillermovi del Toro. Len\u017ee \u00faprimne? M\u00e1lokto rie\u0161il samotn\u00fa cenu. V\u0161etky o\u010di toti\u017e smerovali na Cate a jej outfit, ktor\u00fd bol odv\u00e1\u017eny aj na hollywoodske pomery.<\/p>\n<p>Cate Blanchett dorazila v dramatick\u00fdch tmav\u00fdch \u0161at\u00e1ch z jemn\u00e9ho, miestami poloprieh\u013eadn\u00e9ho materi\u00e1lu, pod ktor\u00fdmi bolo viac ne\u017e zjavn\u00e9, \u017ee podprsenku nechala doma. V\u00fdstrih, priesvitn\u00e9 detaily a spl\u00fdvav\u00e1 l\u00e1tka vytv\u00e1rali elegantn\u00fd, no z\u00e1rove\u0148 poriadne provokat\u00edvny efekt. A presne toto je na Cate fascinuj\u00face: k\u00fdm in\u00e9 hviezdy v podobnom veku \u010dasto p\u00f4sobia, akoby sa z\u00fafalo sna\u017eili vyzera\u0165 mlad\u0161ie, ona vyzer\u00e1 sebavedomo, chladne a takmer nedotknute\u013ene.\u00a0<\/p>\n<p>Na \u010dervenom koberci p\u00f4sobila extr\u00e9mne kontrolovane \u2013 minimum \u00fasmevov, ostr\u00fd poh\u013ead, presn\u00e9 p\u00f3zy. Niektor\u00ed fan\u00fa\u0161ikovia ju ozna\u010duj\u00fa za stelesnenie elegancie. In\u00ed tvrdia, \u017ee p\u00f4sob\u00ed a\u017e pr\u00edli\u0161 \u201enedostupne\u201c a chladne. Pravda v\u0161ak je, \u017ee presne t\u00e1to odmeranos\u0165 je s\u00fa\u010das\u0165 jej imid\u017eu. Cate nikdy nebola \u201ediev\u010da\u0165om odved\u013ea\u201c. Je to typ \u017eeny, ktor\u00e1 vst\u00fapi do miestnosti a okam\u017eite d\u00e1 v\u0161etk\u00fdm poc\u00edti\u0165, \u017ee patr\u00ed o level vy\u0161\u0161ie.\u00a0Cate Blanchett toti\u017e nep\u00f4sob\u00ed ako celebrita, ktor\u00e1 pri\u0161la na ve\u010dierok. P\u00f4sob\u00ed ako \u017eena, ktor\u00e1 pri\u0161la ovl\u00e1dnu\u0165 miestnos\u0165 \u2013 a v\u0161etci ostatn\u00ed s\u00fa len komparz.<\/p>\n<p>Here\u010dka bola jednou z hlavn\u00fdch tv\u00e1r\u00ed ve\u010dera, preto\u017ee odovzd\u00e1vala v\u00fdznamn\u00e9 ocenenie BFI Fellowship mexick\u00e9mu re\u017eis\u00e9rovi Guillermovi del Torovi, jedn\u00e9mu z najuzn\u00e1vanej\u0161\u00edch filmov\u00fdch tvorcov s\u00fa\u010dasnosti. Ich profesion\u00e1lne spojenie nie je n\u00e1hodn\u00e9, spolupracovali u\u017e v minulosti a Cate patr\u00ed medzi ve\u013ek\u00e9 podporovate\u013eky autorsk\u00e9ho filmu a festivalovej kinematografie.<\/p>\n<p>\t\tHlasovanie ukon\u010den\u00e9<\/p>\n<p>\t\t\t\t{{ poll.title }}<\/p>\n<p>\t\t\t\t\t<img :alt=\"pollImageDescription()\" :src=\"https:\/\/www.topky.sk\/cl\/100314\/9390131\/poll.img_url\" class=\"box-quiz-new-image-questionnaire\"\/><\/p>\n<p>{{ poll.image_description }} (Zdroj: {{ poll.image_resource }})<\/p>\n<p>\t\t\t\t\t\t\t\t\t\t\t<img :alt=\"questionImageDescription(question)\" :src=\"https:\/\/www.topky.sk\/cl\/100314\/9390131\/question.img_url\" class=\"box-quiz-new-image-top\"\/><\/p>\n<p>Zdroj: {{ question.image_resource }}<\/p>\n<p>\n\t\t\t\t\t\t\t\t\t\t\t{{ question.text }}\n\t\t\t\t\t\t\t\t\t\t<\/p>\n<p>{{ question.text }}<\/p>\n<p>\t\t\t\t\t\t\t\t\t\t\t\t\t\t<img :alt=\"questionImageDescription(question)\" :src=\"https:\/\/www.topky.sk\/cl\/100314\/9390131\/question.img_url\" class=\"box-quiz-new-image-top\"\/><\/p>\n<p>Zdroj: {{ question.image_resource }}<\/p>\n<p>{{ poll.title }}<\/p>\n<p>{{ question.text }}<\/p>\n<p>\t\t\t\t\t\t\t\t\t\t\t\t\t\t<img :alt=\"questionImageDescription(question)\" :src=\"https:\/\/www.topky.sk\/cl\/100314\/9390131\/question.img_url\" class=\"box-quiz-new-image-top\"\/><\/p>\n<p>Zdroj: {{ question.image_resource }}<\/p>\n<p>{{ poll.rating_worst}}<\/p>\n<p>{{ poll.rating_best}}<\/p>\n<p>{{ poll.rating_best}}<\/p>\n<p>{{ poll.rating_worst}}<\/p>\n<p>\t\t\t\t\t\t\t\t\t\t\t\t\t{{ answer.text }}<\/p>\n<p>\t\t\t\t\t\t\t\t\t\t\t\t\t{{ answer.text }}<\/p>\n<p>\t\t\t\t\t{{ poll.title }}<\/p>\n<p v-if=\"poll.contact_form\">{{ poll.thanks }}<\/p>\n<p>{{ question.text }}<\/p>\n<p>\t\t\t\t\t\t\t\t\t<img :alt=\"questionImageDescription(question)\" :src=\"https:\/\/www.topky.sk\/cl\/100314\/9390131\/question.img_url\" class=\"box-quiz-new-image-top\"\/><\/p>\n<p>Zdroj: {{ question.image_resource }}<\/p>\n<p>Priemern\u00e9 hodnotenie: {{ question.rating }}<\/p>\n<p> Va\u0161e hodnotenie: {{ question.user_rating }}<\/p>\n<p>{{ question.text }}<\/p>\n<p>\t\t\t\t\t\t\t\t\t<img :alt=\"questionImageDescription(question)\" :src=\"https:\/\/www.topky.sk\/cl\/100314\/9390131\/question.img_url\" class=\"box-quiz-new-image-top\"\/><\/p>\n<p>Zdroj: {{ question.image_resource }}<\/p>\n<p>{{ poll.rating_worst}}<\/p>\n<p>{{ poll.rating_best}}<\/p>\n<p>{{ poll.rating_best}}<\/p>\n<p>{{ poll.rating_worst}}<\/p>\n<p>Priemern\u00e9 hodnotenie: {{ question.rating }}<\/p>\n<p> Va\u0161e hodnotenie: {{ question.user_rating }}<\/p>\n<p>Hlasovalo: {{questions[0].votes}}<\/p>\n<p>\t\t\t\t\t\t{{ poll.title }}<\/p>\n<p>\t\t\t\t\t\t\t<img :alt=\"pollImageDescription()\" :src=\"https:\/\/www.topky.sk\/cl\/100314\/9390131\/poll.img_url\" class=\"box-quiz-new-image-questionnaire\"\/><\/p>\n<p>{{ poll.image_description }} (Zdroj: {{ poll.image_resource }})<\/p>\n<p>{{ qIndex+1 }}\/{{ questions.length }}<\/p>\n<p>\t\t\t\t\t\t\t\t\t<img :alt=\"questionImageDescription(question)\" :src=\"https:\/\/www.topky.sk\/cl\/100314\/9390131\/question.img_url\" class=\"box-quiz-new-image-top\"\/><br \/>\n\t\t\t\t\t\t\t\t\t<a class=\"box-quiz-new-magnifier\" href=\"#\" title=\"Zv\u00e4\u010d\u0161i\u0165 obr\u00e1zok\">\u00a0<\/a><\/p>\n<p>Zdroj: {{ question.image_resource }}<\/p>\n<p>{{ question.text }}<\/p>\n<p>M\u00f4\u017eete ozna\u010di\u0165 viacero odpoved\u00ed.<\/p>\n<p class=\"profile-name\">{{ profiles[profileEvalueated.index].name }}<\/p>\n<p v-if=\"poll.show_profiles_percentage\">Zhoda: {{ profileEvalueated.weightPercentage }}%<\/p>\n<p>\t\t\t\t\t\t\t\t\t<img :alt=\"profiles[profileEvalueated.index].image_description\" :src=\"https:\/\/www.topky.sk\/cl\/100314\/9390131\/profiles[profileEvalueated.index].img_url\" class=\"box-quiz-new-image-questionnaire\"\/><\/p>\n<p>{{ profiles[profileEvalueated.index].image_description }} (Zdroj: {{ profiles[profileEvalueated.index].image_resource }})<\/p>\n<p><\/p>\n<p>\t\t\t\t\t\t\t\u00d7<br \/>\n\t\t\t\t\t\t\t<img :alt=\"imageModal.imgDescription\" :src=\"https:\/\/www.topky.sk\/cl\/100314\/9390131\/imageModal.imgUrl\" :style=\"isEmbed ? computeModalImageStyle() : ''\"\/><\/p>\n","protected":false},"excerpt":{"rendered":"LOND\u00ddN &#8211; Ke\u010f sa Cate Blanchett v\u010dera ve\u010der objavila v Lond\u00fdne na podujat\u00ed British Film Institute, okam\u017eite bolo&hellip;\n","protected":false},"author":2,"featured_media":64133,"comment_status":"","ping_status":"","sticky":false,"template":"","format":"standard","meta":{"footnotes":"","_share_on_mastodon":"0"},"categories":[15],"tags":[25009,25008,70,25006,25007,25005,43,40,39,42,41,71],"class_list":["post-64132","post","type-post","status-publish","format-standard","has-post-thumbnail","category-zabava","tag-bfi-awards","tag-cate-blanchet","tag-entertainment","tag-guillermo-del-toro","tag-odovzdavanie-cien","tag-priesvitne-saty","tag-sk","tag-slovak","tag-slovakia","tag-slovencina","tag-slovensko","tag-zabava"],"share_on_mastodon":{"url":"https:\/\/pubeurope.com\/@sk\/116535165122306726","error":""},"_links":{"self":[{"href":"https:\/\/www.europesays.com\/sk\/wp-json\/wp\/v2\/posts\/64132","targetHints":{"allow":["GET"]}}],"collection":[{"href":"https:\/\/www.europesays.com\/sk\/wp-json\/wp\/v2\/posts"}],"about":[{"href":"https:\/\/www.europesays.com\/sk\/wp-json\/wp\/v2\/types\/post"}],"author":[{"embeddable":true,"href":"https:\/\/www.europesays.com\/sk\/wp-json\/wp\/v2\/users\/2"}],"replies":[{"embeddable":true,"href":"https:\/\/www.europesays.com\/sk\/wp-json\/wp\/v2\/comments?post=64132"}],"version-history":[{"count":0,"href":"https:\/\/www.europesays.com\/sk\/wp-json\/wp\/v2\/posts\/64132\/revisions"}],"wp:featuredmedia":[{"embeddable":true,"href":"https:\/\/www.europesays.com\/sk\/wp-json\/wp\/v2\/media\/64133"}],"wp:attachment":[{"href":"https:\/\/www.europesays.com\/sk\/wp-json\/wp\/v2\/media?parent=64132"}],"wp:term":[{"taxonomy":"category","embeddable":true,"href":"https:\/\/www.europesays.com\/sk\/wp-json\/wp\/v2\/categories?post=64132"},{"taxonomy":"post_tag","embeddable":true,"href":"https:\/\/www.europesays.com\/sk\/wp-json\/wp\/v2\/tags?post=64132"}],"curies":[{"name":"wp","href":"https:\/\/api.w.org\/{rel}","templated":true}]}}