{"id":66265,"date":"2026-05-10T15:53:14","date_gmt":"2026-05-10T15:53:14","guid":{"rendered":"https:\/\/www.europesays.com\/sk\/66265\/"},"modified":"2026-05-10T15:53:14","modified_gmt":"2026-05-10T15:53:14","slug":"video-prezil-knockdowny-a-ubil-supera-v-divokom-titulaku-daniel-dubois-a-fabio-wardley-sa-postarali-o-skvely-zapas-mma-fanatik","status":"publish","type":"post","link":"https:\/\/www.europesays.com\/sk\/66265\/","title":{"rendered":"VIDEO: Pre\u017eil knockdowny a ubil s\u00fapera v divokom titul\u00e1ku! Daniel Dubois a Fabio Wardley sa postarali o skvel\u00fd z\u00e1pas &#8211; MMA Fanatik"},"content":{"rendered":"<p>\u0164a\u017ek\u00e1 v\u00e1ha v boxe poskytla v posledn\u00fdch mesiacoch fan\u00fa\u0161ikom zauj\u00edmav\u00fa porciu akcie. No Daniel Dubois a Fabio Wardley po\u010das tohto v\u00edkendu mo\u017eno predviedli najlep\u0161\u00ed z\u00e1pas \u0165a\u017ekej v\u00e1hy za posledn\u00fd \u010das, ke\u010f svoj\u00edm divok\u00fdm a\u00a0ak\u010dn\u00fdm duelom v\u00a0Manchesteri zabavili fan\u00fa\u0161ikov po celom svete.<\/p>\n<p>Za\u010dalo to zostra hne\u010f od \u00favodu, ke\u010f Wardley poslal Duboisa k zemi obrovsk\u00fdm prav\u00fdm h\u00e1kom u\u017e po desiatich sekund\u00e1ch. Dubois sa v\u0161ak nenechal odradi\u0165, otriasol sa a pokra\u010doval. V tre\u0165om kole Wardley op\u00e4\u0165 trafil vyz\u00fdvate\u013ea nieko\u013ek\u00fdmi \u010dist\u00fdmi \u00fadermi, Dubois i\u0161iel do kolien a nasledovalo \u010fal\u0161ie po\u010d\u00edtanie.<\/p>\n<p>Len\u017ee pr\u00e1ve vo chv\u00edli, ke\u010f to vyzeralo, \u017ee Wardley si d\u00f4jde po pohodln\u00e9 v\u00ed\u0165azstvo, Dubois prepol na in\u00fd level a prebral kontrolu. Od \u0161tvrt\u00e9ho kola to bol on, kto bol v z\u00e1pase lep\u0161\u00ed a zasyp\u00e1val svojho s\u00fapera viacer\u00fdmi tvrd\u00fdmi \u00fadermi. Wardley toho vydr\u017eal neskuto\u010dne ve\u013ea a ne\u0161iel k zemi, no na jeho tv\u00e1ri bol u\u017e vidite\u013en\u00fd ve\u013ek\u00fd damage a ke\u010f pri\u0161li \u010fal\u0161ie tvrd\u00e9 \u00fadery od Duboisa v 11. kole, rozhodca z\u00e1pas spr\u00e1vne zastavil na TKO.<\/p>\n<p>Dubois tak z\u00edskal titul WBO v \u0165a\u017ekej v\u00e1he a u\u0161tedril Wardleymu jeho prv\u00fa profesion\u00e1lnu prehru. Kr\u00e1tko po z\u00e1pase Frank Warren prezradil, \u017ee v zmluve bola zakotven\u00e1 klauzula o odvete, \u010do znamen\u00e1, \u017ee t\u00fdchto dvoch boxerov proti sebe pravdepodobne uvid\u00edme znovu u\u017e nabud\u00face.<\/p>\n<p>BOX: Wardley vs Dubois (highlighty)<\/p>\n<p lang=\"en\" dir=\"ltr\">This is heavyweight boxing at its finest \ud83d\udc4f\ud83d\udc4f <a href=\"https:\/\/twitter.com\/hashtag\/WardleyDubois?src=hash&amp;ref_src=twsrc%5Etfw\" rel=\"nofollow noopener\" target=\"_blank\">#WardleyDubois<\/a> <a href=\"https:\/\/t.co\/dQn1ePUJMh\" rel=\"nofollow\">pic.twitter.com\/dQn1ePUJMh<\/a><\/p>\n<p>\u2014 Boxing Fightzone (@BFightzone) <a href=\"https:\/\/twitter.com\/BFightzone\/status\/2053245649856938408?ref_src=twsrc%5Etfw\" rel=\"nofollow noopener\" target=\"_blank\">May 9, 2026<\/a><\/p>\n<p>\t\t\t\t<script async src=\"https:\/\/platform.twitter.com\/widgets.js\" charset=\"utf-8\"><\/script><\/p>\n","protected":false},"excerpt":{"rendered":"\u0164a\u017ek\u00e1 v\u00e1ha v boxe poskytla v posledn\u00fdch mesiacoch fan\u00fa\u0161ikom zauj\u00edmav\u00fa porciu akcie. No Daniel Dubois a Fabio Wardley&hellip;\n","protected":false},"author":2,"featured_media":66266,"comment_status":"","ping_status":"","sticky":false,"template":"","format":"standard","meta":{"footnotes":"","_share_on_mastodon":"0"},"categories":[13],"tags":[25520,25641,43,40,39,42,41,69,68],"class_list":["post-66265","post","type-post","status-publish","format-standard","has-post-thumbnail","category-sport","tag-daniel-dubois","tag-fabio-wardley","tag-sk","tag-slovak","tag-slovakia","tag-slovencina","tag-slovensko","tag-sport","tag-sports"],"share_on_mastodon":{"url":"https:\/\/pubeurope.com\/@sk\/116551090323376460","error":""},"_links":{"self":[{"href":"https:\/\/www.europesays.com\/sk\/wp-json\/wp\/v2\/posts\/66265","targetHints":{"allow":["GET"]}}],"collection":[{"href":"https:\/\/www.europesays.com\/sk\/wp-json\/wp\/v2\/posts"}],"about":[{"href":"https:\/\/www.europesays.com\/sk\/wp-json\/wp\/v2\/types\/post"}],"author":[{"embeddable":true,"href":"https:\/\/www.europesays.com\/sk\/wp-json\/wp\/v2\/users\/2"}],"replies":[{"embeddable":true,"href":"https:\/\/www.europesays.com\/sk\/wp-json\/wp\/v2\/comments?post=66265"}],"version-history":[{"count":0,"href":"https:\/\/www.europesays.com\/sk\/wp-json\/wp\/v2\/posts\/66265\/revisions"}],"wp:featuredmedia":[{"embeddable":true,"href":"https:\/\/www.europesays.com\/sk\/wp-json\/wp\/v2\/media\/66266"}],"wp:attachment":[{"href":"https:\/\/www.europesays.com\/sk\/wp-json\/wp\/v2\/media?parent=66265"}],"wp:term":[{"taxonomy":"category","embeddable":true,"href":"https:\/\/www.europesays.com\/sk\/wp-json\/wp\/v2\/categories?post=66265"},{"taxonomy":"post_tag","embeddable":true,"href":"https:\/\/www.europesays.com\/sk\/wp-json\/wp\/v2\/tags?post=66265"}],"curies":[{"name":"wp","href":"https:\/\/api.w.org\/{rel}","templated":true}]}}