{"id":67496,"date":"2026-05-12T01:42:18","date_gmt":"2026-05-12T01:42:18","guid":{"rendered":"https:\/\/www.europesays.com\/sk\/67496\/"},"modified":"2026-05-12T01:42:18","modified_gmt":"2026-05-12T01:42:18","slug":"na-trnavskej-ceste-v-bratislave-sa-prevratilo-auto","status":"publish","type":"post","link":"https:\/\/www.europesays.com\/sk\/67496\/","title":{"rendered":"Na Trnavskej ceste v Bratislave sa prevr\u00e1tilo auto"},"content":{"rendered":"<p>Bratislava 11. m\u00e1ja (TASR) &#8211; Policajti vy\u0161etruj\u00fa dopravn\u00fa nehodu, ku ktorej do\u0161lo v pondelok r\u00e1no na bratislavskej Trnavskej ceste. \u00dasek je u\u017e prejazdn\u00fd. K \u00fapln\u00e9mu sprejazdneniu do\u0161lo kr\u00e1tko po 10.00 h. TASR o tom informoval hovorca Krajsk\u00e9ho riadite\u013estva Policajn\u00e9ho zboru v Bratislave Michal Szeiff.<br \/>&#13;<br \/>\n\u201ePod\u013ea doteraj\u0161\u00edch inform\u00e1ci\u00ed z doposia\u013e presne nezisten\u00fdch pr\u00ed\u010din do\u0161lo po\u010das jazdy vozidla v smere von z mesta na \u00farovni \u0161portovej haly k jeho z\u00eddeniu mimo vozovky na tr\u00e1vnat\u00fd porast, kde vozidlo narazilo do st\u013apa verejn\u00e9ho osvetlenia. V d\u00f4sledku n\u00e1razu sa vozidlo prevr\u00e1tilo na bo\u010dn\u00fa stranu a zostalo v pravom jazdnom pruhu. V tom \u010dase sa vo vozidle nach\u00e1dzali dve osoby, ktor\u00e9 zostali zakliesnen\u00e9,\u201c uviedol s t\u00fdm, \u017ee obe osoby previezli do nemocnice a k zraneniu in\u00fdch nedo\u0161lo.<\/p>\n<p>Policajti v \u00faseku usmer\u0148ovali prem\u00e1vku. \u201eK \u00fapln\u00e9mu sprejazdneniu predmetn\u00e9ho \u00faseku do\u0161lo kr\u00e1tko po 10.00 h,\u201c doplnil hovorca. Pol\u00edcia v s\u00fa\u010dasnosti vy\u0161etruje presn\u00e9 pr\u00ed\u010diny a okolnosti nehody. <\/p>\n","protected":false},"excerpt":{"rendered":"Bratislava 11. m\u00e1ja (TASR) &#8211; Policajti vy\u0161etruj\u00fa dopravn\u00fa nehodu, ku ktorej do\u0161lo v pondelok r\u00e1no na bratislavskej Trnavskej&hellip;\n","protected":false},"author":2,"featured_media":4019,"comment_status":"","ping_status":"","sticky":false,"template":"","format":"standard","meta":{"footnotes":"","_share_on_mastodon":"0"},"categories":[21],"tags":[136,2193,2517,525,43,40,39,42,41,25969,9295],"class_list":["post-67496","post","type-post","status-publish","format-standard","has-post-thumbnail","category-bratislava","tag-bratislava","tag-cesta","tag-kolony","tag-policia","tag-sk","tag-slovak","tag-slovakia","tag-slovencina","tag-slovensko","tag-trnavska","tag-vozidlo"],"share_on_mastodon":{"url":"https:\/\/pubeurope.com\/@sk\/116559068628474176","error":""},"_links":{"self":[{"href":"https:\/\/www.europesays.com\/sk\/wp-json\/wp\/v2\/posts\/67496","targetHints":{"allow":["GET"]}}],"collection":[{"href":"https:\/\/www.europesays.com\/sk\/wp-json\/wp\/v2\/posts"}],"about":[{"href":"https:\/\/www.europesays.com\/sk\/wp-json\/wp\/v2\/types\/post"}],"author":[{"embeddable":true,"href":"https:\/\/www.europesays.com\/sk\/wp-json\/wp\/v2\/users\/2"}],"replies":[{"embeddable":true,"href":"https:\/\/www.europesays.com\/sk\/wp-json\/wp\/v2\/comments?post=67496"}],"version-history":[{"count":0,"href":"https:\/\/www.europesays.com\/sk\/wp-json\/wp\/v2\/posts\/67496\/revisions"}],"wp:featuredmedia":[{"embeddable":true,"href":"https:\/\/www.europesays.com\/sk\/wp-json\/wp\/v2\/media\/4019"}],"wp:attachment":[{"href":"https:\/\/www.europesays.com\/sk\/wp-json\/wp\/v2\/media?parent=67496"}],"wp:term":[{"taxonomy":"category","embeddable":true,"href":"https:\/\/www.europesays.com\/sk\/wp-json\/wp\/v2\/categories?post=67496"},{"taxonomy":"post_tag","embeddable":true,"href":"https:\/\/www.europesays.com\/sk\/wp-json\/wp\/v2\/tags?post=67496"}],"curies":[{"name":"wp","href":"https:\/\/api.w.org\/{rel}","templated":true}]}}