{"id":69527,"date":"2026-05-14T07:40:07","date_gmt":"2026-05-14T07:40:07","guid":{"rendered":"https:\/\/www.europesays.com\/sk\/69527\/"},"modified":"2026-05-14T07:40:07","modified_gmt":"2026-05-14T07:40:07","slug":"pellegrini-ocenil-ucast-sr-na-vyvoji-obrneneho-automobilu-pre-rumunsku-armadu","status":"publish","type":"post","link":"https:\/\/www.europesays.com\/sk\/69527\/","title":{"rendered":"Pellegrini ocenil \u00fa\u010das\u0165 SR na v\u00fdvoji obrnen\u00e9ho automobilu pre rumunsk\u00fa arm\u00e1du"},"content":{"rendered":"<p>Na sn\u00edmke vozidlo VLAH na V\u00fdstave obrannej a leteckej BSDA techniky v Bukure\u0161ti.\t\t\t\t\t\t(Zdroj: TASR\/Jaroslav Nov\u00e1k)\t\t\t\t\t<\/p>\n<p>BUKURE\u0160\u0164\/BRATISLAVA &#8211; Prezident SR Peter Pellegrini si v stredu na medzin\u00e1rodnej v\u00fdstave Black Sea Defence, Aerospace and Security (BSDA) v rumunskej Bukure\u0161ti pri\u0161iel pozrie\u0165 projekt VLAH (Vehicul de Lupt\u0103 Autonom Hidramat) &#8211; \u013eahk\u00fd obrnen\u00fd taktick\u00fd automobil, ktor\u00fd vyvinula slovensk\u00e1 spolo\u010dnos\u0165 pre rumunsk\u00fa arm\u00e1du.<\/p>\n<p>\t<a href=\"https:\/\/www.topky.sk\/gl\/9570235\/6488217\/Slovensko-ukazalo-silu--Novy-obrnenec-pre-rumunsku-armadu-zaujal-aj-Pellegriniho\" rel=\"nofollow noopener\" target=\"_blank\"><br \/>\n\t\t<img decoding=\"async\" alt=\"Na sn\u00edmke vozidlo VLAH na V\u00fdstave obrannej a leteckej BSDA techniky v Bukure\u0161ti.\" aria-describedby=\"img-res-6488217\" class=\"\" id=\"6488217\" loading=\"lazy\" onerror=\"imgArticleLoadErr(this)\" src=\"https:\/\/www.europesays.com\/sk\/wp-content\/uploads\/2026\/05\/technika-veltrh-VLAH.jpg\" style=\"aspect-ratio:1.500\" title=\"Na sn\u00edmke vozidlo VLAH\"\/>\t\t\t<\/p>\n<p>\n\t\t\t\tZobrazi\u0165 gal\u00e9riu (3)\t\t\t<\/p>\n<p>\t<\/a><\/p>\n<p>Na sn\u00edmke vozidlo VLAH na V\u00fdstave obrannej a leteckej BSDA techniky v Bukure\u0161ti.\t\u00a0(Zdroj: TASR\/Jaroslav Nov\u00e1k)<\/p>\n<p>Prezident vyjadril pote\u0161enie z toho, \u017ee SR prich\u00e1dza v r\u00f4znych oblastiach s projektami, ktor\u00fdch v\u00fdroba sa pres\u00fava do zahrani\u010dia. \u201eTo rob\u00ed zo Slovenska krajinu, ktor\u00e1 m\u00e1 potom konkuren\u010dn\u00fa v\u00fdhodu oproti t\u00fdm krajin\u00e1m, ktor\u00e9 to len vo ve\u013ekom mno\u017estve vyr\u00e1baj\u00fa a potom to iba pon\u00fakaj\u00fa za nejak\u00fa cenu ako predajn\u00fd kus tovaru. Tak\u017ee preto som pri\u0161iel podpori\u0165 tento projekt, lebo je to uk\u00e1\u017ekou toho, \u017ee na Slovensku vieme vymyslie\u0165 veci a vieme ich potom spolu s na\u0161imi zahrani\u010dn\u00fdmi partnermi aj na ich \u00fazem\u00ed vyrobi\u0165,\u201c pribl\u00ed\u017eil prezident.<\/p>\n<p style=\"text-align:center\">arch\u00edvne video<\/p>\n<p>Vyhl\u00e1senie prezidenta Petra Pellegriniho k pet\u00edcii za skr\u00e1tenie volebn\u00e9ho obdobia\t\t(Zdroj: Topky\/J\u00e1n Zemiar)\t<\/p>\n<p>\u201eVraciame sa ako keby k na\u0161ej \u010deskoslovenskej hist\u00f3rii. Sme priemyselnou krajinou, ktor\u00e1 dok\u00e1\u017ee vyr\u00e1ba\u0165 tak\u00e9to veci. A tu sa ukazuje, \u017ee funguje ve\u013emi dobr\u00fd pr\u00edklad, kedy Slovensko sa nesna\u017e\u00ed by\u0165 len oby\u010dajn\u00fdm v\u00fdrobcom a potom predajcom svojich v\u00fdrobkov, tak ako je to mo\u017eno pri automobiloch, ale \u017ee vytv\u00e1ra spolupr\u00e1cu s druh\u00fdmi krajinami a pres\u00fava napr\u00edklad know-how do druhej krajiny, ale samotn\u00e1 v\u00fdroba u\u017e bude vykon\u00e1van\u00e1 v inej krajine,\u201c povedal Pellegrini novin\u00e1rom.<\/p>\n<p>\t<a href=\"https:\/\/www.topky.sk\/gl\/9570235\/6488215\/Slovensko-ukazalo-silu--Novy-obrnenec-pre-rumunsku-armadu-zaujal-aj-Pellegriniho\" rel=\"nofollow noopener\" target=\"_blank\"><br \/>\n\t\t<img decoding=\"async\" alt=\"Na sn\u00edmke vozidlo VLAH na V\u00fdstave obrannej a leteckej BSDA techniky v Bukure\u0161ti.\" aria-describedby=\"img-res-6488215\" class=\"\" id=\"6488215\" loading=\"lazy\" onerror=\"imgArticleLoadErr(this)\" src=\"https:\/\/www.europesays.com\/sk\/wp-content\/uploads\/2026\/05\/1778744407_151_technika-veltrh-VLAH.jpg\" style=\"aspect-ratio:1.500\" title=\"Na sn\u00edmke vozidlo VLAH\"\/>\t\t\t<\/p>\n<p>\n\t\t\t\tZobrazi\u0165 gal\u00e9riu (3)\t\t\t<\/p>\n<p>\t<\/a><\/p>\n<p>Na sn\u00edmke vozidlo VLAH na V\u00fdstave obrannej a leteckej BSDA techniky v Bukure\u0161ti.\t\u00a0(Zdroj: TASR\/Jaroslav Nov\u00e1k)<\/p>\n<p>Automobil vyvinut\u00fd firmou Zetor Slovensko vych\u00e1dza z n\u00e1vrhu obrnen\u00e9ho vozidla Gerlach, ktor\u00e9 sa u\u017e dnes testuje v slovenskej arm\u00e1de, a pod\u013ea inform\u00e1ci\u00ed prezidenta zatia\u013e ve\u013emi \u00faspe\u0161ne. Vozidlo VLAH sa s\u00edce bude vyr\u00e1ba\u0165 v Rumunsku, bude z toho v\u0161ak finan\u010dne profitova\u0165 aj slovensk\u00e1 spolo\u010dnos\u0165, ktor\u00e1 sa podie\u013eala na jeho v\u00fdvoji.<\/p>\n","protected":false},"excerpt":{"rendered":"Na sn\u00edmke vozidlo VLAH na V\u00fdstave obrannej a leteckej BSDA techniky v Bukure\u0161ti. (Zdroj: TASR\/Jaroslav Nov\u00e1k) BUKURE\u0160\u0164\/BRATISLAVA &#8211;&hellip;\n","protected":false},"author":2,"featured_media":69528,"comment_status":"","ping_status":"","sticky":false,"template":"","format":"standard","meta":{"footnotes":"","_share_on_mastodon":"0"},"categories":[6],"tags":[1476,3404,43,40,44,39,42,45,41,26565,9295,26564],"class_list":["post-69527","post","type-post","status-publish","format-standard","has-post-thumbnail","category-slovensko","tag-peter-pellegrini","tag-rumunsko","tag-sk","tag-slovak","tag-slovak-republic","tag-slovakia","tag-slovencina","tag-slovenska-republika","tag-slovensko","tag-vlah","tag-vozidlo","tag-zetor"],"share_on_mastodon":{"url":"https:\/\/pubeurope.com\/@sk\/116571801152883046","error":""},"_links":{"self":[{"href":"https:\/\/www.europesays.com\/sk\/wp-json\/wp\/v2\/posts\/69527","targetHints":{"allow":["GET"]}}],"collection":[{"href":"https:\/\/www.europesays.com\/sk\/wp-json\/wp\/v2\/posts"}],"about":[{"href":"https:\/\/www.europesays.com\/sk\/wp-json\/wp\/v2\/types\/post"}],"author":[{"embeddable":true,"href":"https:\/\/www.europesays.com\/sk\/wp-json\/wp\/v2\/users\/2"}],"replies":[{"embeddable":true,"href":"https:\/\/www.europesays.com\/sk\/wp-json\/wp\/v2\/comments?post=69527"}],"version-history":[{"count":0,"href":"https:\/\/www.europesays.com\/sk\/wp-json\/wp\/v2\/posts\/69527\/revisions"}],"wp:featuredmedia":[{"embeddable":true,"href":"https:\/\/www.europesays.com\/sk\/wp-json\/wp\/v2\/media\/69528"}],"wp:attachment":[{"href":"https:\/\/www.europesays.com\/sk\/wp-json\/wp\/v2\/media?parent=69527"}],"wp:term":[{"taxonomy":"category","embeddable":true,"href":"https:\/\/www.europesays.com\/sk\/wp-json\/wp\/v2\/categories?post=69527"},{"taxonomy":"post_tag","embeddable":true,"href":"https:\/\/www.europesays.com\/sk\/wp-json\/wp\/v2\/tags?post=69527"}],"curies":[{"name":"wp","href":"https:\/\/api.w.org\/{rel}","templated":true}]}}