{"id":70594,"date":"2026-05-15T13:37:06","date_gmt":"2026-05-15T13:37:06","guid":{"rendered":"https:\/\/www.europesays.com\/sk\/70594\/"},"modified":"2026-05-15T13:37:06","modified_gmt":"2026-05-15T13:37:06","slug":"spevak-igor-zo-slovenska-bol-jednym-z-tych-ktori-neprezili-tragediu-v-norsku","status":"publish","type":"post","link":"https:\/\/www.europesays.com\/sk\/70594\/","title":{"rendered":"Spev\u00e1k Igor zo Slovenska bol jedn\u00fdm z t\u00fdch, ktor\u00ed nepre\u017eili trag\u00e9diu v N\u00f3rsku"},"content":{"rendered":"<p>Igor Jarol\u00edn zachynul v \u013eadov\u00fdch vod\u00e1ch na rybolove v N\u00f3rsku.\t\t\t\t\t\t(Zdroj: kredenc.szm.sk, gettyimages.com)\t\t\t\t\t<\/p>\n<p>NI\u017dN\u00c1\/SM\u00d8LA &#8211; Trag\u00e9dia, na ktor\u00fa rodina zn\u00e1meho hudobn\u00edka zrejme nikdy nezabudne. Spev\u00e1k zn\u00e1mej country form\u00e1cie Kredenc Igor Jarol\u00edn bol, \u017eia\u013e, medzi obe\u0165ami, ktor\u00e9 nepre\u017eili b\u00farliv\u00e9 a divok\u00e9 po\u010dasie za pr\u00edtomnosti nieko\u013ekometrov\u00fdch v\u013an \u013eadovej vody. Osudn\u00fdm sa mu zrejme stalo aj to, \u017ee v nej str\u00e1vil ve\u013emi dlh\u00fd \u010das.<\/p>\n<p>Ryba\u010dka v drsnom N\u00f3rsku je pre mnoh\u00fdch v\u00e1\u0161niv\u00fdch ryb\u00e1rov splnen\u00fdm snom. Nekone\u010dn\u00e9 fjordy, obrovsk\u00e9 tresky \u010di halibuty a divok\u00e1 seversk\u00e1 pr\u00edroda ka\u017edoro\u010dne l\u00e1kaj\u00fa tis\u00edce \u013eud\u00ed z celej Eur\u00f3py. Za touto predstavou dobrodru\u017estva sa v\u0161ak ukryla krut\u00e1 realita. Doplatil na \u0148u aj 60-ro\u010dn\u00fd muzikant country telesa Kredenc Igor Jarol\u00edn. Sta\u010dila chv\u00ed\u013ea nepozornosti, zl\u00e9 po\u010dasie a podcenenie mora a vysn\u00edvan\u00e1 v\u00fdprava sa zmenila na boj o \u017eivot.<\/p>\n<p>K trag\u00e9dii do\u0161lo v pondelok 11. m\u00e1ja v no\u010dn\u00fdch hodin\u00e1ch pri ostrove Sm\u00f8la. Po troch zahrani\u010dn\u00fdch turistoch okam\u017eite spustili rozsiahle p\u00e1tranie v\u0161etky z\u00e1chrann\u00e9 zlo\u017eky.\u00a0V noci pri\u0161la spr\u00e1va, ktorej sa v\u0161etci ob\u00e1vali. Z\u00e1chran\u00e1ri objavili prevr\u00e1ten\u00fd \u010dln v rovnakej oblasti, kde po mu\u017eoch p\u00e1trali. Informoval o tom n\u00f3rsky web <a href=\"https:\/\/www.tk.no\/fritidsbat-med-tre-turister-savnet-pa-nordmore-omfattende-sok-i-gang\/s\/5-51-1852820\" target=\"_blank\" rel=\"nofollow noopener\">Tidens Krav<\/a>. Ove\u013ea nepr\u00edjemnej\u0161ie v\u0161ak boli zistenia o tom, \u017ee medzi obe\u0165ami je aj Slov\u00e1k.<\/p>\n<p>P\u00e1tranie sa za\u010dalo po tom, \u010do sa rekrea\u010dn\u00fd \u010dln s tromi zahrani\u010dn\u00fdmi ryb\u00e1rskymi turistami nevr\u00e1til v dohodnutom \u010dase k ostrovu Sm\u00f8la v oblasti M\u00f8re og Romsdal Sindre Molnes.\u00a0\u201eZ\u00edskali sme ich posledn\u00e9 polohy a za\u010dali p\u00e1tranie na z\u00e1padnej strane ostrova Sm\u00f8la,&#8220; povedal slu\u017ebukonaj\u00faci z\u00e1chrann\u00fd ved\u00faci Steinar Vatne.\u00a0D\u00f4stojn\u00edk pokra\u010doval: \u201eBoli tam pomerne ve\u013ek\u00e9 vlny. Vietor z juhov\u00fdchodu dosahoval r\u00fdchlos\u0165 8 a\u017e 11 metrov za sekundu. Vlny mali v\u00fd\u0161ku od jedn\u00e9ho do 1,8 metra, vidite\u013enos\u0165 bola dobr\u00e1, mierne pr\u0161alo a teplota sa pohybovala medzi 6 a\u017e 8 stup\u0148ami.&#8220;<\/p>\n<p>\u010co presne sa na mori odohralo, zatia\u013e nie je jasn\u00e9. Z\u00e1chran\u00e1ri v\u0161ak prip\u00fa\u0161\u0165aj\u00fa, \u017ee mu\u017ei mohli by\u0165 vo vode dlh\u00e9 hodiny. \u201eNevieme, \u010do sa stalo, ale v\u0161etko nasved\u010duje tomu, \u017ee boli vo vode u\u017e nieko\u013eko hod\u00edn, ne\u017e sme dorazili,\u201c uviedol Andreas Bull zo z\u00e1chrannej slu\u017eby.<\/p>\n<p>\t<a href=\"https:\/\/www.topky.sk\/gl\/9570897\/6490007\/Norska-tragedia-otriasla-celym-Slovenskom--Spevak-znamej-country-formacie-Igor---60--umieral-v-ladovej-vode-hodiny-\" rel=\"nofollow noopener\" target=\"_blank\"><br \/>\n\t\t<img decoding=\"async\" alt=\"N\u00f3rska trag\u00e9dia otriasla cel\u00fdm\" aria-describedby=\"img-res-6490007\" class=\"\" id=\"6490007\" loading=\"lazy\" onerror=\"imgArticleLoadErr(this)\" src=\"https:\/\/www.europesays.com\/sk\/wp-content\/uploads\/2026\/05\/Kredenc-Igor-Jarolin.jpg\" style=\"aspect-ratio:1.710\" title=\"N\u00f3rska trag\u00e9dia otriasla cel\u00fdm\"\/>\t\t\t<\/p>\n<p>\n\t\t\t\tZobrazi\u0165 gal\u00e9riu (2)\t\t\t<\/p>\n<p>\t<\/a><\/p>\n<p>\t\u00a0(Zdroj: kredenc.szm.sk)<\/p>\n<p>V ten de\u0148 boli vraj zl\u00e9 podmienky<\/p>\n<p>Svedkovia z\u00e1rove\u0148 potvrdili, \u017ee podmienky na mori neboli ide\u00e1lne. \u201eJeden z \u013eud\u00ed, ktor\u00ed boli na podobnom \u010dlne, uviedol, \u017ee bolo veterno a na mori boli vlny. Je v\u0161ak pr\u00edli\u0161 skoro poveda\u0165, \u010di pr\u00e1ve to sp\u00f4sobilo prevr\u00e1tenie \u010dlna,\u201c povedal Bull pre web VG.no.<\/p>\n<p>Odborn\u00e1 ved\u00faca pre prevenciu utopenia v Z\u00e1chrannej spolo\u010dnosti Tanja Krangnesov\u00e1 upozornila, \u017ee mnoh\u00ed ryb\u00e1ri nemaj\u00fa dostato\u010dn\u00e9 sk\u00fasenosti s tamoj\u0161\u00edm morom a po\u010das\u00edm.\u00a0\u201eNo\u010dn\u00e1 nehoda bola tragick\u00e1. Nedostatok miestnych znalost\u00ed, podcenenie po\u010dasia a nedostato\u010dn\u00e9 ch\u00e1panie bezpe\u010dnosti patria medzi spolo\u010dn\u00e9 znaky neh\u00f4d spojen\u00fdch s turistick\u00fdm rybolovom. Mnoh\u00ed zahrani\u010dn\u00ed turisti, ktor\u00ed prich\u00e1dzaj\u00fa do N\u00f3rska za rybolovom, maj\u00fa obmedzen\u00e9 sk\u00fasenosti s n\u00f3rskymi podmienkami. Kombin\u00e1cia po\u010dasia, mora a \u010dlna m\u00f4\u017ee by\u0165 n\u00e1ro\u010dn\u00e1 aj pre sk\u00fasen\u00fdch ryb\u00e1rov z in\u00fdch kraj\u00edn,\u201c vysvetlila.<\/p>\n","protected":false},"excerpt":{"rendered":"Igor Jarol\u00edn zachynul v \u013eadov\u00fdch vod\u00e1ch na rybolove v N\u00f3rsku. (Zdroj: kredenc.szm.sk, gettyimages.com) NI\u017dN\u00c1\/SM\u00d8LA &#8211; Trag\u00e9dia, na ktor\u00fa&hellip;\n","protected":false},"author":2,"featured_media":70595,"comment_status":"","ping_status":"","sticky":false,"template":"","format":"standard","meta":{"footnotes":"","_share_on_mastodon":"0"},"categories":[6],"tags":[26901,26900,1258,25438,43,5042,40,44,39,42,45,41,729,565],"class_list":["post-70594","post","type-post","status-publish","format-standard","has-post-thumbnail","category-slovensko","tag-igor-jarolin","tag-kredenc","tag-norsko","tag-rybolov","tag-sk","tag-skupina","tag-slovak","tag-slovak-republic","tag-slovakia","tag-slovencina","tag-slovenska-republika","tag-slovensko","tag-tragedia","tag-umrtie"],"share_on_mastodon":{"url":"https:\/\/pubeurope.com\/@sk\/116578867336894854","error":""},"_links":{"self":[{"href":"https:\/\/www.europesays.com\/sk\/wp-json\/wp\/v2\/posts\/70594","targetHints":{"allow":["GET"]}}],"collection":[{"href":"https:\/\/www.europesays.com\/sk\/wp-json\/wp\/v2\/posts"}],"about":[{"href":"https:\/\/www.europesays.com\/sk\/wp-json\/wp\/v2\/types\/post"}],"author":[{"embeddable":true,"href":"https:\/\/www.europesays.com\/sk\/wp-json\/wp\/v2\/users\/2"}],"replies":[{"embeddable":true,"href":"https:\/\/www.europesays.com\/sk\/wp-json\/wp\/v2\/comments?post=70594"}],"version-history":[{"count":0,"href":"https:\/\/www.europesays.com\/sk\/wp-json\/wp\/v2\/posts\/70594\/revisions"}],"wp:featuredmedia":[{"embeddable":true,"href":"https:\/\/www.europesays.com\/sk\/wp-json\/wp\/v2\/media\/70595"}],"wp:attachment":[{"href":"https:\/\/www.europesays.com\/sk\/wp-json\/wp\/v2\/media?parent=70594"}],"wp:term":[{"taxonomy":"category","embeddable":true,"href":"https:\/\/www.europesays.com\/sk\/wp-json\/wp\/v2\/categories?post=70594"},{"taxonomy":"post_tag","embeddable":true,"href":"https:\/\/www.europesays.com\/sk\/wp-json\/wp\/v2\/tags?post=70594"}],"curies":[{"name":"wp","href":"https:\/\/api.w.org\/{rel}","templated":true}]}}