{"id":70624,"date":"2026-05-15T14:06:09","date_gmt":"2026-05-15T14:06:09","guid":{"rendered":"https:\/\/www.europesays.com\/sk\/70624\/"},"modified":"2026-05-15T14:06:09","modified_gmt":"2026-05-15T14:06:09","slug":"fico-v-den-2-vyrocia-atentatu-zverejnil-video-z-hradze","status":"publish","type":"post","link":"https:\/\/www.europesays.com\/sk\/70624\/","title":{"rendered":"Fico v de\u0148 2. v\u00fdro\u010dia atent\u00e1tu zverejnil video z hr\u00e1dze"},"content":{"rendered":"<p>BRATISLAVA &#8211; \u010co v\u00e1s nezabije, to v\u00e1s posiln\u00ed. Tak\u00fdto odkaz poslal verejnosti premi\u00e9r Robert Fico v de\u0148 2. v\u00fdro\u010dia atent\u00e1tu z Handlovej. <\/p>\n<p>Fico v de\u0148 v\u00fdro\u010dia stre\u013eby, pri ktorej takmer pri\u0161iel o \u017eivot, zverejnil video z rannej rozcvi\u010dky na hr\u00e1dzi. Na z\u00e1beroch nielen k\u013eukuje, ale aj pl\u00e1va. Spolo\u010dnos\u0165 mu pri tom rob\u00ed pes, pravdepodobne hned\u00fd labrador. &#8222;Nezabudnite, \u010do v\u00e1s nezabije, to v\u00e1s posiln\u00ed,&#8220; poviem. K samotn\u00e9mu videu, ktor\u00e9 zverejnil na soci\u00e1lnej sieti, pridal popis: &#8222;Dnes oslavujem druh\u00e9 narodeniny&#8220; a emotikon \u0161tvorl\u00edstka, ktor\u00fd sa pova\u017euje za symbol \u0161\u0165astia.\u00a0<\/p>\n<p>Fico dva roky od atent\u00e1tu: \u010co v\u00e1s nezabije, to v\u00e1s posiln\u00ed \t\t(Zdroj: Facebook\/Robert Fico)\t<\/p>\n<p>Roberta Fica postrelili na v\u00fdjazdovom rokovan\u00ed v Handlovej 15. m\u00e1ja. Ut\u0155\u017eil viacer\u00e9 streln\u00e9 poranenia, najhor\u0161ie bolo zranenie v bru\u0161nej dutine. Premi\u00e9r absolvoval nieko\u013ekohodinov\u00fa oper\u00e1ciu v Roosveltovej nemocnici v Banskej Bystrici, kde str\u00e1vil pribli\u017ene dva t\u00fd\u017edne. N\u00e1sledne bol prevezen\u00fd do Bratislavy, kde sa podrobuje lie\u010dbe ambulantne. Verejnos\u0165 ho prv\u00fdkr\u00e1t videla vo videu zverejnenom kr\u00e1tko pred eurovo\u013ebami 5. j\u00fana.\u00a0<\/p>\n<p>Koncom augusta, teda viac ako tri mesiace po atent\u00e1te absolvoval svoju prv\u00fa pracovn\u00fa cestu do Normandie. V priebehu \u010fal\u0161\u00edch mesiacov s\u00edce pracoval, no viackr\u00e1t sa stalo, \u017ee musel na posledn\u00fa chv\u00ed\u013eu ru\u0161i\u0165 svoj program. Pred rokom v m\u00e1ji, ke\u010f sa o svojom\u00a0 zdravotnom stave rozhovoril, prezradil, \u017ee ho \u010dakali \u010fal\u0161ie oper\u00e1cie.\u00a0<\/p>\n<p>Atent\u00e1tnika Juraja Cintulu zadr\u017eali bezprostredne po \u010dine. Najsk\u00f4r \u010delil obvineniu z obzvl\u00e1\u0161\u0165 z\u00e1va\u017en\u00e9ho zlo\u010dinu \u00fakladnej vra\u017edy sp\u00e1chan\u00e9ho v \u0161t\u00e1diu pokusu. V j\u00fali 2024 do\u0161lo k zmene pr\u00e1vnej kvalifik\u00e1cie na obzvl\u00e1\u0161\u0165 z\u00e1va\u017en\u00fd zlo\u010din teroristick\u00e9ho \u00fatoku.<\/p>\n<p>Na konci apr\u00edla 2026 potvrdil Najvy\u0161\u0161\u00ed s\u00fad SR p\u00e1chate\u013eovi trest v\u00e4zenia na 21 rokov i to, \u017ee svoj\u00edm konan\u00edm sp\u00e1chal skutok v \u00famysle po\u0161kodi\u0165 \u00fastavn\u00e9 zriadenie \u0161t\u00e1tu.<\/p>\n<p>SIS:\u00a0Atent\u00e1t\u00a0na premi\u00e9ra bol najz\u00e1va\u017enej\u0161\u00edm bezpe\u010dnostn\u00fdm incidentom v SR<\/p>\n<p>V de\u0148 druh\u00e9ho v\u00fdro\u010dia incidentu vvyhl\u00e1sila Slovensk\u00e1 informa\u010dn\u00e1 slu\u017eba, \u017ee atent\u00e1t bol najz\u00e1va\u017enej\u0161\u00ed bezpe\u010dnostn\u00fd incident, ktor\u00fd sa v Slovenskej republike stal. Zd\u00f4raznila, \u017ee atent\u00e1t na legit\u00edmne zvolen\u00e9ho predstavite\u013ea vl\u00e1dy je v demokratickej spolo\u010dnosti nepr\u00edpustn\u00fd a neakceptovate\u013en\u00fd.<\/p>\n<p>Riadite\u013e SIS Pavol Ga\u0161par upozornil z\u00e1rove\u0148 na to, \u017ee po dvoch rokoch od atent\u00e1tu sa probl\u00e9m s politicky motivovan\u00fdm extr\u00e9mizmom e\u0161te viac zv\u00fdraznil. \u201eSIS sa v tejto s\u00favislosti zamerala na problematiku n\u00e1siln\u00e9ho aktivizmu, ktor\u00fd je motivovan\u00fd nen\u00e1vis\u0165ou a intoleranciou k ideologick\u00fdm \u010di politick\u00fdm oponentom,\u201c pribl\u00ed\u017eil Ga\u0161par.<\/p>\n<p>Pouk\u00e1zal tie\u017e na to, \u017ee obsah \u0161\u00edren\u00fdch narat\u00edvov, najm\u00e4 v online prostred\u00ed, \u010dasto nem\u00e1 re\u00e1lny z\u00e1klad, masov\u00e9 zdie\u013eanie dezinform\u00e1ci\u00ed i ich pr\u00edpadn\u00e1 medializ\u00e1cia v\u0161ak prispievaj\u00fa k polariz\u00e1cii a prehlbovaniu nap\u00e4tia v spolo\u010dnosti. \u201eO obsahoch nen\u00e1vistn\u00fdch prejavov, vyhr\u00e1\u017eok \u010di hrozieb priebe\u017ene informujeme z\u00e1konn\u00fdch pr\u00edjemcov,\u201c dodal riadite\u013e SIS.<\/p>\n","protected":false},"excerpt":{"rendered":"BRATISLAVA &#8211; \u010co v\u00e1s nezabije, to v\u00e1s posiln\u00ed. Tak\u00fdto odkaz poslal verejnosti premi\u00e9r Robert Fico v de\u0148 2.&hellip;\n","protected":false},"author":2,"featured_media":70625,"comment_status":"","ping_status":"","sticky":false,"template":"","format":"standard","meta":{"footnotes":"","_share_on_mastodon":"0"},"categories":[32],"tags":[15588,34,37,33,1614,43,40,39,42,41,36,38,35,1181],"class_list":["post-70624","post","type-post","status-publish","format-standard","has-post-thumbnail","category-spravy","tag-atentat","tag-headlines","tag-hlavne-spravy","tag-news","tag-robert-fico","tag-sk","tag-slovak","tag-slovakia","tag-slovencina","tag-slovensko","tag-spravy","tag-titulky","tag-top-stories","tag-vyrocie"],"share_on_mastodon":{"url":"https:\/\/pubeurope.com\/@sk\/116578981179020910","error":""},"_links":{"self":[{"href":"https:\/\/www.europesays.com\/sk\/wp-json\/wp\/v2\/posts\/70624","targetHints":{"allow":["GET"]}}],"collection":[{"href":"https:\/\/www.europesays.com\/sk\/wp-json\/wp\/v2\/posts"}],"about":[{"href":"https:\/\/www.europesays.com\/sk\/wp-json\/wp\/v2\/types\/post"}],"author":[{"embeddable":true,"href":"https:\/\/www.europesays.com\/sk\/wp-json\/wp\/v2\/users\/2"}],"replies":[{"embeddable":true,"href":"https:\/\/www.europesays.com\/sk\/wp-json\/wp\/v2\/comments?post=70624"}],"version-history":[{"count":0,"href":"https:\/\/www.europesays.com\/sk\/wp-json\/wp\/v2\/posts\/70624\/revisions"}],"wp:featuredmedia":[{"embeddable":true,"href":"https:\/\/www.europesays.com\/sk\/wp-json\/wp\/v2\/media\/70625"}],"wp:attachment":[{"href":"https:\/\/www.europesays.com\/sk\/wp-json\/wp\/v2\/media?parent=70624"}],"wp:term":[{"taxonomy":"category","embeddable":true,"href":"https:\/\/www.europesays.com\/sk\/wp-json\/wp\/v2\/categories?post=70624"},{"taxonomy":"post_tag","embeddable":true,"href":"https:\/\/www.europesays.com\/sk\/wp-json\/wp\/v2\/tags?post=70624"}],"curies":[{"name":"wp","href":"https:\/\/api.w.org\/{rel}","templated":true}]}}