{"id":73206,"date":"2026-05-18T14:47:07","date_gmt":"2026-05-18T14:47:07","guid":{"rendered":"https:\/\/www.europesays.com\/sk\/73206\/"},"modified":"2026-05-18T14:47:07","modified_gmt":"2026-05-18T14:47:07","slug":"oslavy-vyrocia-linky-detskej-istoty-zavrsia-podujatim-v-bratislave","status":"publish","type":"post","link":"https:\/\/www.europesays.com\/sk\/73206\/","title":{"rendered":"Oslavy v\u00fdro\u010dia Linky detskej istoty zav\u0155\u0161ia podujat\u00edm v Bratislave"},"content":{"rendered":"<p>Bratislava 18. m\u00e1ja (TASR) &#8211; Oslavy 30. v\u00fdro\u010dia Linky detskej istoty (LDI) zav\u0155\u0161ia pondelkov\u00fdm ve\u010dern\u00fdm podujat\u00edm v Bratislave. Je venovan\u00e9 vyjadreniu uznania, v\u010faky a \u00facty k\u013e\u00fa\u010dov\u00fdm pilierom organiz\u00e1cie &#8211; zakladate\u013eom, partnerom a pracovn\u00edkom. TASR o tom informovala riadite\u013eka linky T\u00e1\u0148a Ivani\u010d Rybansk\u00e1.<\/p>\n<p>Po\u010das sl\u00e1vnostn\u00e9ho programu bud\u00fa za dlhoro\u010dn\u00fa spolupr\u00e1cu a k\u013e\u00fa\u010dov\u00fa podporu v z\u00e1ujme det\u00ed a ml\u00e1de\u017ee ocenen\u00ed partneri z rezortov a ministerstiev. Uznanie pod\u013ea riadite\u013eky patr\u00ed aj samotn\u00fdm zakladate\u013eom LDI, jej odborn\u00fdm poradcom a v\u0161etk\u00fdm pracovn\u00edkom (psychol\u00f3gom, soci\u00e1lnym pracovn\u00edkom a pedag\u00f3gom), ktor\u00ed svojou pr\u00e1cou denne menia \u017eivoty det\u00ed k lep\u0161iemu a nap\u013a\u0148aj\u00fa potreby t\u00fdch najzranite\u013enej\u0161\u00edch.<\/p>\n<p>D\u00e1tum podujatia bol zvolen\u00fd v nadv\u00e4znosti na 17. m\u00e1j, ke\u010f si svet pripom\u00edna Medzin\u00e1rodn\u00fd de\u0148 detsk\u00fdch liniek. Tento celosvetov\u00fd de\u0148, vyhl\u00e1sen\u00fd glob\u00e1lnou sie\u0165ou Child Helpline International, ktor\u00e1 zastre\u0161uje detsk\u00e9 linky z viac ako 130 kraj\u00edn sveta a ktorej je LDI dlhoro\u010dn\u00fdm \u010dlenom, upriamuje pozornos\u0165 na mili\u00f3ny det\u00ed po celom svete h\u013eadaj\u00facich podporu a zd\u00f4raz\u0148uje k\u013e\u00fa\u010dov\u00fa \u00falohu, ktor\u00fa detsk\u00e9 linky zohr\u00e1vaj\u00fa pri ochrane ich pr\u00e1v, du\u0161evn\u00e9ho zdravia a bezpe\u010dia.<\/p>\n<p>LDI si v tomto roku pripom\u00edna 30 rokov od svojho vzniku. Ako v\u00f4bec prv\u00e1 \u0161pecializovan\u00e1 nonstop, anonymn\u00e1 a bezplatn\u00e1 telefonick\u00e1 linka pre deti a ml\u00e1de\u017e na Slovensku za\u010dala p\u00edsa\u0165 svoju hist\u00f3riu u\u017e v roku 1996, pri\u010dom od roku 2000 spustila aj prv\u00fa internetov\u00fa porad\u0148u pre deti a ml\u00e1de\u017e na na\u0161om \u00fazem\u00ed.<\/p>\n","protected":false},"excerpt":{"rendered":"Bratislava 18. m\u00e1ja (TASR) &#8211; Oslavy 30. v\u00fdro\u010dia Linky detskej istoty (LDI) zav\u0155\u0161ia pondelkov\u00fdm ve\u010dern\u00fdm podujat\u00edm v Bratislave.&hellip;\n","protected":false},"author":2,"featured_media":24724,"comment_status":"","ping_status":"","sticky":false,"template":"","format":"standard","meta":{"footnotes":"","_share_on_mastodon":"0"},"categories":[21],"tags":[136,27611,5612,892,43,40,39,42,41,1181],"class_list":["post-73206","post","type-post","status-publish","format-standard","has-post-thumbnail","category-bratislava","tag-bratislava","tag-ldi","tag-ocenenia","tag-podujatie","tag-sk","tag-slovak","tag-slovakia","tag-slovencina","tag-slovensko","tag-vyrocie"],"share_on_mastodon":{"url":"https:\/\/pubeurope.com\/@sk\/116596129305793546","error":""},"_links":{"self":[{"href":"https:\/\/www.europesays.com\/sk\/wp-json\/wp\/v2\/posts\/73206","targetHints":{"allow":["GET"]}}],"collection":[{"href":"https:\/\/www.europesays.com\/sk\/wp-json\/wp\/v2\/posts"}],"about":[{"href":"https:\/\/www.europesays.com\/sk\/wp-json\/wp\/v2\/types\/post"}],"author":[{"embeddable":true,"href":"https:\/\/www.europesays.com\/sk\/wp-json\/wp\/v2\/users\/2"}],"replies":[{"embeddable":true,"href":"https:\/\/www.europesays.com\/sk\/wp-json\/wp\/v2\/comments?post=73206"}],"version-history":[{"count":0,"href":"https:\/\/www.europesays.com\/sk\/wp-json\/wp\/v2\/posts\/73206\/revisions"}],"wp:featuredmedia":[{"embeddable":true,"href":"https:\/\/www.europesays.com\/sk\/wp-json\/wp\/v2\/media\/24724"}],"wp:attachment":[{"href":"https:\/\/www.europesays.com\/sk\/wp-json\/wp\/v2\/media?parent=73206"}],"wp:term":[{"taxonomy":"category","embeddable":true,"href":"https:\/\/www.europesays.com\/sk\/wp-json\/wp\/v2\/categories?post=73206"},{"taxonomy":"post_tag","embeddable":true,"href":"https:\/\/www.europesays.com\/sk\/wp-json\/wp\/v2\/tags?post=73206"}],"curies":[{"name":"wp","href":"https:\/\/api.w.org\/{rel}","templated":true}]}}