{"id":73848,"date":"2026-05-19T08:32:09","date_gmt":"2026-05-19T08:32:09","guid":{"rendered":"https:\/\/www.europesays.com\/sk\/73848\/"},"modified":"2026-05-19T08:32:09","modified_gmt":"2026-05-19T08:32:09","slug":"otvorena-kultura-uvedie-draft-europskeho-zakona-o-umeleckej-slobode","status":"publish","type":"post","link":"https:\/\/www.europesays.com\/sk\/73848\/","title":{"rendered":"Otvoren\u00e1 Kult\u00fara! uvedie draft Eur\u00f3pskeho z\u00e1kona o umeleckej slobode"},"content":{"rendered":"<p>Bratislava 19. m\u00e1ja (TASR) &#8211; Prv\u00fd draft Eur\u00f3pskeho z\u00e1kona o umeleckej slobode predstav\u00ed druh\u00fd ro\u010dn\u00edk Medzin\u00e1rodnej konferencie Otvoren\u00e1 Kult\u00fara!. Dvojd\u0148ov\u00e9 podujatie sa v utorok za\u010d\u00edna v bratislavskej Starej tr\u017enici. Priv\u00edta expertky na kult\u00farne politiky a pr\u00e1vo i v\u00fdznamn\u00fdch host\u00ed z kult\u00farnych organiz\u00e1ci\u00ed zo Slovenska a zahrani\u010dia.<\/p>\n<p>Ako \u010falej pripom\u00ednaj\u00fa organiz\u00e1tori, pred rokom na konferencii v Bratislave zaznela my\u0161lienka potreby Eur\u00f3pskeho z\u00e1kona o umeleckej slobode, o rok nesk\u00f4r sa o tej istej t\u00e9me diskutuje v Bruseli a Eur\u00f3pska komisia pripravuje legislat\u00edvu na ochranu umeleckej slobody. \u201eUmeleck\u00e1 sloboda sa stala eur\u00f3pskou politickou t\u00e9mou a Slovensko je pri tom. Je to d\u00f4kaz, \u017ee hlas ob\u010dianskej spolo\u010dnosti zo Slovenska po\u010du\u0165 aj na eur\u00f3pskej \u00farovni, a mysl\u00edm si, \u017ee to samo osebe hovor\u00ed o v\u00fdzname a \u00faspechu na\u0161ej konferencie,\u201d zd\u00f4raz\u0148uje organiz\u00e1tor konferencie Matej Drli\u010dka.<\/p>\n<p>Kon\u00e1 sa pod z\u00e1\u0161titou Eur\u00f3pskeho parlamentu a Zast\u00fapenia Eur\u00f3pskej komisie na Slovensku. Organiz\u00e1tori potvrdzuj\u00fa, \u017ee Eur\u00f3pska komisia pripravila nov\u00fd Kompas pre kult\u00faru &#8211; v\u00fdh\u013eadov\u00fd r\u00e1mec na formovanie kult\u00farnej politiky E\u00da, v ktorom sa hovor\u00ed aj o potrebe Eur\u00f3pskeho z\u00e1kona o umeleckej slobode. Komisia m\u00e1 tento rok spusti\u0165 \u0161trukt\u00farovan\u00fd dial\u00f3g s kult\u00farnym sektorom v celej E\u00da.<\/p>\n<p>\u201eEur\u00f3pska komisia pripravila Kompas pre kult\u00faru na z\u00e1klade rozsiahlych konzult\u00e1ci\u00ed s ob\u010dianskou spolo\u010dnos\u0165ou a z\u00e1rove\u0148 \u010derpala in\u0161pir\u00e1ciu z pr\u00e1ce kult\u00farnych siet\u00ed a \u010fal\u0161\u00edch akt\u00e9rov, ktor\u00ed dlhodobo upozor\u0148uj\u00fa na probl\u00e9my kult\u00farneho sektora. Profesijn\u00e9 organiz\u00e1cie a iniciat\u00edvy zdola, ako je Otvoren\u00e1 Kult\u00fara!, preto v Komisii pova\u017eujeme za d\u00f4le\u017eit\u00fdch partnerov pri diskusii o kult\u00farnych politik\u00e1ch,\u201d hovor\u00ed Peter Stano, ved\u00faci Zast\u00fapenia Eur\u00f3pskej komisie na Slovensku.<\/p>\n<p>Pod\u013ea Eur\u00f3pskej komisie je ochrana umeleckej slobody z\u00e1kladom demokratickej Eur\u00f3py. \u201eKult\u00fara tvor\u00ed prv\u00fa l\u00edniu ochrany na\u0161ich hodn\u00f4t. Ak chceme chr\u00e1ni\u0165 demokraciu a slobodu, kult\u00fara mus\u00ed by\u0165 s\u00fa\u010das\u0165ou na\u0161ej politickej v\u00edzie,\u201d zd\u00f4raz\u0148uje Stano. Kompas pre kult\u00faru po\u010d\u00edta s viacer\u00fdmi opatreniami na ochranu umeleckej slobody, novou spr\u00e1vou o stave kult\u00fary v E\u00da aj posilnen\u00edm podpory pre kult\u00farny sektor. \u201eHoci kult\u00farna politika zost\u00e1va predov\u0161etk\u00fdm v kompetencii \u010dlensk\u00fdch \u0161t\u00e1tov, Eur\u00f3pska komisia podporuje ochranu kult\u00farnych a umeleck\u00fdch slob\u00f4d prostredn\u00edctvom existuj\u00facich n\u00e1strojov. Program Kreat\u00edvna Eur\u00f3pa poskytuje financovanie a podporu kult\u00farnym in\u0161tit\u00faci\u00e1m a iniciat\u00edvam, ktor\u00e9 podporuj\u00fa kult\u00farnu rozmanitos\u0165, inkl\u00faziu a slobodu prejavu. Pracovn\u00fd pl\u00e1n E\u00da pre kult\u00faru na roky 2023 &#8211; 2026 z\u00e1rove\u0148 uzn\u00e1va umeleck\u00fa slobodu ako z\u00e1kladn\u00fa s\u00fa\u010das\u0165 kult\u00farnej pr\u00e1ce. Expertn\u00e1 skupina \u010dlensk\u00fdch \u0161t\u00e1tov sa v r\u00e1mci tohto pl\u00e1nu venovala aj pracovn\u00fdm podmienkam umelcov vr\u00e1tane ot\u00e1zky umeleckej slobody,\u201d dod\u00e1va Stano.<\/p>\n<p>Na konferencii predstavia pripravovan\u00fd n\u00e1vrh Eur\u00f3pskeho z\u00e1kona o umeleckej slobode (European Artistic Freedom Act). Do Bratislavy s n\u00edm prich\u00e1dza Sanjay Sethi z organiz\u00e1cie Artistic Freedom Initiative, ktor\u00e1 sa dlhodobo venuje ochrane ohrozen\u00fdch umelcov a pracovn\u00edkov v kult\u00fare po celom svete. Spolu s pr\u00e1vnikmi a tromi advok\u00e1tskymi kancel\u00e1riami v Bruseli pripravili pro bono draft tohto z\u00e1kona. \u201ePr\u00e1ve tento n\u00e1vrh bude na konferencii predstaven\u00fd po prv\u00fd raz. Diskusia sa tak pos\u00fava od pomenovania probl\u00e9mov k tvorbe konkr\u00e9tnych rie\u0161en\u00ed,\u201c dod\u00e1vaj\u00fa organiz\u00e1tori.<\/p>\n","protected":false},"excerpt":{"rendered":"Bratislava 19. m\u00e1ja (TASR) &#8211; Prv\u00fd draft Eur\u00f3pskeho z\u00e1kona o umeleckej slobode predstav\u00ed druh\u00fd ro\u010dn\u00edk Medzin\u00e1rodnej konferencie Otvoren\u00e1&hellip;\n","protected":false},"author":2,"featured_media":73849,"comment_status":"","ping_status":"","sticky":false,"template":"","format":"standard","meta":{"footnotes":"","_share_on_mastodon":"0"},"categories":[21],"tags":[136,2447,2710,43,6262,40,39,42,41,23461,5277],"class_list":["post-73848","post","type-post","status-publish","format-standard","has-post-thumbnail","category-bratislava","tag-bratislava","tag-konferencia","tag-kultura","tag-sk","tag-sloboda","tag-slovak","tag-slovakia","tag-slovencina","tag-slovensko","tag-umelecka","tag-zakon"],"share_on_mastodon":{"url":"https:\/\/pubeurope.com\/@sk\/116600317305063892","error":""},"_links":{"self":[{"href":"https:\/\/www.europesays.com\/sk\/wp-json\/wp\/v2\/posts\/73848","targetHints":{"allow":["GET"]}}],"collection":[{"href":"https:\/\/www.europesays.com\/sk\/wp-json\/wp\/v2\/posts"}],"about":[{"href":"https:\/\/www.europesays.com\/sk\/wp-json\/wp\/v2\/types\/post"}],"author":[{"embeddable":true,"href":"https:\/\/www.europesays.com\/sk\/wp-json\/wp\/v2\/users\/2"}],"replies":[{"embeddable":true,"href":"https:\/\/www.europesays.com\/sk\/wp-json\/wp\/v2\/comments?post=73848"}],"version-history":[{"count":0,"href":"https:\/\/www.europesays.com\/sk\/wp-json\/wp\/v2\/posts\/73848\/revisions"}],"wp:featuredmedia":[{"embeddable":true,"href":"https:\/\/www.europesays.com\/sk\/wp-json\/wp\/v2\/media\/73849"}],"wp:attachment":[{"href":"https:\/\/www.europesays.com\/sk\/wp-json\/wp\/v2\/media?parent=73848"}],"wp:term":[{"taxonomy":"category","embeddable":true,"href":"https:\/\/www.europesays.com\/sk\/wp-json\/wp\/v2\/categories?post=73848"},{"taxonomy":"post_tag","embeddable":true,"href":"https:\/\/www.europesays.com\/sk\/wp-json\/wp\/v2\/tags?post=73848"}],"curies":[{"name":"wp","href":"https:\/\/api.w.org\/{rel}","templated":true}]}}