{"id":73970,"date":"2026-05-19T10:53:11","date_gmt":"2026-05-19T10:53:11","guid":{"rendered":"https:\/\/www.europesays.com\/sk\/73970\/"},"modified":"2026-05-19T10:53:11","modified_gmt":"2026-05-19T10:53:11","slug":"popova-bohyna-cher-oslavuje-80-rokov-jej-milostny-zivot-bol-divokejsi-nez-hollywood","status":"publish","type":"post","link":"https:\/\/www.europesays.com\/sk\/73970\/","title":{"rendered":"Popov\u00e1 bohy\u0148a Cher oslavuje 80. rokov: Jej milostn\u00fd \u017eivot bol divokej\u0161\u00ed ne\u017e Hollywood"},"content":{"rendered":"<p>Hudobn\u00fd producent Alexander Edwards je od nej mlad\u0161\u00ed takmer o \u0161tyridsa\u0165 rokov\t\t\t\t\t\t(Zdroj: Profimedia)\t\t\t\t\t<\/p>\n<p>Cher osl\u00e1vi zajtra 80. narodeniny ako jedna z najv\u00e4\u010d\u0161\u00edch ikon popkult\u00fary, ktor\u00e1 po\u010das \u0161iestich dek\u00e1d ovl\u00e1dla hudobn\u00e9 rebr\u00ed\u010dky aj filmov\u00e9 pl\u00e1tna. Spev\u00e1\u010dka, here\u010dka a ve\u010dn\u00e1 rebelka dodnes fascinuje nielen kari\u00e9rou plnou hitov a ocenen\u00ed, ale aj b\u00farliv\u00fdm s\u00fakromn\u00fdm \u017eivotom a vz\u0165ahmi, o ktor\u00fdch roky hovor\u00ed cel\u00fd svet.<\/p>\n<p style=\"text-align:justify\">Americk\u00e1 spev\u00e1\u010dka, here\u010dka a nekorunovan\u00e1 \u201ekr\u00e1\u013eovn\u00e1 renesancie\u201c Cher oslavuje neuverite\u013en\u00e9 80. narodeniny. \u017dena, ktor\u00e1 po\u010das kari\u00e9ry dok\u00e1zala nie\u010do, \u010do sa nepodarilo \u017eiadnemu in\u00e9mu interpretovi \u2013 v ka\u017edej z posledn\u00fdch \u0161iestich dek\u00e1d mala singel na vrchole prest\u00ed\u017eneho rebr\u00ed\u010dka Billboard. Jej hudobn\u00e1 aj filmov\u00e1 cesta z nej urobila celosvetov\u00fa legendu, ktor\u00e1 dodnes vypred\u00e1va koncertn\u00e9 haly a in\u0161piruje nov\u00e9 gener\u00e1cie umelcov.<\/p>\n<p>Popov\u00e1 bohy\u0148a Cher oslavuje 80. rokov: Jej milostn\u00fd \u017eivot bol divokej\u0161\u00ed ne\u017e Hollywood\t\t(Zdroj: Feminity)\t<\/p>\n<p>Zrod legendy: Od dua Sonny &amp; Cher k s\u00f3lovej superstar<\/p>\n<p style=\"text-align:justify\">V\u0161etko sa za\u010dalo v polovici 60. rokov, ke\u010f sa svetu predstavila po boku svojho vtedaj\u0161ieho man\u017eela Sonny Bono v projekte Sonny &amp; Cher. Ich folkov\u00fd megahit I Got You Babe z roku 1965 z nich spravil glob\u00e1lnu senz\u00e1ciu. Cher v\u0161ak ve\u013emi r\u00fdchlo uk\u00e1zala, \u017ee jej talent \u010faleko presahuje hranice sl\u00e1vneho dua. Ako s\u00f3lov\u00e1 spev\u00e1\u010dka ovl\u00e1dla 70. roky hitmi ako Gypsys, Tramps &amp; Thieves, v 80. rokoch \u0161okovala rockovou hymnou If I Could Turn Back Time a provokat\u00edvnym klipom nato\u010den\u00fdm na vojnovej lodi.<\/p>\n<p>Hit, ktor\u00fd zmenil pop music<\/p>\n<p style=\"text-align:justify\">Skuto\u010dn\u00fa revol\u00faciu sp\u00f4sobila v roku 1998 skladbou Believe. Pr\u00e1ve tento megahit ako prv\u00fd mas\u00edvne spopularizoval efekt Auto-Tune a nav\u017edy zmenil zvuk modernej popovej hudby. Singel sa stal jedn\u00fdm z najpred\u00e1vanej\u0161\u00edch v hist\u00f3rii a Cher op\u00e4\u0165 dok\u00e1zala, \u017ee sa vie dokonale prisp\u00f4sobi\u0165 novej \u00e9re.<\/p>\n<p>\t<a href=\"https:\/\/feminity.zoznam.sk\/gl\/9571785\/6492601\/Popova-bohyna-Cher-oslavuje-80--rokov--Jej-milostny-zivot-bol-divokejsi-nez-Hollywood\" rel=\"nofollow noopener\" target=\"_blank\"><br \/>\n\t\t<img decoding=\"async\" alt=\"Ako s\u00f3listka ovl\u00e1dla sedemdesiate roky a v osemdesiatych pritvrdila rockom\" aria-describedby=\"img-res-6492601\" class=\"\" id=\"6492601\" loading=\"lazy\" onerror=\"imgArticleLoadErr(this)\" src=\"https:\/\/www.europesays.com\/sk\/wp-content\/uploads\/2026\/05\/sloboda-jubileum-80-rokov-uspechy.jpg\" style=\"aspect-ratio:0.749\" title=\"Ako s\u00f3listka ovl\u00e1dla sedemdesiate\"\/>\t\t\t<\/p>\n<p>\n\t\t\t\tZobrazi\u0165 gal\u00e9riu (7)\t\t\t<\/p>\n<p>\t<\/a><\/p>\n<p>Ako s\u00f3listka ovl\u00e1dla sedemdesiate roky a v osemdesiatych pritvrdila rockom\t\u00a0(Zdroj: Profimedia)<\/p>\n<p>Oscar, Grammy aj miesto v hudobnej nesmrte\u013enosti<\/p>\n<p style=\"text-align:justify\">Cher patr\u00ed medzi nieko\u013eko m\u00e1lo umelk\u00fd\u0148, ktor\u00e9 dosiahli status EGOT \u2013 k \u00faplnej zbierke jej ch\u00fdba u\u017e len cena Tony. Doma m\u00e1 Grammy, Emmy, tri Zlat\u00e9 gl\u00f3busy a aj Oscara za hlavn\u00fa \u00falohu vo filme Moonstruck. Kritici vyzdvihovali aj jej v\u00fdkony vo filmoch Silkwood \u010di The Witches of Eastwick. Svoje v\u00fdnimo\u010dn\u00e9 postavenie definit\u00edvne potvrdila v novembri 2024, ke\u010f sa stala \u010dlenkou Rock and Roll Hall of Fame.<\/p>\n<p>\t<a href=\"https:\/\/feminity.zoznam.sk\/gl\/9571785\/6492595\/Popova-bohyna-Cher-oslavuje-80--rokov--Jej-milostny-zivot-bol-divokejsi-nez-Hollywood\" rel=\"nofollow noopener\" target=\"_blank\"><br \/>\n\t\t<img decoding=\"async\" alt=\"Popov\u00e1 bohy\u0148a Cher oslavuje 80. rokov\" aria-describedby=\"img-res-6492595\" class=\"\" id=\"6492595\" loading=\"lazy\" onerror=\"imgArticleLoadErr(this)\" src=\"https:\/\/www.europesays.com\/sk\/wp-content\/uploads\/2026\/05\/1779187990_851_sloboda-jubileum-80-rokov-uspechy.jpg\" style=\"aspect-ratio:0.765\" title=\"Popov\u00e1 bohy\u0148a Cher oslavuje\"\/>\t\t\t<\/p>\n<p>\n\t\t\t\tZobrazi\u0165 gal\u00e9riu (7)\t\t\t<\/p>\n<p>\t<\/a><\/p>\n<p>Popov\u00e1 bohy\u0148a Cher oslavuje 80. rokov\t\u00a0(Zdroj: Profimedia)<\/p>\n<p>L\u00e1sky, \u0161kand\u00e1ly a \u017eivot pod\u013ea vlastn\u00fdch pravidiel<\/p>\n<p style=\"text-align:justify\">K\u00fdm jej kari\u00e9ra bola lemovan\u00e1 \u00faspechmi, s\u00fakromn\u00fd \u017eivot \u010dasto pripom\u00ednal divok\u00fa jazdu. Prv\u00fdm osudov\u00fdm mu\u017eom bol Sonny Bono, ktor\u00e9ho stretla u\u017e ako \u0161estn\u00e1s\u0165ro\u010dn\u00e1. Ich vz\u0165ah bol pln\u00fd tvorivej energie, ale aj kontroly a nap\u00e4tia, \u010do nakoniec vy\u00fastilo do bolestiv\u00e9ho rozvodu v roku 1975. Zo zv\u00e4zku sa narodila dc\u00e9ra Chastity, ktor\u00e1 nesk\u00f4r podst\u00fapila tranz\u00edciu a dnes \u017eije ako Chaz Bono.<\/p>\n<p>\t<a href=\"https:\/\/feminity.zoznam.sk\/gl\/9571785\/6492599\/Popova-bohyna-Cher-oslavuje-80--rokov--Jej-milostny-zivot-bol-divokejsi-nez-Hollywood\" rel=\"nofollow noopener\" target=\"_blank\"><br \/>\n\t\t<img decoding=\"async\" alt=\"Prv\u00fdm osudov\u00fdm mu\u017eom bol Sonny Bono, ktor\u00e9ho stretla u\u017e ako \u0161estn\u00e1s\u0165ro\u010dn\u00e1\" aria-describedby=\"img-res-6492599\" class=\"\" id=\"6492599\" loading=\"lazy\" onerror=\"imgArticleLoadErr(this)\" src=\"https:\/\/www.europesays.com\/sk\/wp-content\/uploads\/2026\/05\/1779187991_804_sloboda-jubileum-80-rokov-uspechy.jpg\" style=\"aspect-ratio:0.780\" title=\"Prv\u00fdm osudov\u00fdm mu\u017eom bol\"\/>\t\t\t<\/p>\n<p>\n\t\t\t\tZobrazi\u0165 gal\u00e9riu (7)\t\t\t<\/p>\n<p>\t<\/a><\/p>\n<p>Prv\u00fdm osudov\u00fdm mu\u017eom bol Sonny Bono, ktor\u00e9ho stretla u\u017e ako \u0161estn\u00e1s\u0165ro\u010dn\u00e1\t\u00a0(Zdroj: Profimedia)<\/p>\n<p>Rom\u00e1niky so sl\u00e1vnymi mu\u017emi<\/p>\n<p style=\"text-align:justify\">Po rozchode so Sonnym na\u0161la oporu v hudobnom magn\u00e1tovi David Geffen, no kr\u00e1tko nato \u0161okovala verejnos\u0165 svadbou s rockerom Gregg Allman. Ich b\u00farliv\u00fd vz\u0165ah pozna\u010den\u00fd drogami s\u00edce nevydr\u017eal dlho, no narodil sa z neho syn Elijah Blue Allman. V \u010fal\u0161\u00edch rokoch sa jej meno sp\u00e1jalo s basgitaristom skupiny KISS Gene Simmons, hercami Val Kilmer \u010di Tom Cruise, ktor\u00e9ho sama ozna\u010dila za jedn\u00e9ho zo svojich najlep\u0161\u00edch milencov.<\/p>\n<p>\t<a href=\"https:\/\/feminity.zoznam.sk\/gl\/9571785\/6492587\/Popova-bohyna-Cher-oslavuje-80--rokov--Jej-milostny-zivot-bol-divokejsi-nez-Hollywood\" rel=\"nofollow noopener\" target=\"_blank\"><br \/>\n\t\t<img decoding=\"async\" alt=\"Cher a Rob Camilletti, ich vz\u0165ah prip\u00fatal pozornos\u0165 spolo\u010dnosti i m\u00e9di\u00ed\" aria-describedby=\"img-res-6492587\" class=\"\" id=\"6492587\" loading=\"lazy\" onerror=\"imgArticleLoadErr(this)\" src=\"https:\/\/www.europesays.com\/sk\/wp-content\/uploads\/2026\/05\/1779187991_467_sloboda-jubileum-80-rokov-uspechy.jpg\" style=\"aspect-ratio:1.429\" title=\"Cher a Rob Camilletti,\"\/>\t\t\t<\/p>\n<p>\n\t\t\t\tZobrazi\u0165 gal\u00e9riu (7)\t\t\t<\/p>\n<p>\t<\/a><\/p>\n<p>Cher a Rob Camilletti, ich vz\u0165ah prip\u00fatal pozornos\u0165 spolo\u010dnosti i m\u00e9di\u00ed\t\u00a0(Zdroj: Profimedia)<\/p>\n<p>Ani v osemdesiatke neprest\u00e1va \u0161okova\u0165<\/p>\n<p style=\"text-align:justify\">Ve\u013ek\u00fa pozornos\u0165 vyvolal aj jej vz\u0165ah s o osemn\u00e1s\u0165 rokov mlad\u0161\u00edm Robom Camillettim, no e\u0161te v\u00e4\u010d\u0161\u00ed rozruch sp\u00f4sobila s\u00fa\u010dasn\u00e1 l\u00e1ska \u2013 hudobn\u00fd producent Alexander Edwards, ktor\u00fd je od nej mlad\u0161\u00ed takmer o \u0161tyridsa\u0165 rokov. Cher v\u0161ak kritiku vekov\u00e9ho rozdielu nerie\u0161i. Tvrd\u00ed, \u017ee l\u00e1ska nepozn\u00e1 matematiku, a aj na prahu osemdesiatky dokazuje, \u017ee cel\u00fd \u017eivot \u017eije presne pod\u013ea vlastn\u00fdch pravidiel.<\/p>\n<p>\t<a href=\"https:\/\/feminity.zoznam.sk\/gl\/9571785\/6492593\/Popova-bohyna-Cher-oslavuje-80--rokov--Jej-milostny-zivot-bol-divokejsi-nez-Hollywood\" rel=\"nofollow noopener\" target=\"_blank\"><br \/>\n\t\t<img decoding=\"async\" alt=\"Cher je \u0161\u0165astn\u00e1 po boku o takmer \u0161tyridsa\u0165 rokov mlad\u0161ieho mu\u017ea,  kritiku vekov\u00e9ho rozdielu nerie\u0161i\" aria-describedby=\"img-res-6492593\" class=\"\" id=\"6492593\" loading=\"lazy\" onerror=\"imgArticleLoadErr(this)\" src=\"https:\/\/www.europesays.com\/sk\/wp-content\/uploads\/2026\/05\/1779187991_583_sloboda-jubileum-80-rokov-uspechy.jpg\" style=\"aspect-ratio:0.666\" title=\"Cher je \u0161\u0165astn\u00e1 po\"\/>\t\t\t<\/p>\n<p>\n\t\t\t\tZobrazi\u0165 gal\u00e9riu (7)\t\t\t<\/p>\n<p>\t<\/a><\/p>\n<p>Cher je \u0161\u0165astn\u00e1 po boku o takmer \u0161tyridsa\u0165 rokov mlad\u0161ieho mu\u017ea,  kritiku vekov\u00e9ho rozdielu nerie\u0161i\t\u00a0(Zdroj: Profimedia)<\/p>\n","protected":false},"excerpt":{"rendered":"Hudobn\u00fd producent Alexander Edwards je od nej mlad\u0161\u00ed takmer o \u0161tyridsa\u0165 rokov (Zdroj: Profimedia) Cher osl\u00e1vi zajtra 80.&hellip;\n","protected":false},"author":2,"featured_media":73971,"comment_status":"","ping_status":"","sticky":false,"template":"","format":"standard","meta":{"footnotes":"","_share_on_mastodon":"0"},"categories":[20],"tags":[19772,27849,27847,127,126,21888,70,128,88,6740,15247,22040,43,129,6262,40,39,42,41,3018,27848,71],"class_list":["post-73970","post","type-post","status-publish","format-standard","has-post-thumbnail","category-slavne-osobnosti","tag-70-roky","tag-80-narodeniny","tag-80-rokov","tag-celebrities","tag-celebrity","tag-cher","tag-entertainment","tag-famous-people","tag-hudba","tag-ikona","tag-jubileum","tag-pop","tag-sk","tag-slavne-osobnosti","tag-sloboda","tag-slovak","tag-slovakia","tag-slovencina","tag-slovensko","tag-spevacka","tag-uspechy","tag-zabava"],"share_on_mastodon":{"url":"https:\/\/pubeurope.com\/@sk\/116600871560654925","error":""},"_links":{"self":[{"href":"https:\/\/www.europesays.com\/sk\/wp-json\/wp\/v2\/posts\/73970","targetHints":{"allow":["GET"]}}],"collection":[{"href":"https:\/\/www.europesays.com\/sk\/wp-json\/wp\/v2\/posts"}],"about":[{"href":"https:\/\/www.europesays.com\/sk\/wp-json\/wp\/v2\/types\/post"}],"author":[{"embeddable":true,"href":"https:\/\/www.europesays.com\/sk\/wp-json\/wp\/v2\/users\/2"}],"replies":[{"embeddable":true,"href":"https:\/\/www.europesays.com\/sk\/wp-json\/wp\/v2\/comments?post=73970"}],"version-history":[{"count":0,"href":"https:\/\/www.europesays.com\/sk\/wp-json\/wp\/v2\/posts\/73970\/revisions"}],"wp:featuredmedia":[{"embeddable":true,"href":"https:\/\/www.europesays.com\/sk\/wp-json\/wp\/v2\/media\/73971"}],"wp:attachment":[{"href":"https:\/\/www.europesays.com\/sk\/wp-json\/wp\/v2\/media?parent=73970"}],"wp:term":[{"taxonomy":"category","embeddable":true,"href":"https:\/\/www.europesays.com\/sk\/wp-json\/wp\/v2\/categories?post=73970"},{"taxonomy":"post_tag","embeddable":true,"href":"https:\/\/www.europesays.com\/sk\/wp-json\/wp\/v2\/tags?post=73970"}],"curies":[{"name":"wp","href":"https:\/\/api.w.org\/{rel}","templated":true}]}}