{"id":74017,"date":"2026-05-19T11:46:10","date_gmt":"2026-05-19T11:46:10","guid":{"rendered":"https:\/\/www.europesays.com\/sk\/74017\/"},"modified":"2026-05-19T11:46:10","modified_gmt":"2026-05-19T11:46:10","slug":"syna-miliardara-a-sefa-modneho-imperia-zadrzala-policia","status":"publish","type":"post","link":"https:\/\/www.europesays.com\/sk\/74017\/","title":{"rendered":"Syna miliard\u00e1ra a \u0161\u00e9fa m\u00f3dneho imp\u00e9ria zadr\u017eala pol\u00edcia!"},"content":{"rendered":"<p>BARCELONA\u2013 Svetom m\u00f3dy otriasol obrovsk\u00fd \u0161kand\u00e1l, ktor\u00fd pripom\u00edna scen\u00e1r z krimin\u00e1lneho filmu. \u0160panielska pol\u00edcia v Katal\u00e1nsku v utorok zadr\u017eala Jonathana Andica, syna zosnul\u00e9ho zakladate\u013ea svetozn\u00e1mej m\u00f3dnej zna\u010dky Mango. Kriminalisti ho zatkli v r\u00e1mci vy\u0161etrovania z\u00e1hadnej smrti jeho otca, miliard\u00e1ra Isaka Andica. Ten zahynul koncom roka 2024 po p\u00e1de z obrovsk\u00e9ho \u00fatesu.<\/p>\n<p>Pod\u013ea inform\u00e1ci\u00ed katal\u00e1nskej policajnej zlo\u017eky Mossos d&#8217;Esquadra bol Jonathan Andic predveden\u00fd na v\u00fdsluch. Hovorca prominentnej rodiny pre agent\u00faru Reuters potvrdil, \u017ee syna zakladate\u013ea imp\u00e9ria vy\u0161etrovatelia aktu\u00e1lne vypo\u010d\u00favaj\u00fa, no odmietol poskytn\u00fa\u0165 ak\u00e9ko\u013evek bli\u017e\u0161ie podrobnosti.<\/p>\n<p>Fat\u00e1lny p\u00e1d po\u010das rodinnej turistiky<\/p>\n<p>Cel\u00e1 trag\u00e9dia sa odohrala v decembri 2024 v malebnej, no zradnej oblasti pohoria Montserrat ne\u010faleko Barcelony. Isak Andic, jeden z najbohat\u0161\u00edch mu\u017eov \u0160panielska, bol vtedy na turistike so svojimi rodinn\u00fdmi pr\u00edslu\u0161n\u00edkmi.<\/p>\n<p>Za doposia\u013e nevyjasnen\u00fdch okolnost\u00ed sa prominentn\u00fd podnikate\u013e zr\u00fatil z \u00fatesu a po p\u00e1de z v\u00fd\u0161ky viac ako 100 metrov bol na mieste m\u0155tvy. Hoci sa spo\u010diatku hovorilo o tragickej nehode priamo pred o\u010dami rodiny, \u0161panielske m\u00e9di\u00e1 \u010doskoro priniesli inform\u00e1cie, \u017ee pol\u00edcia za\u010dala pr\u00edpad vy\u0161etrova\u0165 ako mo\u017en\u00e9 \u00famyseln\u00e9 zabitie alebo vra\u017edu.<\/p>\n<p>Zadr\u017ean\u00fd Jonathan Andic bol dlh\u00e9 mesiace ofici\u00e1lne v h\u013ead\u00e1\u010diku vy\u0161etrovate\u013eov, no rodina doteraz ak\u00e9ko\u013evek obvinenia ostro odmietala. U\u017e minul\u00fd rok vydali pr\u00edbuzn\u00ed vyhl\u00e1senie, v ktorom vyjadrili absol\u00fatnu d\u00f4veru v Jonathanovu nevinu a spr\u00e1vy o jeho podiele na smrti otca ozna\u010dili za neopodstatnen\u00e9.<\/p>\n<p>Utorkov\u00e9 zatknutie v\u0161ak nazna\u010duje, \u017ee detekt\u00edvi z\u00edskali nov\u00e9 d\u00f4kazy, ktor\u00e9 doteraj\u0161iu verziu o ne\u0161\u0165astnej n\u00e1hode na skal\u00e1ch v\u00e1\u017ene spochyb\u0148uj\u00fa. M\u00f3dne imp\u00e9rium Mango, ktor\u00e9 m\u00e1 tis\u00edcky predajn\u00ed po celom svete vr\u00e1tane Slovenska, tak moment\u00e1lne \u010del\u00ed nielen strate svojho zakladate\u013ea, ale aj brut\u00e1lnej verejnej dr\u00e1me v boji o dedi\u010dstvo a \u010des\u0165 rodiny.<\/p>\n","protected":false},"excerpt":{"rendered":"BARCELONA\u2013 Svetom m\u00f3dy otriasol obrovsk\u00fd \u0161kand\u00e1l, ktor\u00fd pripom\u00edna scen\u00e1r z krimin\u00e1lneho filmu. \u0160panielska pol\u00edcia v Katal\u00e1nsku v utorok&hellip;\n","protected":false},"author":2,"featured_media":74018,"comment_status":"","ping_status":"","sticky":false,"template":"","format":"standard","meta":{"footnotes":"","_share_on_mastodon":"0"},"categories":[32],"tags":[34,37,27873,27874,27872,33,43,40,39,42,41,36,38,35],"class_list":["post-74017","post","type-post","status-publish","format-standard","has-post-thumbnail","category-spravy","tag-headlines","tag-hlavne-spravy","tag-isak-andic","tag-jonathan-andic","tag-mango","tag-news","tag-sk","tag-slovak","tag-slovakia","tag-slovencina","tag-slovensko","tag-spravy","tag-titulky","tag-top-stories"],"share_on_mastodon":{"url":"https:\/\/pubeurope.com\/@sk\/116601080045630199","error":""},"_links":{"self":[{"href":"https:\/\/www.europesays.com\/sk\/wp-json\/wp\/v2\/posts\/74017","targetHints":{"allow":["GET"]}}],"collection":[{"href":"https:\/\/www.europesays.com\/sk\/wp-json\/wp\/v2\/posts"}],"about":[{"href":"https:\/\/www.europesays.com\/sk\/wp-json\/wp\/v2\/types\/post"}],"author":[{"embeddable":true,"href":"https:\/\/www.europesays.com\/sk\/wp-json\/wp\/v2\/users\/2"}],"replies":[{"embeddable":true,"href":"https:\/\/www.europesays.com\/sk\/wp-json\/wp\/v2\/comments?post=74017"}],"version-history":[{"count":0,"href":"https:\/\/www.europesays.com\/sk\/wp-json\/wp\/v2\/posts\/74017\/revisions"}],"wp:featuredmedia":[{"embeddable":true,"href":"https:\/\/www.europesays.com\/sk\/wp-json\/wp\/v2\/media\/74018"}],"wp:attachment":[{"href":"https:\/\/www.europesays.com\/sk\/wp-json\/wp\/v2\/media?parent=74017"}],"wp:term":[{"taxonomy":"category","embeddable":true,"href":"https:\/\/www.europesays.com\/sk\/wp-json\/wp\/v2\/categories?post=74017"},{"taxonomy":"post_tag","embeddable":true,"href":"https:\/\/www.europesays.com\/sk\/wp-json\/wp\/v2\/tags?post=74017"}],"curies":[{"name":"wp","href":"https:\/\/api.w.org\/{rel}","templated":true}]}}