{"id":74844,"date":"2026-05-20T07:40:10","date_gmt":"2026-05-20T07:40:10","guid":{"rendered":"https:\/\/www.europesays.com\/sk\/74844\/"},"modified":"2026-05-20T07:40:10","modified_gmt":"2026-05-20T07:40:10","slug":"musk-prehral-spor-s-openai-porota-odkazala-ze-cakal-so-zalobou-prilis-dlho-sector-sk","status":"publish","type":"post","link":"https:\/\/www.europesays.com\/sk\/74844\/","title":{"rendered":"Musk prehral spor s OpenAI, porota odk\u00e1zala, \u017ee \u010dakal so \u017ealobou pr\u00edli\u0161 dlho &#8211; Sector.sk"},"content":{"rendered":"<p><a href=\"https:\/\/news.google.com\/rss\/articles\/CBMiogFBVV95cUxOWks2QVBzbnFEclktZDhlWFMxSW9xSERpeWpEY1BsdWI0UzRUMHZ6TmxVSE8xRm1PeUZ3NnFHRDVtbENSaTNuRlNaTjVLbzlUcER4cXJYWVd3MnJFNTZabk1LaXdnRHo2S2RlWkVCQnpyMlg3OGRxWXBfSXAtYWt2ajFwR1BVMUg5SHZEcnJWaHRqMGFIV1dXdlhfX0xnc0hxamc?oc=5\" target=\"_blank\" rel=\"nofollow noopener\">Musk prehral spor s OpenAI, porota odk\u00e1zala, \u017ee \u010dakal so \u017ealobou pr\u00edli\u0161 dlho<\/a>&nbsp;&nbsp;Sector.sk<a href=\"https:\/\/news.google.com\/rss\/articles\/CBMifkFVX3lxTE9qRlV1YWgwVUxZVjFLTktTM3hXR0daenVJMWEyN0w4RExUZHFCQnJXQVh5REJpNmZ2R1ZWaEltT3ZOOEc1aHhTakxqQ1ZXVVdycUszcG1Tamt0dXVLYlEyX2Z0cnNxYW9Rbk9NTVlZckNJRXM3TzlZam9zX2kyUQ?oc=5\" target=\"_blank\" rel=\"nofollow noopener\">Musk prehral s\u00fadny spor so spolo\u010dnos\u0165ou OpenAI<\/a>&nbsp;&nbsp;SME.sk<a href=\"https:\/\/news.google.com\/rss\/articles\/CBMiTEFVX3lxTE5BZjd1WDdLQ21hczFUWFRuS29sQ242cHJjUUtrc1FfM1lpemlKc2lmZTB6RGpoN3c4MldNUEhaWmRrNEVDVVEtWDFPTjU?oc=5\" target=\"_blank\" rel=\"nofollow noopener\">Elon Musk prehral s\u00fadny spor s firmou OpenAI,<\/a>&nbsp;&nbsp;Denn\u00edk N<a href=\"https:\/\/news.google.com\/rss\/articles\/CBMiqgFBVV95cUxQVVZHeXpFZTF4SWdNT2RQa1ZBSlE4TjhVWHdtSkdQOGlDV3pyekNBTkFzUnAtTnd1MGxTTXlSdzBqOTZxTFJfYWMtVDVkcDdValo3YmRqcERPREprVFllbUVmRF9uT25vdHVnN0ZIZUR0VWlwdXRwTFRvTDVVOUZlRnluMVVDUHQyazFJUXdzU3E5ZWswUnB1emY5R0NSU0lheklMcFc4U0hrUQ?oc=5\" target=\"_blank\" rel=\"nofollow noopener\">OpenAI vracia \u00fader. Po s\u00fade s Elonom Muskom zva\u017euje \u017ealobu na Apple<\/a>&nbsp;&nbsp;HNonline<a href=\"https:\/\/news.google.com\/rss\/articles\/CBMiqgFBVV95cUxOeEFNZmNqaGRnOXVCbTNWRG1Sc2xOVEJaUG5PR1EwWWx5cFJJaXB4dF8zX2Y4VUdVell6Skd6R3dnQWFLXzdHNV9sZzB5bFYxX2xXWm15WUhFMjg2RDBkM2Q5Tm9oUGxta1ppdnlGa01sQ1RSc2FsenZ4S2tqOTJKSGdpMGdlWndsN0x5VDdkbEF0VHEwdjlxNFBnWksxS3d2eUdzUDJaeHh2Zw?oc=5\" target=\"_blank\" rel=\"nofollow noopener\">Miliard\u00e1r Musk sa odvol\u00e1: Ide o rozsudok v spore so spolo\u010dnos\u0165ou OpenAI<\/a>&nbsp;&nbsp;Topky<\/p>\n","protected":false},"excerpt":{"rendered":"Musk prehral spor s OpenAI, porota odk\u00e1zala, \u017ee \u010dakal so \u017ealobou pr\u00edli\u0161 dlho&nbsp;&nbsp;Sector.skMusk prehral s\u00fadny spor so spolo\u010dnos\u0165ou&hellip;\n","protected":false},"author":2,"featured_media":74845,"comment_status":"","ping_status":"","sticky":false,"template":"","format":"standard","meta":{"footnotes":"","_share_on_mastodon":"0"},"categories":[11],"tags":[64,65,66,5487,24731,1872,1534,3494,11189,3495,43,40,39,42,41,234,24732],"class_list":["post-74844","post","type-post","status-publish","format-standard","has-post-thumbnail","category-ekonomika","tag-business","tag-economic","tag-ekonomika","tag-elon-musk","tag-greg-brockman","tag-hardver","tag-microsoft","tag-openai","tag-reuters","tag-sam-altman","tag-sk","tag-slovak","tag-slovakia","tag-slovencina","tag-slovensko","tag-umela-inteligencia","tag-xai"],"share_on_mastodon":{"url":"https:\/\/pubeurope.com\/@sk\/116605774858201235","error":""},"_links":{"self":[{"href":"https:\/\/www.europesays.com\/sk\/wp-json\/wp\/v2\/posts\/74844","targetHints":{"allow":["GET"]}}],"collection":[{"href":"https:\/\/www.europesays.com\/sk\/wp-json\/wp\/v2\/posts"}],"about":[{"href":"https:\/\/www.europesays.com\/sk\/wp-json\/wp\/v2\/types\/post"}],"author":[{"embeddable":true,"href":"https:\/\/www.europesays.com\/sk\/wp-json\/wp\/v2\/users\/2"}],"replies":[{"embeddable":true,"href":"https:\/\/www.europesays.com\/sk\/wp-json\/wp\/v2\/comments?post=74844"}],"version-history":[{"count":0,"href":"https:\/\/www.europesays.com\/sk\/wp-json\/wp\/v2\/posts\/74844\/revisions"}],"wp:featuredmedia":[{"embeddable":true,"href":"https:\/\/www.europesays.com\/sk\/wp-json\/wp\/v2\/media\/74845"}],"wp:attachment":[{"href":"https:\/\/www.europesays.com\/sk\/wp-json\/wp\/v2\/media?parent=74844"}],"wp:term":[{"taxonomy":"category","embeddable":true,"href":"https:\/\/www.europesays.com\/sk\/wp-json\/wp\/v2\/categories?post=74844"},{"taxonomy":"post_tag","embeddable":true,"href":"https:\/\/www.europesays.com\/sk\/wp-json\/wp\/v2\/tags?post=74844"}],"curies":[{"name":"wp","href":"https:\/\/api.w.org\/{rel}","templated":true}]}}