{"id":75158,"date":"2026-05-20T14:01:06","date_gmt":"2026-05-20T14:01:06","guid":{"rendered":"https:\/\/www.europesays.com\/sk\/75158\/"},"modified":"2026-05-20T14:01:06","modified_gmt":"2026-05-20T14:01:06","slug":"mladik-sa-v-centre-trnavy-vyzliekol-donaha-a-behal-po-namesti","status":"publish","type":"post","link":"https:\/\/www.europesays.com\/sk\/75158\/","title":{"rendered":"Mlad\u00edk sa v centre Trnavy vyzliekol donaha a behal po n\u00e1mest\u00ed"},"content":{"rendered":"<p>TRNAVA \u2013 Obyvate\u013eom a n\u00e1v\u0161tevn\u00edkom Trnavy sa v utorok ve\u010der naskytol poh\u013ead, na ktor\u00fd tak skoro nezabudn\u00fa. Priamo po Troji\u010dnom n\u00e1mest\u00ed v historickom centre mesta toti\u017e pobehoval \u00faplne nah\u00fd mlad\u00fd mu\u017e. Jeho kuri\u00f3zne a poriadne excentrick\u00e9 spr\u00e1vanie okam\u017eite vzbudilo verejn\u00e9 pohor\u0161enie. Vy\u010d\u00ed\u0148anie mlad\u00edka musela r\u00e1zne ukon\u010di\u0165 a\u017e privolan\u00e1 hliadka.<\/p>\n<p>O celom incidente informovala pol\u00edcia na soci\u00e1lnych sie\u0165ach, kde zverejnila aj videoz\u00e1znam z miesta \u010dinu. D\u00f4vody, pre\u010do sa mlad\u00fd mu\u017e rozhodol zhodi\u0165 zo seba v\u0161etko oble\u010denie a urobi\u0165 si v centre mesta netradi\u010dn\u00fd beh, zatia\u013e nie s\u00fa zn\u00e1me.<\/p>\n<p>Jeho nah\u00e1 \u0161ou sa v\u0161ak skon\u010dila ve\u013emi r\u00fdchlo. Svedkovia incidentu zalarmovali str\u00e1\u017ecov z\u00e1kona a zakro\u010dila hliadka Mestskej pol\u00edcie Trnava, ktor\u00e1 mu\u017ea spacifikovala. Mestsk\u00ed policajti ho n\u00e1sledne odovzdali \u0161t\u00e1tnym kolegom. Po vykonan\u00ed v\u0161etk\u00fdch potrebn\u00fdch procesn\u00fdch \u00fakonov mlad\u00edk putoval na miesto, kde mu oble\u010denie ch\u00fdba\u0165 nebude \u2013 policajti ho eskortovali do cely predbe\u017en\u00e9ho zaistenia.<\/p>\n<p>\u201e\u010ci u\u017e ide o \u201emladick\u00fa nerozv\u00e1\u017enos\u0165\u201c, alebo len jednorazov\u00fd skrat, pol\u00edcia tak\u00e9to konanie nem\u00f4\u017ee tolerova\u0165 a mus\u00ed kona\u0165 v zmysle z\u00e1kona. Preto sa v\u017edy najsk\u00f4r zamyslite nad mo\u017en\u00fdmi n\u00e1sledkami, a\u017e potom konajte,\u201c uviedlia pol\u00edcia.<\/p>\n","protected":false},"excerpt":{"rendered":"TRNAVA \u2013 Obyvate\u013eom a n\u00e1v\u0161tevn\u00edkom Trnavy sa v utorok ve\u010der naskytol poh\u013ead, na ktor\u00fd tak skoro nezabudn\u00fa. Priamo&hellip;\n","protected":false},"author":2,"featured_media":75159,"comment_status":"","ping_status":"","sticky":false,"template":"","format":"standard","meta":{"footnotes":"","_share_on_mastodon":"0"},"categories":[6],"tags":[28131,525,43,40,44,39,42,45,41,734],"class_list":["post-75158","post","type-post","status-publish","format-standard","has-post-thumbnail","category-slovensko","tag-nahac","tag-policia","tag-sk","tag-slovak","tag-slovak-republic","tag-slovakia","tag-slovencina","tag-slovenska-republika","tag-slovensko","tag-trnava"],"share_on_mastodon":{"url":"","error":""},"_links":{"self":[{"href":"https:\/\/www.europesays.com\/sk\/wp-json\/wp\/v2\/posts\/75158","targetHints":{"allow":["GET"]}}],"collection":[{"href":"https:\/\/www.europesays.com\/sk\/wp-json\/wp\/v2\/posts"}],"about":[{"href":"https:\/\/www.europesays.com\/sk\/wp-json\/wp\/v2\/types\/post"}],"author":[{"embeddable":true,"href":"https:\/\/www.europesays.com\/sk\/wp-json\/wp\/v2\/users\/2"}],"replies":[{"embeddable":true,"href":"https:\/\/www.europesays.com\/sk\/wp-json\/wp\/v2\/comments?post=75158"}],"version-history":[{"count":0,"href":"https:\/\/www.europesays.com\/sk\/wp-json\/wp\/v2\/posts\/75158\/revisions"}],"wp:featuredmedia":[{"embeddable":true,"href":"https:\/\/www.europesays.com\/sk\/wp-json\/wp\/v2\/media\/75159"}],"wp:attachment":[{"href":"https:\/\/www.europesays.com\/sk\/wp-json\/wp\/v2\/media?parent=75158"}],"wp:term":[{"taxonomy":"category","embeddable":true,"href":"https:\/\/www.europesays.com\/sk\/wp-json\/wp\/v2\/categories?post=75158"},{"taxonomy":"post_tag","embeddable":true,"href":"https:\/\/www.europesays.com\/sk\/wp-json\/wp\/v2\/tags?post=75158"}],"curies":[{"name":"wp","href":"https:\/\/api.w.org\/{rel}","templated":true}]}}