{"id":75175,"date":"2026-05-20T14:17:15","date_gmt":"2026-05-20T14:17:15","guid":{"rendered":"https:\/\/www.europesays.com\/sk\/75175\/"},"modified":"2026-05-20T14:17:15","modified_gmt":"2026-05-20T14:17:15","slug":"volby-2026-lucia-rafaj-becova-chce-prepojene-vysne-opatske-aj-nove-moznosti-pre-komunitu","status":"publish","type":"post","link":"https:\/\/www.europesays.com\/sk\/75175\/","title":{"rendered":"Vo\u013eby 2026: Lucia Rafaj Becov\u00e1 chce prepojen\u00e9 Vy\u0161n\u00e9 Op\u00e1tske aj nov\u00e9 mo\u017enosti pre komunitu"},"content":{"rendered":"<p>\t\t\t\t\t\t\t<img decoding=\"async\" src=\"https:\/\/www.europesays.com\/sk\/wp-content\/uploads\/2026\/05\/image-24-e1748957833615.jpg\" alt=\"Ilustra\u010dn\u00e9 foto. Zdroj: TASR\" style=\"aspect-ratio: 1.33;object-fit: cover; display:inline; width: 100%;\" fetchpriority=\"high\"\/><\/p>\n<p>\t\t\t\t\tIlustra\u010dn\u00e9 foto. Zdroj: TASR<\/p>\n<p>\t\t<img decoding=\"async\" src=\"https:\/\/www.europesays.com\/sk\/wp-content\/uploads\/2026\/05\/1779286634_231_regiony-favicon.png\" aria-label=\"Autor\"\/><\/p>\n<p>Na post starostky mestskej \u010dasti Ko\u0161ice \u2013 Vy\u0161n\u00e9 Op\u00e1tske bude za PS kandidova\u0165 Lucia Rafaj Becov\u00e1. Ozn\u00e1mila to v stredu s v\u00edziou podpory \u0161ir\u0161ieho spektra demokratick\u00fdch opozi\u010dn\u00fdch str\u00e1n, s ktor\u00fdmi intenz\u00edvne rokuje. Jej cie\u013eom je siln\u00e1 a prepojen\u00e1 komunita.<\/p>\n<p>V\u00edziou Rafaj Becovej je prepojen\u00e9 Vy\u0161n\u00e9 Op\u00e1tske a s\u00eddlisko Panor\u00e1ma. Vol\u00e1 po kvalitn\u00fdch vz\u0165ahoch a budovan\u00ed silnej komunity, ale aj dopravnom spojen\u00ed smerom k susedn\u00fdm mestsk\u00fdm \u010dastiam.\u00a0<\/p>\n<p>\u201eNajv\u00e4\u010d\u0161\u00ed probl\u00e9m Vy\u0161n\u00e9ho Op\u00e1tskeho vid\u00edm v prepojenosti dopravnej, ale aj tej \u013eudskej. Sme odk\u00e1zan\u00ed na aut\u00e1 a rozbit\u00e9 cesty bez chodn\u00edkov. Ch\u00fdba tu ak\u00e1ko\u013evek snaha o systematick\u00e9 budovanie vz\u0165ahov, vytv\u00e1ranie komun\u00edt a akt\u00edvnu komunik\u00e1ciu s ob\u010danmi. V\u0161etci sme tu izolovan\u00ed,\u201c uviedla Rafaj Becov\u00e1.\u00a0<\/p>\n<p>Tridsa\u0165jedenro\u010dn\u00e1 Ko\u0161i\u010danka viac ako p\u00e4\u0165 rokov pracovala pre Medzin\u00e1rodn\u00fd Vy\u0161ehradsk\u00fd fond v Bratislave. Ako uviedla, vyu\u017ei\u0165 chce svoje sk\u00fasenosti z p\u00f4sobenia v hodnotiacich komisi\u00e1ch grantov\u00fdch sch\u00e9m na akt\u00edvne p\u00edsanie \u017eiadost\u00ed o granty, a tak nav\u00fd\u0161i\u0165 miestny rozpo\u010det. Po jej boku stoj\u00ed T\u00edm Prep\u00e1jania, ktor\u00e9ho \u010dlenovia vidia najv\u00e4\u010d\u0161\u00ed potenci\u00e1l v nevyu\u017eitom verejnom priestore a opustenom Kult\u00farnom stredisku (KS) J\u00e1no\u0161\u00edk.\u00a0<\/p>\n<p>Mohlo by v\u00e1s zauj\u00edma\u0165:<\/p>\n<p>Reklama<\/p>\n<p> div {<br \/>\ntext-align: left;<br \/>\nfont-size: 12px;<br \/>\ncolor: #6f6f6f;<br \/>\n}<\/p>\n<p>#onnetwork-banner > div:first-child {<br \/>\ntext-align: left;<br \/>\nfont-weight: 700;<br \/>\npadding-bottom: 5px;<br \/>\nfont-size: 14px;<br \/>\ncolor: #000000;<br \/>\n}<\/p>\n<p>]]><\/p>\n<p>\u201e\u00daplne nov\u00e9 mo\u017enosti n\u00e1m prinesie zrekon\u0161truovan\u00e1 \u0160\u00edpkov\u00e1 ulica. Na l\u00fakach Heringe\u0161u nechceme len \u0161arkani\u00e1du, predstavte si tam filmov\u00fd festival pod hviezdami alebo discgolf. Zmodernizovan\u00edm n\u00e1\u0161ho J\u00e1no\u0161\u00edka a otvoren\u00edm kaviarne alebo cukr\u00e1rne vytvor\u00edme \u017eiv\u00fd priestor, ktor\u00fd chceme naplni\u0165 kvalitn\u00fdmi podujatiami,\u201c skon\u0161tatovala Rafaj Becov\u00e1.<\/p>\n<p>Pri prezent\u00e1cii kandidat\u00fary jej vyjadrili podporu kandid\u00e1ti PS na prim\u00e1tora Ko\u0161\u00edc a predsedu KSK Martin Mudr\u00e1k a Mari\u00e1n Porva\u017en\u00edk, ako aj poslanky\u0148a N\u00e1rodnej rady (NR) SR za PS Zuzana Mesterov\u00e1.<\/p>\n<p>Spojen\u00e9 vo\u013eby do org\u00e1nov samospr\u00e1vy obc\u00ed a vo\u013eby do org\u00e1nov samospr\u00e1vnych krajov sa uskuto\u010dnia 24. okt\u00f3bra.<\/p>\n<p><a class=\"map-link\" target=\"_blank\" href=\"https:\/\/mapa.zoznam.sk\/?z=12&amp;p[0]=48.7128797,21.2796139\" rel=\"nofollow noopener\"><img decoding=\"async\" src=\"https:\/\/www.europesays.com\/sk\/wp-content\/uploads\/2026\/05\/1779286635_727_staticmap.png\" style=\"padding-bottom:30px;width:100%\"\/><\/a>\t\t\t\t\t\t\t\t\t\t\t\t\t\t\t\t\t\t\t\t\t\t<\/p>\n<p class=\"tags\">Viac o t\u00e9me:<br \/>\n\t\t\t\t\t\t\t\t\t\t\t\t\t\t\t\t\t\t\t<a href=\"https:\/\/regiony.zoznam.sk\/tag\/komunalne-volby\/\" rel=\"nofollow noopener\" target=\"_blank\">komun\u00e1lne vo\u013eby<\/a>, \t\t\t\t\t\t\t\t\t\t\t\t\t\t\t\t\t\t\t<a href=\"https:\/\/regiony.zoznam.sk\/tag\/kosice-2\/\" rel=\"nofollow noopener\" target=\"_blank\">Kosice<\/a>, \t\t\t\t\t\t\t\t\t\t\t\t\t\t\t\t\t\t\t<a href=\"https:\/\/regiony.zoznam.sk\/tag\/mestske-casti\/\" rel=\"nofollow noopener\" target=\"_blank\">mestsk\u00e9 \u010dasti<\/a>, \t\t\t\t\t\t\t\t\t\t\t\t\t\t\t\t\t\t\t<a href=\"https:\/\/regiony.zoznam.sk\/tag\/starostka\/\" rel=\"nofollow noopener\" target=\"_blank\">starostka<\/a>, \t\t\t\t\t\t\t\t\t\t\t\t\t\t\t\t\t\t\t<a href=\"https:\/\/regiony.zoznam.sk\/tag\/volby-2026\/\" rel=\"nofollow noopener\" target=\"_blank\">vo\u013eby 2026<\/a>\t\t\t\t\t\t\t\t\t\t\t\t\t\t\t\t\t<\/p>\n<p>\t\tKoment\u00e1re k \u010dl\u00e1nku<\/p>\n<p>Moment\u00e1lne nie je pridan\u00fd \u017eiadny koment\u00e1r<\/p>\n<p><\/p>\n","protected":false},"excerpt":{"rendered":"Ilustra\u010dn\u00e9 foto. Zdroj: TASR Na post starostky mestskej \u010dasti Ko\u0161ice \u2013 Vy\u0161n\u00e9 Op\u00e1tske bude za PS kandidova\u0165 Lucia&hellip;\n","protected":false},"author":2,"featured_media":75176,"comment_status":"","ping_status":"","sticky":false,"template":"","format":"standard","meta":{"footnotes":"","_share_on_mastodon":"0"},"categories":[22],"tags":[1693,137,20887,43,40,39,42,41,24351,16450],"class_list":["post-75175","post","type-post","status-publish","format-standard","has-post-thumbnail","category-kosice","tag-komunalne-volby","tag-kosice","tag-mestske-casti","tag-sk","tag-slovak","tag-slovakia","tag-slovencina","tag-slovensko","tag-starostka","tag-volby-2026"],"share_on_mastodon":{"url":"https:\/\/pubeurope.com\/@sk\/116607335993999968","error":""},"_links":{"self":[{"href":"https:\/\/www.europesays.com\/sk\/wp-json\/wp\/v2\/posts\/75175","targetHints":{"allow":["GET"]}}],"collection":[{"href":"https:\/\/www.europesays.com\/sk\/wp-json\/wp\/v2\/posts"}],"about":[{"href":"https:\/\/www.europesays.com\/sk\/wp-json\/wp\/v2\/types\/post"}],"author":[{"embeddable":true,"href":"https:\/\/www.europesays.com\/sk\/wp-json\/wp\/v2\/users\/2"}],"replies":[{"embeddable":true,"href":"https:\/\/www.europesays.com\/sk\/wp-json\/wp\/v2\/comments?post=75175"}],"version-history":[{"count":0,"href":"https:\/\/www.europesays.com\/sk\/wp-json\/wp\/v2\/posts\/75175\/revisions"}],"wp:featuredmedia":[{"embeddable":true,"href":"https:\/\/www.europesays.com\/sk\/wp-json\/wp\/v2\/media\/75176"}],"wp:attachment":[{"href":"https:\/\/www.europesays.com\/sk\/wp-json\/wp\/v2\/media?parent=75175"}],"wp:term":[{"taxonomy":"category","embeddable":true,"href":"https:\/\/www.europesays.com\/sk\/wp-json\/wp\/v2\/categories?post=75175"},{"taxonomy":"post_tag","embeddable":true,"href":"https:\/\/www.europesays.com\/sk\/wp-json\/wp\/v2\/tags?post=75175"}],"curies":[{"name":"wp","href":"https:\/\/api.w.org\/{rel}","templated":true}]}}