{"id":75884,"date":"2026-05-21T09:14:11","date_gmt":"2026-05-21T09:14:11","guid":{"rendered":"https:\/\/www.europesays.com\/sk\/75884\/"},"modified":"2026-05-21T09:14:11","modified_gmt":"2026-05-21T09:14:11","slug":"svojim-sexepilom-muzov-zrazala-na-kolena-podlahol-jej-aj-gene-simmons-dnes-randi-s-vyrazne-mladsim-partnerom-popova-kralovna-cher-oslavila-80-rokov-ludia-zena","status":"publish","type":"post","link":"https:\/\/www.europesays.com\/sk\/75884\/","title":{"rendered":"Svoj\u00edm sexep\u00edlom mu\u017eov zr\u00e1\u017eala na kolen\u00e1. Pod\u013eahol jej aj Gene Simmons, dnes rand\u00ed s v\u00fdrazne mlad\u0161\u00edm partnerom. Popov\u00e1 kr\u00e1\u013eovn\u00e1 Cher osl\u00e1vila 80 rokov &#8211; \u013dudia &#8211; \u017dena"},"content":{"rendered":"<p itemprop=\"description\">Za svoju viac ne\u017e \u0161es\u0165desiatro\u010dn\u00fa hudobn\u00fa a filmov\u00fa kari\u00e9ru z\u00edskala tri Zlat\u00e9 gl\u00f3busy, so\u0161ku Oscara, dve hudobn\u00e9 ceny Grammy, cenu na filmovom festivale v Cannes a ned\u00e1vno ju uviedli do Rokenrolovej siene sl\u00e1vy. <\/p>\n<p>\t\t\t\t\t\t\t\t\t\t\t\t\t\t\t\t\tTASR,<br \/>\n\t\t\t\t\t\t\t\t\t\t\t\t\t\t\t\t\tPravda<\/p>\n<p>\t\t\t\t\t\t\t\t21.05.2026 06:00 \t\t\t\t\t\t\t<\/p>\n<p>\t\t\t\t<img decoding=\"async\" class=\"article-detail-image\" src=\"https:\/\/www.europesays.com\/sk\/wp-content\/uploads\/2026\/05\/cher-a-jej-o-40-rokov-mladsi-partner-alexander-edwards-nestandard1.jpg\" alt=\"Cher a jej o 40 rokov mlad\u0161\u00ed partner Alexander...\"\/><br \/>\n\t\t\t\t\t\t\t\t\tFoto: Matt Baron\/BEI \/ Shutterstock Editorial \/ Profimedia<\/p>\n<p>                        Cher a jej o 40 rokov mlad\u0161\u00ed partner Alexander Edwards.<\/p>\n<p>Cher, americk\u00e1 spev\u00e1\u010dka, skladate\u013eka, tane\u010dn\u00ed\u010dka, here\u010dka, niekdaj\u0161ia m\u00f3dna hviezda a filantropka arm\u00e9nskeho p\u00f4vodu, osl\u00e1vila v\u00a0stredu 20.\u00a0m\u00e1ja 80\u00a0rokov.<\/p>\n<p>Napriek pokro\u010dil\u00e9mu veku v\u0161ak st\u00e1le vyzer\u00e1 ve\u013emi dobre. Pred ned\u00e1vnom napr\u00edklad <a target=\"_blank\" href=\"https:\/\/zena.pravda.sk\/krasa-a-moda\/clanok\/805737-79-rocna-cher-sokovala-met-gala-odhalila-tajomstvo-krasnych-pier-po-ktorych-tuzia-jej-rovesnicky-aj-omnoho-mladsie\/\" rel=\"nofollow noopener\">\u017eiarila na \u010dervenom koberci po\u010das MET Gala<\/a> v\u00a0New\u00a0Yorku.<\/p>\n<p>Popov\u00e1 kr\u00e1\u013eovn\u00e1 si st\u00e1le u\u017e\u00edva pozornos\u0165 m\u00e9di\u00ed a z\u00a0predsudkov si nerob\u00ed \u0165a\u017ek\u00fa hlavu. <a target=\"_blank\" href=\"https:\/\/zena.pravda.sk\/sex-a-vztahy\/clanok\/773968-ikona-cher-prekonava-cas-aj-predsudky-so-svojim-o-40-rokov-mladsim-partnerom-ziari-stastim\/\" rel=\"nofollow noopener\">Jej partner, americk\u00fd hudobn\u00fd producent a raper Alexander Edwards, je a\u017e o\u00a040\u00a0rokov mlad\u0161\u00ed<\/a>, no pod\u013ea jej vlastn\u00fdch slov medzi nimi panuje rados\u0165, humor a hlbok\u00e9 porozumenie.<\/p>\n<p>\t\t\t \t\t\t\t\t\t\t\t<img decoding=\"async\" class=\"lazy article-detail-image\" alt=\"Spev\u00e1\u010dka Cher v kre\u00e1cii Chrome Hearts.\" src=\"https:\/\/www.europesays.com\/sk\/wp-content\/uploads\/2026\/05\/spevacka-cher-v-kreacii-chrome-hearts-nestandard1.jpg\"\/> \t\t\t\t\t\t\t\t\t\t\t \t\t\t\t\t\t\tFoto: SITA\/AP, Evan Agostini \t\t\t\t\t\t\t\t<\/p>\n<p>\t\t\t\t \t\t\t\t\tSpev\u00e1\u010dka Cher v kre\u00e1cii Chrome Hearts. \t\t\t\t \t\t\t\t\t\t\t\t\tSpev\u00e1\u010dka Cher v kre\u00e1cii Chrome Hearts. \t\t\t\t\t\t<\/p>\n<p>Hrala s\u00a0Nicholsonom aj Cageom<\/p>\n<p>Ako here\u010dka za\u017eiarila vo filmoch ako Silkwoodov\u00e1 (1983) s\u00a0Meryl Streepovou, \u010carodejnice z\u00a0Eastwicku (1987) s\u00a0Jackom Nicholsonom, Pod vplyvom splnu (1987) s\u00a0Nicolasom Cageom \u010di v\u00a0sn\u00edmke Morsk\u00e9 v\u00edly (1990) s\u00a0Winonou Ryderovou.<\/p>\n<p>Svoju prv\u00fa skladbu, ktorej n\u00e1zov bol in\u0161pirovan\u00fd vtedaj\u0161ou beatlem\u00e1niou, nato\u010dila u\u017e v\u00a0roku 1964.\u00a0Piese\u0148 Ringo I\u00a0Love You s\u00edce nebola \u00faspe\u0161n\u00e1, ale v\u010faka skladbe I\u00a0Got You Babe, ktor\u00fa naspievala so svoj\u00edm vtedaj\u0161\u00edm man\u017eelom Sonnym Bonom v\u00a0roku 1965, ju poznal cel\u00fd\u00a0svet.<\/p>\n<p>Exotick\u00fd vzh\u013ead zdedila po rodi\u010doch<\/p>\n<p>Medzi jej \u010fal\u0161ie ve\u013ek\u00e9 hity patria skladby Strong Enough (1999), Believe (1998), If I\u00a0Could Turn Back Time (1989) \u010di I\u00a0Found Someone (1987). Cher, rodn\u00fdm menom Cherilyn Sarkisianov\u00e1, sa narodila 20.\u00a0m\u00e1ja 1946\u00a0v\u00a0kalifornskom meste El Centro.<\/p>\n<p>Svoj exotick\u00fd vzh\u013ead zdedila po rodi\u010doch s\u00a0arm\u00e9nskymi, \u00edrskymi a nemeck\u00fdmi kore\u0148mi. Cher v\u00a0detstve trpela nediagnostikovanou dyslexiou. T\u00fa\u017eila sa sta\u0165 here\u010dkou a jej vzorom bola Audrey Hepburnov\u00e1.<\/p>\n<p>\t<a class=\"promo-clanok\" href=\"https:\/\/zena.pravda.sk\/ludia\/clanok\/809277-vasnivy-tanec-aj-laskyplne-pohlady-meghan-zverejnila-nove-fotky-zo-svadby-s-harrym\/\" rel=\"nofollow noopener\" target=\"_blank\"> \t\t\t\t\t<img decoding=\"async\" src=\"https:\/\/www.europesays.com\/sk\/wp-content\/uploads\/2026\/05\/princ-harry-a-meghan-markle-stvorec.jpg\" class=\"promo-clanok-image\" alt=\"Princ Harry a Meghan Markle \"\/> \t\t\t \t\t\t\t \t\t\t\t\t\t\t\t\t\t\t\u010c\u00edtajte viac \t\t\t\t\t\t\t\t\t \t\t\t\t \t\t\t\t\tV\u00e1\u0161niv\u00fd tanec aj l\u00e1skypln\u00e9 poh\u013eady. Meghan zverejnila nov\u00e9 fotky zo svadby s Harrym \t\t\t\t \t\t\t \t\t\t<\/a><br \/>\nV\u00a0LA spoznala osudov\u00e9ho mu\u017ea<\/p>\n<p>V\u00a016\u00a0rokov odi\u0161la zo \u0161koly a pres\u0165ahovala sa do Los Angeles. Tam v\u00a0roku 1962\u00a0spoznala osudov\u00e9ho mu\u017ea, ktor\u00fd ovplyvnil nielen jej kari\u00e9ru ale aj osobn\u00fd \u017eivot. Bol n\u00edm americk\u00fd spev\u00e1k Salvatore \u201eSonny\u201c Bono, za ktor\u00e9ho sa v\u00a0roku 1964\u00a0vydala.<\/p>\n<p>P\u00e1r za\u010dal spolu spieva\u0165 a ich prv\u00fd ve\u013ek\u00fd hit bol I\u00a0Got You Babe (1965). Do roku 1967\u00a0predali po celom svete neuverite\u013en\u00fdch 40\u00a0mili\u00f3nov k\u00f3pi\u00ed ich albumov. Koncom 60.\u00a0rokov za\u010dala ich popularita upada\u0165.<\/p>\n<p>Zlom nastal v\u00a0roku 1971, ke\u010f Cher a Sonny Bono mali v\u00a0telev\u00edzii svoju vlastn\u00fa \u0161ou s\u00a0n\u00e1zvom The Sonny and Cher Comedy Hour, ktor\u00e1 sa pre vysok\u00fa sledovanos\u0165 vysielala a\u017e do roku\u00a01974.<\/p>\n<p>Za v\u00fdkon v\u00a0tejto \u0161ou bola Cher odmenen\u00e1 ziskom Zlat\u00e9ho gl\u00f3busu (1974) pre najlep\u0161iu here\u010dku v\u00a0oblasti telev\u00edznej a hudobnej z\u00e1bavy.<\/p>\n<p>V\u00a0tomto obdob\u00ed prekvitala i\u00a0jej s\u00f3lov\u00e1 spev\u00e1cka kari\u00e9ra. Na za\u010diatku 70.\u00a0rokov mala tri hity, ktor\u00e9 sa dostali na prv\u00e9 miesto hitpar\u00e1d Gypsys, Tramps &amp; Thieves, Half-Breed a Dark\u00a0Lady.<\/p>\n<p>Jej prepracovan\u00e9, \u010dasto flitrovan\u00e9 a per\u00edm ozdoben\u00e9 kost\u00fdmy boli zv\u00e4\u010d\u0161a dielom hollywoodskeho m\u00f3dneho n\u00e1vrh\u00e1ra Boba Mackieho. \u201eZnova a znova si uvedomujem, \u017ee talent a vplyv, ktor\u00fd na m\u0148a mal Bob Mackie, jednoducho nemaj\u00fa konca,\u201c uviedla Cher o\u00a0ich dlhoro\u010dnej spolupr\u00e1ci.<\/p>\n<p>Rozvod a nomin\u00e1cia na Oscara<\/p>\n<p>Cher a Sonny sa rozviedli v\u00a0roku 1974.\u00a0Dvojica sa v\u0161ak op\u00e4\u0165 vr\u00e1tila na telev\u00edzne obrazovky s\u00a0projektom s\u00a0n\u00e1zvom The Sonny and Cher Show, ktor\u00fd sa vysielal dve sez\u00f3ny (1976\u20131977).<\/p>\n<p>N\u00e1sledne Cher rozbehla \u00faspe\u0161n\u00fa kari\u00e9ru v\u00a0no\u010dn\u00fdch kluboch a op\u00e4\u0165 sa vr\u00e1tila k\u00a0herectvu. Objavila sa v\u00a0broadwayskej aj filmovej verzii muzik\u00e1lu Come Back to the Five and Dime, Jimmy Dean, Jimmy Dean (1982) a za ved\u013eaj\u0161iu \u00falohu vo filme Silkwoodov\u00e1 (1983) bola nominovan\u00e1 na Oscara.<\/p>\n<p>\t<a class=\"promo-clanok\" href=\"https:\/\/zena.pravda.sk\/krasa-a-moda\/clanok\/809117-najkrajsie-outfity-z-cannes-sharon-stone-a-cate-blanchett-vyrazali-dych-bella-hadid-vyzerala-ako-anjel\/\" rel=\"nofollow noopener\" target=\"_blank\"> \t\t\t\t\t<img decoding=\"async\" src=\"https:\/\/www.europesays.com\/sk\/wp-content\/uploads\/2026\/05\/1779354851_311_americka-herecka-sharon-stone-stvorec.jpg\" class=\"promo-clanok-image\" alt=\"Americk\u00e1 here\u010dka Sharon Stone\"\/> \t\t\t \t\t\t\t \t\t\t\t\t\t\t\t\t\t\t\u010c\u00edtajte viac \t\t\t\t\t\t\t\t\t \t\t\t\t \t\t\t\t\tNajkraj\u0161ie outfity z Cannes: Sharon Stone a Cate Blanchett vyr\u00e1\u017eali dych, Bella Hadid vyzerala ako anjel \t\t\t\t \t\t\t \t\t\t<\/a><br \/>\nZ\u00edskala cenu v\u00a0Cannes<\/p>\n<p>Prest\u00ed\u017enu so\u0161ku si v\u0161ak napokon odniesla a\u017e v\u00a0roku 1988\u00a0za hlavn\u00fa \u00falohu taliansko-americkej vdovy v\u00a0romantickej kom\u00e9dii Pod vplyvom splnu (1987). Ocenili ju aj na festivale v\u00a0Cannes za film Maska (1985).<\/p>\n<p>Na telev\u00edznych obrazovk\u00e1ch Cher zarezonovala v\u00a0dr\u00e1me If These Walls Could Talk (1996). Div\u00e1kov si z\u00edskala aj v\u00a0popul\u00e1rnom sitkome Will &amp; Grace. V\u00a0roku 2010\u00a0za\u017eiarila ako majite\u013eka no\u010dn\u00e9ho klubu a interpretka v\u00a0filmovom muzik\u00e1li Variet\u00e9 a v\u00a0roku 2018\u00a0sa vr\u00e1tila na filmov\u00e9 pl\u00e1tna v\u00a0div\u00e1ckom hite Mamma Mia! Here We Go\u00a0Again.<\/p>\n<p>\t\t\t \t\t\t\t\t\t\t\t<img decoding=\"async\" class=\"lazy article-detail-image\" alt=\"Spev\u00e1\u010dka Cher na z\u00e1bere z roku 1980.\" src=\"https:\/\/www.europesays.com\/sk\/wp-content\/uploads\/2026\/05\/spevacka-cher-na-zabere-z-roku-1980-nestandard1.jpg\"\/> \t\t\t\t\t\t\t\t\t\t\t \t\t\t\t\t\t\tFoto: \u010cTK \/ AP \/ Langdon\/Rock Negatives\/MediaPunch \t\t\t\t\t\t\t\t<\/p>\n<p>\t\t\t\t \t\t\t\t\tSpev\u00e1\u010dka Cher na z\u00e1bere z roku 1980 \t\t\t\t \t\t\t\t\t\t\t\t\tSpev\u00e1\u010dka Cher na z\u00e1bere z roku 1980. \t\t\t\t\t\t<\/p>\n<p>N\u00e1sledne Cher vydala album Dancing Queen s\u00a0coververziami piesn\u00ed skupiny ABBA. Spev\u00e1\u010dka na albume spolupracovala s\u00a0dlhoro\u010dn\u00fdm kolegom Markom Taylorom, ktor\u00fd sa podie\u013eal aj na jej hite Believe, v\u00a0ktorom zaznel po prv\u00fd raz v\u00a0hist\u00f3rii po\u010d\u00edta\u010dom modulovan\u00fd\u00a0hlas.<\/p>\n<p>Na konci 80.\u00a0rokov vydala Cher dva \u00faspe\u0161n\u00e9 albumy Cher (1987) a Heart of Stone (1989). V\u00a0roku 1988\u00a0sa dostala do top 10\u00a0s\u00a0baladou I\u00a0Found Someone, po ktorej nasledovala piese\u0148, ktor\u00e1 sa stala jednou z\u00a0jej najzn\u00e1mej\u0161\u00edch If I\u00a0Could Turn Back Time. Po tomto \u00faspechu jej hudobn\u00e1 kari\u00e9ra op\u00e4\u0165 upadla, ale vr\u00e1tila sa s\u00a0albumami Believe (1998) a Living Proof (2002).<\/p>\n<p>V\u00a0roku 2000\u00a0z\u00edskala cenu Grammy za singel Believe, druh\u00fa Grammy vyhrala za celo\u017eivotn\u00fd pr\u00ednos vo febru\u00e1ri tohto roka. V\u00a0roku 2018\u00a0z\u00edskala Cher prest\u00ed\u017ene ocenenie Kennedyho centra za celo\u017eivotn\u00fd pr\u00ednos americkej kult\u00fare.<\/p>\n<p>Chodila aj s\u00a0hviezdou kapely Kiss<\/p>\n<p>Vydala tie\u017e knihu Cher: The Memoir, Part One, ktor\u00e1 zachyt\u00e1va \u017eivot od detstva a\u017e po za\u010diatok jej hereckej kari\u00e9ry. Cher ozn\u00e1mila, \u017ee v\u00a0roku 2025\u00a0pl\u00e1nuje vyda\u0165 druh\u00fa \u010das\u0165. To sa ale nepodarilo zrealizova\u0165, nov\u00fd term\u00edn vydania vydavate\u013estvo ur\u010dilo na polovicu novembra tohto\u00a0roka.<\/p>\n<p>Cher m\u00e1 dvoch synov, Chaza Bona, z\u00a0man\u017eelstva so Sonnym Bonom (1964\u00a0\u2013 1975) a Elijah Blue Allmana, z\u00a0man\u017eelstva s\u00a0hudobn\u00edkom Greggom Allmanom (1964\u00a0\u2013\u00a01975).<\/p>\n<p><a target=\"_blank\" href=\"https:\/\/people.com\/cher-says-ex-gene-simmons-loved-her-after-one-date-8752480\" rel=\"nofollow noopener\">Ako p\u00ed\u0161e People<\/a>, v\u00a0rokoch 1977\u00a0a\u017e 1979\u00a0chodila tie\u017e s\u00a0\u010dlenom popul\u00e1rnej rockovej kapely Kiss. Jej \u0161armu pod\u013eahol basgitarista a spev\u00e1k Gene Simmons. Za\u010diatkom osemdesiatych rokov <a target=\"_blank\" href=\"https:\/\/koktail.pravda.sk\/z-obrazovky-i-spoza-nej\/clanok\/746855-kilmer-bol-zvodcom-hollywoodu-jeho-laskou-bola-o-13-rokov-starsia-cher-inu-kolegynu-priviedol-k-oltaru-aj-on-vsak-skoncil-so-zlo\/\" rel=\"nofollow noopener\">randila aj s\u00a0americk\u00fdm hercom Valom Kilmerom<\/a>.<\/p>\n","protected":false},"excerpt":{"rendered":"Za svoju viac ne\u017e \u0161es\u0165desiatro\u010dn\u00fa hudobn\u00fa a filmov\u00fa kari\u00e9ru z\u00edskala tri Zlat\u00e9 gl\u00f3busy, so\u0161ku Oscara, dve hudobn\u00e9 ceny&hellip;\n","protected":false},"author":2,"featured_media":75885,"comment_status":"","ping_status":"","sticky":false,"template":"","format":"standard","meta":{"footnotes":"","_share_on_mastodon":"0"},"categories":[20],"tags":[127,126,21888,70,128,28342,207,15247,9894,13049,43,129,40,39,42,41,3018,71,28343],"class_list":["post-75884","post","type-post","status-publish","format-standard","has-post-thumbnail","category-slavne-osobnosti","tag-celebrities","tag-celebrity","tag-cher","tag-entertainment","tag-famous-people","tag-grammy","tag-herecka","tag-jubileum","tag-oscar","tag-oslava","tag-sk","tag-slavne-osobnosti","tag-slovak","tag-slovakia","tag-slovencina","tag-slovensko","tag-spevacka","tag-zabava","tag-zlaty-globus"],"share_on_mastodon":{"url":"https:\/\/pubeurope.com\/@sk\/116611806853365313","error":""},"_links":{"self":[{"href":"https:\/\/www.europesays.com\/sk\/wp-json\/wp\/v2\/posts\/75884","targetHints":{"allow":["GET"]}}],"collection":[{"href":"https:\/\/www.europesays.com\/sk\/wp-json\/wp\/v2\/posts"}],"about":[{"href":"https:\/\/www.europesays.com\/sk\/wp-json\/wp\/v2\/types\/post"}],"author":[{"embeddable":true,"href":"https:\/\/www.europesays.com\/sk\/wp-json\/wp\/v2\/users\/2"}],"replies":[{"embeddable":true,"href":"https:\/\/www.europesays.com\/sk\/wp-json\/wp\/v2\/comments?post=75884"}],"version-history":[{"count":0,"href":"https:\/\/www.europesays.com\/sk\/wp-json\/wp\/v2\/posts\/75884\/revisions"}],"wp:featuredmedia":[{"embeddable":true,"href":"https:\/\/www.europesays.com\/sk\/wp-json\/wp\/v2\/media\/75885"}],"wp:attachment":[{"href":"https:\/\/www.europesays.com\/sk\/wp-json\/wp\/v2\/media?parent=75884"}],"wp:term":[{"taxonomy":"category","embeddable":true,"href":"https:\/\/www.europesays.com\/sk\/wp-json\/wp\/v2\/categories?post=75884"},{"taxonomy":"post_tag","embeddable":true,"href":"https:\/\/www.europesays.com\/sk\/wp-json\/wp\/v2\/tags?post=75884"}],"curies":[{"name":"wp","href":"https:\/\/api.w.org\/{rel}","templated":true}]}}