{"id":76281,"date":"2026-05-21T16:41:20","date_gmt":"2026-05-21T16:41:20","guid":{"rendered":"https:\/\/www.europesays.com\/sk\/76281\/"},"modified":"2026-05-21T16:41:20","modified_gmt":"2026-05-21T16:41:20","slug":"aktualne-velka-policajna-akcia-v-centre-mesta-zasahuje-ubok-prve-info-z-miesta","status":"publish","type":"post","link":"https:\/\/www.europesays.com\/sk\/76281\/","title":{"rendered":"AKTU\u00c1LNE Ve\u013ek\u00e1 policajn\u00e1 akcia v centre mesta: Zasahuje \u00daBOK! Prv\u00e9 info z miesta"},"content":{"rendered":"<p>\t\t\t\t\t\t\t<img decoding=\"async\" src=\"https:\/\/www.europesays.com\/sk\/wp-content\/uploads\/2026\/05\/policajne-auta-majaky-ilustracne-foto-zdroj-facebook-policia-sr.jpg\" alt=\"Ilustra\u010dn\u00e9 foto. Zdroj: Facebook\/Pol\u00edcia SR - Ko\u0161ick\u00fd kraj\" style=\"aspect-ratio: 1.33;object-fit: cover; display:inline; width: 100%;\" fetchpriority=\"high\"\/><\/p>\n<p>\t\t\t\t\tIlustra\u010dn\u00e9 foto. Zdroj: Facebook\/Pol\u00edcia SR &#8211; Ko\u0161ick\u00fd kraj<\/p>\n<p>\t\t<img decoding=\"async\" src=\"https:\/\/www.europesays.com\/sk\/wp-content\/uploads\/2026\/05\/1779381679_259_regiony-favicon.png\" aria-label=\"Autor\"\/><\/p>\n<p>Policajti z \u00daradu boja proti organizovanej kriminalite dnes (21.5) od r\u00e1na zasahuj\u00fa v centre Ko\u0161\u00edc. Akcia m\u00e1 s\u00favisie\u0165 s podozren\u00edm z v\u00e1\u017enej n\u00e1silnej trestnej \u010dinnosti.<\/p>\n<p>Port\u00e1l <a href=\"https:\/\/www.aktuality.sk\/clanok\/fjLOzJk\/velka-policajna-akcia-ubok-zasahuje-v-centre-kosic\/\" type=\"link\" id=\"https:\/\/www.aktuality.sk\/clanok\/fjLOzJk\/velka-policajna-akcia-ubok-zasahuje-v-centre-kosic\/\" target=\"_blank\" rel=\"noreferrer noopener nofollow\">Aktuality.sk<\/a> informuje, \u017ee cie\u013eom z\u00e1sahu by malo by\u0165 zadr\u017eanie podozrivej osoby. Na mieste sa pohybovalo viacero policajtov ozna\u010den\u00fdch p\u00e1skami a vidie\u0165 bolo aj nieko\u013eko slu\u017eobn\u00fdch \u00e1ut.<\/p>\n<p>Bli\u017e\u0161ie okolnosti nateraz nie s\u00fa zn\u00e1me. Pol\u00edcia zatia\u013e stanovisko neposkytla.<\/p>\n<p>Mohlo by v\u00e1s zauj\u00edma\u0165:<\/p>\n<p>Reklama<\/p>\n<p> div {<br \/>\ntext-align: left;<br \/>\nfont-size: 12px;<br \/>\ncolor: #6f6f6f;<br \/>\n}<\/p>\n<p>#onnetwork-banner > div:first-child {<br \/>\ntext-align: left;<br \/>\nfont-weight: 700;<br \/>\npadding-bottom: 5px;<br \/>\nfont-size: 14px;<br \/>\ncolor: #000000;<br \/>\n}<\/p>\n<p>]]><\/p>\n<p>\t\t<a href=\"https:\/\/nitra.zoznam.sk\/najhorsie-obavy-sa-naplnili-top-slovensky-vyrobca-konci-prideme-o-legendarnu-znacku\/\" rel=\"nofollow noopener\" target=\"_blank\"><br \/>\n\t\t\t<img decoding=\"async\" src=\"https:\/\/www.europesays.com\/sk\/wp-content\/uploads\/2026\/05\/1779381680_326_regiony-aktualna-sprava.jpg\" alt=\"Najhor\u0161ie obavy sa naplnili: TOP slovensk\u00fd v\u00fdrobca kon\u010d\u00ed! Pr\u00eddeme o legend\u00e1rnu zna\u010dku\" loading=\"lazy\"\/><br \/>\n\t\t<\/a><\/p>\n<p style=\"color:#000;\">Pre\u010d\u00edtajte si tie\u017e<\/p>\n<p>\t\t\t<a href=\"https:\/\/nitra.zoznam.sk\/najhorsie-obavy-sa-naplnili-top-slovensky-vyrobca-konci-prideme-o-legendarnu-znacku\/\" rel=\"nofollow noopener\" target=\"_blank\">Najhor\u0161ie obavy sa naplnili: TOP slovensk\u00fd v\u00fdrobca kon\u010d\u00ed! Pr\u00eddeme o legend\u00e1rnu zna\u010dku<\/a><\/p>\n<p>Spr\u00e1vu budeme aktualizova\u0165.<\/p>\n<p class=\"tags\">Viac o t\u00e9me:<br \/>\n\t\t\t\t\t\t\t\t\t\t\t\t\t\t\t\t\t\t\t<a href=\"https:\/\/regiony.zoznam.sk\/tag\/akcia\/\" rel=\"nofollow noopener\" target=\"_blank\">akcia<\/a>, \t\t\t\t\t\t\t\t\t\t\t\t\t\t\t\t\t\t\t<a href=\"https:\/\/regiony.zoznam.sk\/tag\/kosice\/\" rel=\"nofollow noopener\" target=\"_blank\">Ko\u0161ice<\/a>, \t\t\t\t\t\t\t\t\t\t\t\t\t\t\t\t\t\t\t<a href=\"https:\/\/regiony.zoznam.sk\/tag\/policia\/\" rel=\"nofollow noopener\" target=\"_blank\">pol\u00edcia<\/a>, \t\t\t\t\t\t\t\t\t\t\t\t\t\t\t\t\t\t\t<a href=\"https:\/\/regiony.zoznam.sk\/tag\/ubok\/\" rel=\"nofollow noopener\" target=\"_blank\">\u00daBOK<\/a>\t\t\t\t\t\t\t\t\t\t\t\t\t\t\t\t\t<\/p>\n<p>\t\tKoment\u00e1re k \u010dl\u00e1nku<\/p>\n<p>Moment\u00e1lne nie je pridan\u00fd \u017eiadny koment\u00e1r<\/p>\n<p><\/p>\n","protected":false},"excerpt":{"rendered":"Ilustra\u010dn\u00e9 foto. Zdroj: Facebook\/Pol\u00edcia SR &#8211; Ko\u0161ick\u00fd kraj Policajti z \u00daradu boja proti organizovanej kriminalite dnes (21.5) od&hellip;\n","protected":false},"author":2,"featured_media":76282,"comment_status":"","ping_status":"","sticky":false,"template":"","format":"standard","meta":{"footnotes":"","_share_on_mastodon":"0"},"categories":[22],"tags":[1232,137,525,43,40,39,42,41,4973],"class_list":["post-76281","post","type-post","status-publish","format-standard","has-post-thumbnail","category-kosice","tag-akcia","tag-kosice","tag-policia","tag-sk","tag-slovak","tag-slovakia","tag-slovencina","tag-slovensko","tag-ubok"],"share_on_mastodon":{"url":"https:\/\/pubeurope.com\/@sk\/116613564858358799","error":""},"_links":{"self":[{"href":"https:\/\/www.europesays.com\/sk\/wp-json\/wp\/v2\/posts\/76281","targetHints":{"allow":["GET"]}}],"collection":[{"href":"https:\/\/www.europesays.com\/sk\/wp-json\/wp\/v2\/posts"}],"about":[{"href":"https:\/\/www.europesays.com\/sk\/wp-json\/wp\/v2\/types\/post"}],"author":[{"embeddable":true,"href":"https:\/\/www.europesays.com\/sk\/wp-json\/wp\/v2\/users\/2"}],"replies":[{"embeddable":true,"href":"https:\/\/www.europesays.com\/sk\/wp-json\/wp\/v2\/comments?post=76281"}],"version-history":[{"count":0,"href":"https:\/\/www.europesays.com\/sk\/wp-json\/wp\/v2\/posts\/76281\/revisions"}],"wp:featuredmedia":[{"embeddable":true,"href":"https:\/\/www.europesays.com\/sk\/wp-json\/wp\/v2\/media\/76282"}],"wp:attachment":[{"href":"https:\/\/www.europesays.com\/sk\/wp-json\/wp\/v2\/media?parent=76281"}],"wp:term":[{"taxonomy":"category","embeddable":true,"href":"https:\/\/www.europesays.com\/sk\/wp-json\/wp\/v2\/categories?post=76281"},{"taxonomy":"post_tag","embeddable":true,"href":"https:\/\/www.europesays.com\/sk\/wp-json\/wp\/v2\/tags?post=76281"}],"curies":[{"name":"wp","href":"https:\/\/api.w.org\/{rel}","templated":true}]}}