{"id":76429,"date":"2026-05-21T19:12:10","date_gmt":"2026-05-21T19:12:10","guid":{"rendered":"https:\/\/www.europesays.com\/sk\/76429\/"},"modified":"2026-05-21T19:12:10","modified_gmt":"2026-05-21T19:12:10","slug":"tragicky-poziar-bytu-vo-viedni-zomreli-dve-male-deti-dohliadala-na-nich-sestra","status":"publish","type":"post","link":"https:\/\/www.europesays.com\/sk\/76429\/","title":{"rendered":"Tragick\u00fd po\u017eiar bytu vo Viedni! Zomreli dve mal\u00e9 deti, dohliadala na nich sestra"},"content":{"rendered":"<p>VIEDE\u0147 &#8211; Pri po\u017eiari bytu vo Viedni dnes zahynulo trojro\u010dn\u00e9 diev\u010da, nesk\u00f4r pod\u013eahol \u0165a\u017ek\u00fdm zraneniam aj jej dvojro\u010dn\u00fd brat. \u013dah\u0161ie zranenia utrpela ich 14-ro\u010dn\u00e1 sestra, ktor\u00e1 na oboch dohliadala. Informovala o tom agent\u00fara APA.<\/p>\n<p>Pr\u00ed\u010dinou po\u017eiaru bola pod\u013ea \u00faradov technick\u00e1 porucha na akumul\u00e1tore ru\u010dn\u00e9ho vys\u00e1va\u010da, ktor\u00fd sa vznietil. Pol\u00edcia pod\u013ea APA v\u00fdslovne uviedla, \u017ee rodi\u010dia det\u00ed nebud\u00fa \u010deli\u0165 \u017eiadnemu vy\u0161etrovaniu, ke\u010f\u017ee neporu\u0161ili \u017eiadny z\u00e1kon t\u00fdm, \u017ee doh\u013ead nad mal\u00fdmi de\u0165mi zverili ich star\u0161ej dc\u00e9re.<\/p>\n","protected":false},"excerpt":{"rendered":"VIEDE\u0147 &#8211; Pri po\u017eiari bytu vo Viedni dnes zahynulo trojro\u010dn\u00e9 diev\u010da, nesk\u00f4r pod\u013eahol \u0165a\u017ek\u00fdm zraneniam aj jej dvojro\u010dn\u00fd&hellip;\n","protected":false},"author":2,"featured_media":76430,"comment_status":"","ping_status":"","sticky":false,"template":"","format":"standard","meta":{"footnotes":"","_share_on_mastodon":"0"},"categories":[8],"tags":[6414,150,33,147,43,40,42,36,50,914,49,48],"class_list":["post-76429","post","type-post","status-publish","format-standard","has-post-thumbnail","category-svet","tag-byt","tag-hasici","tag-news","tag-poziar","tag-sk","tag-slovak","tag-slovencina","tag-spravy","tag-svet","tag-vieden","tag-world","tag-world-news"],"share_on_mastodon":{"url":"https:\/\/pubeurope.com\/@sk\/116614158583079785","error":""},"_links":{"self":[{"href":"https:\/\/www.europesays.com\/sk\/wp-json\/wp\/v2\/posts\/76429","targetHints":{"allow":["GET"]}}],"collection":[{"href":"https:\/\/www.europesays.com\/sk\/wp-json\/wp\/v2\/posts"}],"about":[{"href":"https:\/\/www.europesays.com\/sk\/wp-json\/wp\/v2\/types\/post"}],"author":[{"embeddable":true,"href":"https:\/\/www.europesays.com\/sk\/wp-json\/wp\/v2\/users\/2"}],"replies":[{"embeddable":true,"href":"https:\/\/www.europesays.com\/sk\/wp-json\/wp\/v2\/comments?post=76429"}],"version-history":[{"count":0,"href":"https:\/\/www.europesays.com\/sk\/wp-json\/wp\/v2\/posts\/76429\/revisions"}],"wp:featuredmedia":[{"embeddable":true,"href":"https:\/\/www.europesays.com\/sk\/wp-json\/wp\/v2\/media\/76430"}],"wp:attachment":[{"href":"https:\/\/www.europesays.com\/sk\/wp-json\/wp\/v2\/media?parent=76429"}],"wp:term":[{"taxonomy":"category","embeddable":true,"href":"https:\/\/www.europesays.com\/sk\/wp-json\/wp\/v2\/categories?post=76429"},{"taxonomy":"post_tag","embeddable":true,"href":"https:\/\/www.europesays.com\/sk\/wp-json\/wp\/v2\/tags?post=76429"}],"curies":[{"name":"wp","href":"https:\/\/api.w.org\/{rel}","templated":true}]}}