{"id":76777,"date":"2026-05-22T05:32:18","date_gmt":"2026-05-22T05:32:18","guid":{"rendered":"https:\/\/www.europesays.com\/sk\/76777\/"},"modified":"2026-05-22T05:32:18","modified_gmt":"2026-05-22T05:32:18","slug":"dramaticky-zasah-ubok-v-kosiciach-dovodom-je-podozrenie-z-nasilnej-trestnej-cinnosti","status":"publish","type":"post","link":"https:\/\/www.europesays.com\/sk\/76777\/","title":{"rendered":"Dramatick\u00fd z\u00e1sah \u00daBOK v Ko\u0161iciach: D\u00f4vodom je podozrenie z n\u00e1silnej trestnej \u010dinnosti"},"content":{"rendered":"<p>            KO\u0160ICE  \/<br \/>\n         Ko\u0161ice sa vo \u0161tvrtok (21. 5.) r\u00e1no stalo dejiskom rozsiahleho policajn\u00e9ho z\u00e1sahu, ktor\u00fd vedie elitn\u00fd \u00darad boja proti organizovanej kriminalite (\u00daBOK). Pr\u00edslu\u0161n\u00edci v \u0161peci\u00e1lnych p\u00e1skach a desiatky \u00e1ut nazna\u010duj\u00fa v\u00e1\u017enos\u0165 situ\u00e1cie: D\u00f4vodom je podozrenie z n\u00e1silnej trestnej \u010dinnosti.\n    <\/p>\n<p>Pod\u013ea inform\u00e1ci\u00ed port\u00e1lu <a href=\"https:\/\/www.aktuality.sk\/clanok\/fjLOzJk\/velka-policajna-akcia-ubok-zasahuje-v-centre-kosic\/\" target=\"_blank\" rel=\"nofollow noopener\">Aktuality.sk<\/a>, do centra Ko\u0161\u00edc boli nasaden\u00ed policajti z elitn\u00e9ho \u00daradu boja proti organizovanej kriminalite (<a href=\"https:\/\/www.noviny.sk\/krimi\/1202163-vecerny-zasah-ubok-v-bratislavskom-kraji-tri-osoby-skoncili-v-rukach-policie\" target=\"_blank\" rel=\"nofollow noopener\">\u00daBOK<\/a>). D\u00f4vodom tohto man\u00e9vru je v\u00e1\u017ene podozrenie z n\u00e1silnej trestnej \u010dinnosti, \u010do nazna\u010duje z\u00e1va\u017enos\u0165 prebiehaj\u00faceho vy\u0161etrovania.<\/p>\n<p>Cie\u013eom cel\u00e9ho policajn\u00e9ho z\u00e1sahu je konkr\u00e9tne zadr\u017eanie podozrivej osoby. Detaily o identite tejto osoby ani o charaktere \u00fadajnej n\u00e1silnej trestnej \u010dinnosti v\u0161ak zatia\u013e nie s\u00fa ofici\u00e1lne zn\u00e1me.<\/p>\n<p>    <a href=\"https:\/\/www.noviny.sk\/krimi\/1210028-ubok-zasahuje-pre-podozrenie-z-korupcie-v-suvislosti-so-spravou-narodneho-parku\" class=\"img\" rel=\"nofollow noopener\" target=\"_blank\"><br \/>\n        <img decoding=\"async\" class=\"lazyload \" src=\"https:\/\/www.europesays.com\/sk\/wp-content\/uploads\/2026\/05\/ad74cee3-448d-4de4-b4d2-84bee3ab3257.png\" alt=\"\u00daBOK zasahuje pre podozrenie z korupcie v s\u00favislosti so spr\u00e1vou n\u00e1rodn\u00e9ho parku\" title=\"\u00daBOK zasahuje pre podozrenie z korupcie v s\u00favislosti so spr\u00e1vou n\u00e1rodn\u00e9ho parku\"\/><br \/>\n    <\/a><\/p>\n<p>Pre\u010d\u00edtajte si tie\u017e<\/p>\n<p>            <a href=\"https:\/\/www.noviny.sk\/krimi\/1210028-ubok-zasahuje-pre-podozrenie-z-korupcie-v-suvislosti-so-spravou-narodneho-parku\" rel=\"nofollow noopener\" target=\"_blank\"><br \/>\n                \u00daBOK zasahuje pre podozrenie z korupcie v s\u00favislosti so spr\u00e1vou n\u00e1rodn\u00e9ho parku<br \/>\n            <\/a><\/p>\n<p>Situ\u00e1cia na mieste z\u00e1sahu<\/p>\n<p>Na uliciach bolo vidie\u0165 viacer\u00fdch policajtov, ktor\u00ed boli ozna\u010den\u00ed \u0161pecifick\u00fdmi p\u00e1skami, obvykl\u00fdmi pri tak\u00fdchto \u0161peci\u00e1lnych oper\u00e1ci\u00e1ch. Okrem pr\u00edslu\u0161n\u00edkov z\u00e1kona boli v centre mesta rozmiestnen\u00e9 aj viacer\u00e9 slu\u017eobn\u00e9 aut\u00e1, \u010do potvrdzovalo intenzitu a \u0161\u00edrku prebiehaj\u00facej akcie.<\/p>\n<p>\u010cak\u00e1 sa na ofici\u00e1lne vyjadrenie<\/p>\n<p>Bli\u017e\u0161ie inform\u00e1cie o charaktere a priebehu z\u00e1sahu, ako aj o pr\u00edpadn\u00fdch zadr\u017ean\u00fdch osob\u00e1ch, zatia\u013e nie s\u00fa k dispoz\u00edcii.<\/p>\n","protected":false},"excerpt":{"rendered":"KO\u0160ICE \/ Ko\u0161ice sa vo \u0161tvrtok (21. 5.) r\u00e1no stalo dejiskom rozsiahleho policajn\u00e9ho z\u00e1sahu, ktor\u00fd vedie elitn\u00fd \u00darad&hellip;\n","protected":false},"author":2,"featured_media":76778,"comment_status":"","ping_status":"","sticky":false,"template":"","format":"standard","meta":{"footnotes":"","_share_on_mastodon":"0"},"categories":[22],"tags":[1232,137,557,5712,43,40,39,42,41,4973],"class_list":["post-76777","post","type-post","status-publish","format-standard","has-post-thumbnail","category-kosice","tag-akcia","tag-kosice","tag-krimi","tag-policajna-akcia","tag-sk","tag-slovak","tag-slovakia","tag-slovencina","tag-slovensko","tag-ubok"],"share_on_mastodon":{"url":"https:\/\/pubeurope.com\/@sk\/116616596353789347","error":""},"_links":{"self":[{"href":"https:\/\/www.europesays.com\/sk\/wp-json\/wp\/v2\/posts\/76777","targetHints":{"allow":["GET"]}}],"collection":[{"href":"https:\/\/www.europesays.com\/sk\/wp-json\/wp\/v2\/posts"}],"about":[{"href":"https:\/\/www.europesays.com\/sk\/wp-json\/wp\/v2\/types\/post"}],"author":[{"embeddable":true,"href":"https:\/\/www.europesays.com\/sk\/wp-json\/wp\/v2\/users\/2"}],"replies":[{"embeddable":true,"href":"https:\/\/www.europesays.com\/sk\/wp-json\/wp\/v2\/comments?post=76777"}],"version-history":[{"count":0,"href":"https:\/\/www.europesays.com\/sk\/wp-json\/wp\/v2\/posts\/76777\/revisions"}],"wp:featuredmedia":[{"embeddable":true,"href":"https:\/\/www.europesays.com\/sk\/wp-json\/wp\/v2\/media\/76778"}],"wp:attachment":[{"href":"https:\/\/www.europesays.com\/sk\/wp-json\/wp\/v2\/media?parent=76777"}],"wp:term":[{"taxonomy":"category","embeddable":true,"href":"https:\/\/www.europesays.com\/sk\/wp-json\/wp\/v2\/categories?post=76777"},{"taxonomy":"post_tag","embeddable":true,"href":"https:\/\/www.europesays.com\/sk\/wp-json\/wp\/v2\/tags?post=76777"}],"curies":[{"name":"wp","href":"https:\/\/api.w.org\/{rel}","templated":true}]}}