{"id":76977,"date":"2026-05-22T09:51:13","date_gmt":"2026-05-22T09:51:13","guid":{"rendered":"https:\/\/www.europesays.com\/sk\/76977\/"},"modified":"2026-05-22T09:51:13","modified_gmt":"2026-05-22T09:51:13","slug":"kevin-spacey-sa-vratil-do-cannes-kto-je-ta-kraska-po-jeho-boku-na-cervenom-koberci-koktail","status":"publish","type":"post","link":"https:\/\/www.europesays.com\/sk\/76977\/","title":{"rendered":"Kevin Spacey sa vr\u00e1til do Cannes. Kto je t\u00e1 kr\u00e1ska po jeho boku? &#8211; Na \u010dervenom koberci &#8211; Koktail"},"content":{"rendered":"<p itemprop=\"description\">Oscarov\u00fd herec sa vr\u00e1til na \u010derven\u00fd koberec v Cannes a so \u0161irok\u00fdm \u00fasmevom na tv\u00e1ri radostne m\u00e1val fotografom. Spolo\u010dnos\u0165 mu robila n\u00e1dhern\u00e1 modelka.<\/p>\n<p>\t\t\t\t<img decoding=\"async\" class=\"article-detail-image\" src=\"https:\/\/www.europesays.com\/sk\/wp-content\/uploads\/2026\/05\/kevinovi-spaceymu-robila-v-cannes-spolocnost-modelka-via-lemann-clanokW.jpg\"   alt=\"Kevinovi Spaceymu robila v Cannes spolo\u010dnos\u0165...\"\/><br \/>\n\t\t\t\t\t\t\t\t\tFoto: SITA\/AP, Scott A Garfitt<\/p>\n<p>                        Kevinovi Spaceymu robila v Cannes spolo\u010dnos\u0165 modelka Via Lemann.<\/p>\n<p>Meno Kevin Spacey sa posledn\u00e9 roky sklo\u0148ovalo najm\u00e4 v\u00a0s\u00favislosti s\u00a0obvineniami zo sexu\u00e1lneho napadnutia. \u201eZo d\u0148a na de\u0148 som pri\u0161iel o\u00a0v\u0161etko, o\u00a0pr\u00e1cu, o\u00a0reput\u00e1ciu, o\u00a0priate\u013eov,\u201c <a target=\"_blank\" href=\"https:\/\/kultura.pravda.sk\/film-a-televizia\/clanok\/676320-kevin-spacey-prehovoril-o-obvineniach-zo-sexualneho-nasilia-moze-jeho-neskory-coming-out-zmarit-jeho-navrat-k-velkym-filmom\/\" rel=\"nofollow noopener\">povedal herec<\/a> e\u0161te pred tromi\u00a0rokmi.<\/p>\n<p>V\u00a0rokoch 2017\u00a0a\u017e 2023\u00a0mal Kevin Spacey poriadne n\u00e1ro\u010dn\u00e9 obdobie. Str\u00e1vil ho toti\u017e na s\u00fadnych pojedn\u00e1vaniach. Bol obvinen\u00fd z\u00a0deviatich trestn\u00fdch \u010dinov vr\u00e1tane sexu\u00e1lneho napadnutia, v\u0161etky v\u0161ak nakoniec <a target=\"_blank\" href=\"https:\/\/kultura.pravda.sk\/na-citanie\/clanok\/676006-oscaroveho-herca-kevina-spaceyho-zbavili-obvineni-zo-sexualneho-napadnutia\/\" rel=\"nofollow noopener\">skon\u010dili jeho osloboden\u00edm<\/a>.<\/p>\n<p>Spacey <a target=\"_blank\" href=\"https:\/\/kultura.pravda.sk\/na-citanie\/clanok\/676006-oscaroveho-herca-kevina-spaceyho-zbavili-obvineni-zo-sexualneho-napadnutia\/\" rel=\"nofollow noopener\">bol obvinen\u00fd z\u00a0deviatich sexu\u00e1lnych deliktov<\/a>, ktor\u00e9 mal sp\u00e1cha\u0165 v\u00a0Brit\u00e1nii v\u00a0rokoch 2001\u00a0a\u017e\u00a02013.<\/p>\n<p>Pred rokom v\u00a0Cannes dostal cenu<\/p>\n<p>Americk\u00fd herec zn\u00e1my z\u00a0filmov Americk\u00e1 kr\u00e1sa, Zvy\u010dajn\u00ed podozriv\u00ed alebo zo seri\u00e1lu House of Cards si po o\u010disten\u00ed mena vyd\u00fdchol a za\u010dal sa znovu \u201evraca\u0165 do \u017eivota\u201c. S\u00fa\u010das\u0165ou ve\u013ek\u00e9ho n\u00e1vratu je aj jeho \u00fa\u010das\u0165 na \u010dervenom koberci v\u00a0Cannes.<\/p>\n<p>\t\t<a href=\"https:\/\/koktail.pravda.sk\/fotogaleria\/88475-kevin-spacey-na-79-rocniku-mff-v-cannes\/#1\" rel=\"nofollow noopener\" target=\"_blank\"><img decoding=\"async\" class=\"lazy\" alt=\"Herec si n\u00e1vrat do Cannes mimoriadne u\u017e\u00edval.\" src=\"https:\/\/www.europesays.com\/sk\/wp-content\/uploads\/2026\/05\/herec-si-navrat-do-cannes-mimoriadne-uzival-strednaW.jpg\"\/><\/a><\/p>\n<p>\t\t<a href=\"https:\/\/koktail.pravda.sk\/fotogaleria\/88475-kevin-spacey-na-79-rocniku-mff-v-cannes\/#2\" rel=\"nofollow noopener\" target=\"_blank\"><img decoding=\"async\" class=\"lazy\" alt=\"Zvodn\u00e1 Via Lemann a vysmiaty Kevin Spacey...\" src=\"https:\/\/www.europesays.com\/sk\/wp-content\/uploads\/2026\/05\/zvodna-via-lemann-a-vysmiaty-kevin-spacey-pozuju-fotografom-v-cannes-malaW.jpg\"\/><\/a><\/p>\n<p>Na prest\u00ed\u017eny filmov\u00fd festival si v\u00a0stredu 20.\u00a0m\u00e1ja pri\u0161iel pozrie\u0165 film De Gaulle: Tilting Iron. Po jeho boku st\u00e1la modelka Via Lemann. Herec nad\u0161ene p\u00f3zoval fotografom a u\u017e\u00edval si pozornos\u0165.<\/p>\n<p>Spacey bol v\u00a0Cannes aj minul\u00fd rok, <a target=\"_blank\" href=\"https:\/\/www.seznamzpravy.cz\/clanek\/kultura-kevin-spacey-cannes-cena-poradatele-277225\" rel=\"nofollow noopener\">prevzal si tam cenu<\/a> od s\u00fakromnej nad\u00e1cie Better World Fund, ktor\u00e1 je nez\u00e1visl\u00e1 od filmov\u00e9ho festivalu.<\/p>\n<p>Organiz\u00e1tori festivalu sa dokonca od tohto ceremoni\u00e1lu di\u0161tancovali a zd\u00f4raznili, \u017ee nebol s\u00fa\u010das\u0165ou programu. Herec sa po prevzat\u00ed ceny rozhovoril <a target=\"_blank\" href=\"https:\/\/variety.com\/2025\/film\/global\/kevin-spacey-tears-up-cannes-speech-1236404542\/\" rel=\"nofollow noopener\">v\u00a0desa\u0165min\u00fatovom prejave<\/a> o\u00a0tom, ako ho Hollywood dal na \u201e\u010diernu listinu\u201c.<\/p>\n<p>\t<a class=\"promo-clanok\" href=\"https:\/\/koktail.pravda.sk\/na-cervenom-koberci\/clanok\/809223-do-cannes-prisla-aj-hviezda-noveho-baywatchu-brooks-nader-posielala-na-cervenom-koberci-bozky-fotografom\/\" rel=\"nofollow noopener\" target=\"_blank\"> \t\t\t\t\t<img decoding=\"async\" src=\"https:\/\/www.europesays.com\/sk\/wp-content\/uploads\/2026\/05\/brooks-nader_01-stvorec.jpg\" class=\"promo-clanok-image\" alt=\"Brooks Nader\"\/> \t\t\t \t\t\t\t \t\t\t\t\t\t\t\t\t\t\t\u010c\u00edtajte viac \t\t\t\t\t\t\t\t\t \t\t\t\t \t\t\t\t\tDo Cannes pri\u0161la aj hviezda nov\u00e9ho Baywatchu. Brooks Nader posielala na \u010dervenom koberci bozky fotografom \t\t\t\t \t\t\t \t\t\t<\/a> <\/p>\n<p>\t\t<a href=\"https:\/\/zena.pravda.sk\/fotogaleria\/88447-najkrajsie-outfity-z-cannes-2026\/#1\" rel=\"nofollow noopener\" target=\"_blank\"><img decoding=\"async\" class=\"lazy\" alt=\"Here\u010dka a modelka Ekin-Su C\u00fclc\u00fclo\u011flu vyzerala...\" src=\"https:\/\/www.europesays.com\/sk\/wp-content\/uploads\/2026\/05\/ekin-su-culculoglu-strednaW.jpg\"\/><\/a><\/p>\n<p>\t\t<a href=\"https:\/\/zena.pravda.sk\/fotogaleria\/88447-najkrajsie-outfity-z-cannes-2026\/#2\" rel=\"nofollow noopener\" target=\"_blank\"><img decoding=\"async\" class=\"lazy\" alt=\"Zvodn\u00e1 Romee Strijd.\" src=\"https:\/\/www.europesays.com\/sk\/wp-content\/uploads\/2026\/05\/romee-strijd-malaW.jpg\"\/><\/a><\/p>\n","protected":false},"excerpt":{"rendered":"Oscarov\u00fd herec sa vr\u00e1til na \u010derven\u00fd koberec v Cannes a so \u0161irok\u00fdm \u00fasmevom na tv\u00e1ri radostne m\u00e1val fotografom.&hellip;\n","protected":false},"author":2,"featured_media":76978,"comment_status":"","ping_status":"","sticky":false,"template":"","format":"standard","meta":{"footnotes":"","_share_on_mastodon":"0"},"categories":[15],"tags":[24214,26533,70,1988,6268,28654,26725,26728,4791,11785,43,40,39,42,41,1368,25937,28655,71],"class_list":["post-76977","post","type-post","status-publish","format-standard","has-post-thumbnail","category-zabava","tag-cannes","tag-cannes-2026","tag-entertainment","tag-kauza","tag-kauzy","tag-kevin-spacey","tag-mff-cannes","tag-mff-v-cannes","tag-modelka","tag-obvinenia","tag-sk","tag-slovak","tag-slovakia","tag-slovencina","tag-slovensko","tag-sud","tag-sudny-proces","tag-via-lemann","tag-zabava"],"share_on_mastodon":{"url":"https:\/\/pubeurope.com\/@sk\/116617614748616206","error":""},"_links":{"self":[{"href":"https:\/\/www.europesays.com\/sk\/wp-json\/wp\/v2\/posts\/76977","targetHints":{"allow":["GET"]}}],"collection":[{"href":"https:\/\/www.europesays.com\/sk\/wp-json\/wp\/v2\/posts"}],"about":[{"href":"https:\/\/www.europesays.com\/sk\/wp-json\/wp\/v2\/types\/post"}],"author":[{"embeddable":true,"href":"https:\/\/www.europesays.com\/sk\/wp-json\/wp\/v2\/users\/2"}],"replies":[{"embeddable":true,"href":"https:\/\/www.europesays.com\/sk\/wp-json\/wp\/v2\/comments?post=76977"}],"version-history":[{"count":0,"href":"https:\/\/www.europesays.com\/sk\/wp-json\/wp\/v2\/posts\/76977\/revisions"}],"wp:featuredmedia":[{"embeddable":true,"href":"https:\/\/www.europesays.com\/sk\/wp-json\/wp\/v2\/media\/76978"}],"wp:attachment":[{"href":"https:\/\/www.europesays.com\/sk\/wp-json\/wp\/v2\/media?parent=76977"}],"wp:term":[{"taxonomy":"category","embeddable":true,"href":"https:\/\/www.europesays.com\/sk\/wp-json\/wp\/v2\/categories?post=76977"},{"taxonomy":"post_tag","embeddable":true,"href":"https:\/\/www.europesays.com\/sk\/wp-json\/wp\/v2\/tags?post=76977"}],"curies":[{"name":"wp","href":"https:\/\/api.w.org\/{rel}","templated":true}]}}