{"id":77310,"date":"2026-05-22T16:14:08","date_gmt":"2026-05-22T16:14:08","guid":{"rendered":"https:\/\/www.europesays.com\/sk\/77310\/"},"modified":"2026-05-22T16:14:08","modified_gmt":"2026-05-22T16:14:08","slug":"slovensko-vstupuje-do-vesmirnej-ligy-v-tomto-meste-spustili-prvy-spickovy-kozmicky-cleanroom","status":"publish","type":"post","link":"https:\/\/www.europesays.com\/sk\/77310\/","title":{"rendered":"Slovensko vstupuje do vesm\u00edrnej ligy! V TOMTO meste spustili PRV\u00dd \u0161pi\u010dkov\u00fd kozmick\u00fd cleanroom"},"content":{"rendered":"<p>KO\u0160ICE &#8211; Slovensko m\u00e1 prv\u00fd kozmick\u00fd cleanroom. Otvoril ho \u00dastav experiment\u00e1lnej fyziky (\u00daEF) Slovenskej akad\u00e9mie vied (SAV) v Ko\u0161iciach. Ide o \u0161pi\u010dkov\u00fa infra\u0161trukt\u00faru pre v\u00fdvoj, testovanie a integr\u00e1ciu kozmick\u00fdch technol\u00f3gi\u00ed. SAV o tom informovala na svojom webe.<\/p>\n<p>Pracovisko umo\u017en\u00ed vedcom a in\u017einierom pracova\u0165 na kozmickej elektronike a vedeck\u00fdch satelitn\u00fdch zariadeniach v prostred\u00ed, ktor\u00e9 sp\u013a\u0148a pr\u00edsne medzin\u00e1rodn\u00e9 \u0161tandardy. \u201eNov\u00fd kozmick\u00fd cleanroom (\u010dist\u00e9 priestory) s \u010distotou vzduchu triedy ISO 7 n\u00e1m otv\u00e1ra dvere k \u00fa\u010dasti na najn\u00e1ro\u010dnej\u0161\u00edch projektoch Eur\u00f3pskej vesm\u00edrnej agent\u00fary (ESA), pri\u010dom kritick\u00e9 f\u00e1zy v\u00fdvoja a testovania budeme m\u00f4c\u0165 realizova\u0165 priamo u n\u00e1s,\u201c zhodnotil ved\u00faci Oddelenia kozmickej fyziky \u00daEF SAV \u0160imon Mackovjak.<\/p>\n<p>Kozmick\u00fd cleanroom je pr\u00edsne kontrolovan\u00e9 prostredie<\/p>\n<p>Kozmick\u00fd cleanroom je pr\u00edsne kontrolovan\u00e9 prostredie, v ktorom sa udr\u017eiava extr\u00e9mne n\u00edzka koncentr\u00e1cia prachov\u00fdch \u010dast\u00edc, stabiln\u00e1 teplota, vlhkos\u0165 a ESD ochrana pred elektrostatick\u00fdm n\u00e1bojom. V\u010faka tomu sa minimalizuje riziko defektov pri v\u00fdvoji, testovan\u00ed a integr\u00e1cii citlivej elektroniky.<\/p>\n<p>\u201eVesm\u00edrny sektor ve\u013emi dynamicky napreduje. \u017dijeme v dobe programu Artemis, ke\u010f sa vesm\u00edrne lety st\u00e1vaj\u00fa be\u017enou s\u00fa\u010das\u0165ou na\u0161ich \u017eivotov. Pre \u013eudstvo s\u00fa kozmick\u00e9 technol\u00f3gie nevyhnutn\u00e9. Ver\u00edme, \u017ee otvoren\u00edm cleanroomu otv\u00e1rame dvere nielen pr\u00edle\u017eitostiam pre na\u0161e vedeck\u00e9 projekty, ale aj celkovo pre kozmick\u00e9 projekty na Slovensku,\u201c dodal Mackovjak.<\/p>\n","protected":false},"excerpt":{"rendered":"KO\u0160ICE &#8211; Slovensko m\u00e1 prv\u00fd kozmick\u00fd cleanroom. Otvoril ho \u00dastav experiment\u00e1lnej fyziky (\u00daEF) Slovenskej akad\u00e9mie vied (SAV) v&hellip;\n","protected":false},"author":2,"featured_media":77311,"comment_status":"","ping_status":"","sticky":false,"template":"","format":"standard","meta":{"footnotes":"","_share_on_mastodon":"0"},"categories":[6],"tags":[28748,43,40,44,39,42,45,41,2176],"class_list":["post-77310","post","type-post","status-publish","format-standard","has-post-thumbnail","category-slovensko","tag-cleanroom","tag-sk","tag-slovak","tag-slovak-republic","tag-slovakia","tag-slovencina","tag-slovenska-republika","tag-slovensko","tag-vesmir"],"share_on_mastodon":{"url":"https:\/\/pubeurope.com\/@sk\/116619120632076176","error":""},"_links":{"self":[{"href":"https:\/\/www.europesays.com\/sk\/wp-json\/wp\/v2\/posts\/77310","targetHints":{"allow":["GET"]}}],"collection":[{"href":"https:\/\/www.europesays.com\/sk\/wp-json\/wp\/v2\/posts"}],"about":[{"href":"https:\/\/www.europesays.com\/sk\/wp-json\/wp\/v2\/types\/post"}],"author":[{"embeddable":true,"href":"https:\/\/www.europesays.com\/sk\/wp-json\/wp\/v2\/users\/2"}],"replies":[{"embeddable":true,"href":"https:\/\/www.europesays.com\/sk\/wp-json\/wp\/v2\/comments?post=77310"}],"version-history":[{"count":0,"href":"https:\/\/www.europesays.com\/sk\/wp-json\/wp\/v2\/posts\/77310\/revisions"}],"wp:featuredmedia":[{"embeddable":true,"href":"https:\/\/www.europesays.com\/sk\/wp-json\/wp\/v2\/media\/77311"}],"wp:attachment":[{"href":"https:\/\/www.europesays.com\/sk\/wp-json\/wp\/v2\/media?parent=77310"}],"wp:term":[{"taxonomy":"category","embeddable":true,"href":"https:\/\/www.europesays.com\/sk\/wp-json\/wp\/v2\/categories?post=77310"},{"taxonomy":"post_tag","embeddable":true,"href":"https:\/\/www.europesays.com\/sk\/wp-json\/wp\/v2\/tags?post=77310"}],"curies":[{"name":"wp","href":"https:\/\/api.w.org\/{rel}","templated":true}]}}