{"id":77425,"date":"2026-05-22T18:40:08","date_gmt":"2026-05-22T18:40:08","guid":{"rendered":"https:\/\/www.europesays.com\/sk\/77425\/"},"modified":"2026-05-22T18:40:08","modified_gmt":"2026-05-22T18:40:08","slug":"milujem-slovensko-prinesie-vynimocny-vecer-proti-sebe-sa-postavia-oblubene-herecke-osobnosti-televizia","status":"publish","type":"post","link":"https:\/\/www.europesays.com\/sk\/77425\/","title":{"rendered":"Milujem Slovensko prinesie v\u00fdnimo\u010dn\u00fd ve\u010der. Proti sebe sa postavia ob\u013e\u00faben\u00e9 hereck\u00e9 osobnosti &#8211; Telev\u00edzia"},"content":{"rendered":"<p itemprop=\"description\">Div\u00e1kov Milujem Slovensko \u010dak\u00e1 mimoriadne hereck\u00e9 vydanie. Do ob\u013e\u00fabenej z\u00e1bavnej \u0161ou pr\u00eddu osobnosti z divadla Astorka Korzo \u201990, ktor\u00e9 do \u0161t\u00fadia prines\u00fa humor, spont\u00e1nnos\u0165 aj energiu zn\u00e1mej divadelnej sc\u00e9ny.<\/p>\n<p>Ob\u013e\u00faben\u00e1 z\u00e1bavn\u00e1 <a target=\"_blank\" href=\"https:\/\/www.mediaklik.sk\/hashtag\/milujem-slovensko\/\" rel=\"nofollow noopener\">\u0161ou Milujem Slovensko<\/a> prinesie v\u00a0najbli\u017e\u0161ej epiz\u00f3de \u0161peci\u00e1lne stretnutie v\u00fdrazn\u00fdch osobnost\u00ed z\u00a0divadla Astorka Korzo\u00a0\u201990.<\/p>\n<p>Jedna z\u00a0najzn\u00e1mej\u0161\u00edch slovensk\u00fdch divadeln\u00fdch sc\u00e9n je dlh\u00e9 roky spojen\u00e1 s\u00a0inteligentn\u00fdm humorom, siln\u00fdmi hereck\u00fdmi v\u00fdkonmi a predstaveniami, ktor\u00e9 si z\u00edskali stabiln\u00fa div\u00e1cku z\u00e1klad\u0148u naprie\u010d gener\u00e1ciami.<\/p>\n<p>V\u00a0\u0161t\u00fadiu sa tak stretn\u00fa herci, ktor\u00ed spolu roky stoja na jednom javisku, no tentoraz sa predstavia v\u00a0\u00faplne inej polohe. Namiesto divadeln\u00fdch rol\u00ed ich \u010dakaj\u00fa s\u00fa\u0165a\u017en\u00e9 discipl\u00edny, improviz\u00e1cia, pohotov\u00e9 reakcie a typick\u00fd humor, ktor\u00fd k\u00a0Milujem Slovensko\u00a0patr\u00ed.<\/p>\n<p>Kapit\u00e1nmi t\u00edmov bud\u00fa tradi\u010dne Adela Vinczeov\u00e1 a Matej Sajfa Cifra. Cel\u00fdm ve\u010derom div\u00e1kov op\u00e4\u0165 prevedie moder\u00e1tor Martin Nikod\u00fdm.<\/p>\n<p>V\u00a0Sajfovom t\u00edme sa predstavia Zuzana Kone\u010dn\u00e1, Mari\u00e1n Miezga a Anna \u0160i\u0161kov\u00e1. Do rel\u00e1cie prines\u00fa nielen sk\u00fasenosti z\u00a0divadeln\u00e9ho javiska, ale aj pohotovos\u0165, nadh\u013ead a energiu, ktor\u00fa div\u00e1ci dobre poznaj\u00fa z\u00a0ich hereck\u00fdch v\u00fdkonov.<\/p>\n<p>Proti nim sa postav\u00ed t\u00edm Adely Vinczeovej v\u00a0zlo\u017een\u00ed Barbora Kov\u00e1\u010dikov\u00e1, Luk\u00e1\u0161 Latin\u00e1k a Peter \u0160imun. Aj oni uk\u00e1\u017eu, \u017ee herci nemusia by\u0165 presved\u010div\u00ed iba v\u00a0pripraven\u00fdch \u00faloh\u00e1ch, ale vedia by\u0165 aj spont\u00e1nni, s\u00fa\u0165a\u017eiv\u00ed a pripraven\u00ed reagova\u0165 na ne\u010dakan\u00e9 situ\u00e1cie.<\/p>\n<p>Pr\u00e1ve spojenie v\u00fdrazn\u00fdch hereck\u00fdch osobnost\u00ed z\u00a0jedn\u00e9ho divadla s\u00a0form\u00e1tom postaven\u00fdm na z\u00e1bave a vedomostiach s\u013eubuje epiz\u00f3du pln\u00fa situa\u010dn\u00e9ho humoru a nepl\u00e1novan\u00fdch momentov. Div\u00e1ci uvidia zn\u00e1me tv\u00e1re v\u00a0uvo\u013enenej\u0161ej atmosf\u00e9re, ne\u017e na ak\u00fa s\u00fa zvyknut\u00ed z\u00a0divadeln\u00fdch predstaven\u00ed \u010di telev\u00edznych projektov.<\/p>\n<p>Najbli\u017e\u0161ie vydanie Milujem Slovensko tak spoj\u00ed svet divadla, humoru a s\u00fa\u0165a\u017eivosti. V\u00fdsledkom m\u00e1 by\u0165 ve\u010der pln\u00fd dobrej n\u00e1lady, spont\u00e1nnych reakci\u00ed a z\u00e1bavy, v\u00a0ktorej sa uk\u00e1\u017ee aj z\u00e1kulisn\u00e1 energia hercov z\u00a0Astorky.<\/p>\n<p>Rel\u00e1ciu Milujem Slovensko vysiela TV JOJ ka\u017ed\u00fd piatok o\u00a020:40.<\/p>\n","protected":false},"excerpt":{"rendered":"Div\u00e1kov Milujem Slovensko \u010dak\u00e1 mimoriadne hereck\u00e9 vydanie. Do ob\u013e\u00fabenej z\u00e1bavnej \u0161ou pr\u00eddu osobnosti z divadla Astorka Korzo \u201990,&hellip;\n","protected":false},"author":2,"featured_media":77426,"comment_status":"","ping_status":"","sticky":false,"template":"","format":"standard","meta":{"footnotes":"","_share_on_mastodon":"0"},"categories":[18],"tags":[20625,70,215,3264,43,40,39,42,41,3958,107,97,3263,71],"class_list":["post-77425","post","type-post","status-publish","format-standard","has-post-thumbnail","category-tv","tag-astorka","tag-entertainment","tag-herci","tag-milujem-slovensko","tag-sk","tag-slovak","tag-slovakia","tag-slovencina","tag-slovensko","tag-sou","tag-televizia","tag-tv","tag-tv-joj","tag-zabava"],"share_on_mastodon":{"url":"https:\/\/pubeurope.com\/@sk\/116619694980618275","error":""},"_links":{"self":[{"href":"https:\/\/www.europesays.com\/sk\/wp-json\/wp\/v2\/posts\/77425","targetHints":{"allow":["GET"]}}],"collection":[{"href":"https:\/\/www.europesays.com\/sk\/wp-json\/wp\/v2\/posts"}],"about":[{"href":"https:\/\/www.europesays.com\/sk\/wp-json\/wp\/v2\/types\/post"}],"author":[{"embeddable":true,"href":"https:\/\/www.europesays.com\/sk\/wp-json\/wp\/v2\/users\/2"}],"replies":[{"embeddable":true,"href":"https:\/\/www.europesays.com\/sk\/wp-json\/wp\/v2\/comments?post=77425"}],"version-history":[{"count":0,"href":"https:\/\/www.europesays.com\/sk\/wp-json\/wp\/v2\/posts\/77425\/revisions"}],"wp:featuredmedia":[{"embeddable":true,"href":"https:\/\/www.europesays.com\/sk\/wp-json\/wp\/v2\/media\/77426"}],"wp:attachment":[{"href":"https:\/\/www.europesays.com\/sk\/wp-json\/wp\/v2\/media?parent=77425"}],"wp:term":[{"taxonomy":"category","embeddable":true,"href":"https:\/\/www.europesays.com\/sk\/wp-json\/wp\/v2\/categories?post=77425"},{"taxonomy":"post_tag","embeddable":true,"href":"https:\/\/www.europesays.com\/sk\/wp-json\/wp\/v2\/tags?post=77425"}],"curies":[{"name":"wp","href":"https:\/\/api.w.org\/{rel}","templated":true}]}}