{"id":78004,"date":"2026-05-23T13:53:10","date_gmt":"2026-05-23T13:53:10","guid":{"rendered":"https:\/\/www.europesays.com\/sk\/78004\/"},"modified":"2026-05-23T13:53:10","modified_gmt":"2026-05-23T13:53:10","slug":"slubu-sa-v-tomto-termine-nedockame-markiza-meni-vysielanie-fanusikovia-zostanu-bez-novej-epizody-televizia","status":"publish","type":"post","link":"https:\/\/www.europesays.com\/sk\/78004\/","title":{"rendered":"S\u013eubu sa v tomto term\u00edne nedo\u010dk\u00e1me: Mark\u00edza men\u00ed vysielanie, fan\u00fa\u0161ikovia zostan\u00fa bez novej epiz\u00f3dy &#8211; Telev\u00edzia"},"content":{"rendered":"<p itemprop=\"description\">Fan\u00fa\u0161ikovia S\u013eubu si na nov\u00fa epiz\u00f3du bud\u00fa musie\u0165 po\u010dka\u0165. Mark\u00edza upravuje svoje podve\u010dern\u00e9 vysielanie a v tomto term\u00edne namiesto ob\u013e\u00faben\u00e9ho seri\u00e1lu nasad\u00ed in\u00fd program.<\/p>\n<p>\t\t\t\t<img decoding=\"async\" class=\"article-detail-image\" src=\"https:\/\/www.europesays.com\/sk\/wp-content\/uploads\/2026\/05\/tv-markiza-zahorska-bystrica-clanokW.png\"   alt=\"TV Mark\u00edza, Z\u00e1horsk\u00e1 Bystrica\"\/><br \/>\n\t\t\t\t\t\t\t\t\tFoto: TV Mark\u00edza<\/p>\n<p>                        S\u00eddlo telev\u00edzie Mark\u00edza v Z\u00e1horskej Bystrici.<\/p>\n<p>Majstrovstv\u00e1 sveta v\u00a0hokeji 2026\u00a0s\u00fa v\u00a0plnom pr\u00fade a slovensk\u00e1 reprezent\u00e1cia m\u00e1 pred sebou z\u00e1ver z\u00e1kladnej skupiny.<\/p>\n<p>\t<a class=\"promo-clanok\" href=\"https:\/\/www.mediaklik.sk\/co-si-pustit\/clanok\/810141-novy-8-dielny-sci-fi-hit-netflixu-valcuje-hodnotenia-v-jednom-klucovom-smere-uz-preskocil-aj-legendarne-stranger-things\/\" rel=\"nofollow noopener\" target=\"_blank\"> \t\t\t\t\t<img decoding=\"async\" src=\"https:\/\/www.europesays.com\/sk\/wp-content\/uploads\/2026\/05\/the-boroughs_01-stvorec.jpg\" class=\"promo-clanok-image\" alt=\"the-boroughs\"\/> \t\t\t \t\t\t\t \t\t\t\t\t\t\t\t\t\t\t\u010c\u00edtajte viac \t\t\t\t\t\t\t\t\t \t\t\t\t \t\t\t\t\tNov\u00fd 8-dielny sci-fi hit Netflixu valcuje hodnotenia. V jednom k\u013e\u00fa\u010dovom smere u\u017e presko\u010dil aj legend\u00e1rne Stranger Things \t\t\t\t \t\t\t \t\t\t<\/a><\/p>\n<p>\u0160ampion\u00e1t sa tento rok kon\u00e1 od 15.\u00a0do 31.\u00a0m\u00e1ja vo \u0160vaj\u010diarsku, konkr\u00e9tne v\u00a0Z\u00fcrichu a vo Fribourgu. Slovensko hr\u00e1 svoje z\u00e1pasy v\u00a0B-skupine v\u00a0BCF Arene vo Fribourgu, kde postupne nast\u00fapilo proti N\u00f3rsku, Taliansku, Slovinsku, D\u00e1nsku a e\u0161te nast\u00fapi proti \u010cesku, Kanade a na z\u00e1ver ho \u010dak\u00e1 duel so \u0160v\u00e9dskom.<\/p>\n<p>Pr\u00e1ve posledn\u00fd skupinov\u00fd z\u00e1pas Slovenska v\u00fdrazne zasiahne aj do telev\u00edzneho vysielania. Slov\u00e1ci nast\u00fapia v\u00a0utorok 26.\u00a0m\u00e1ja o\u00a016:20 proti \u0160v\u00e9dsku. Priamy prenos odvysiela TV JOJ, pri\u010dom \u0161ampion\u00e1t je s\u00fa\u010das\u0165ou rozsiahleho hokejov\u00e9ho vysielania skupiny JOJ. T\u00e1 avizovala, \u017ee div\u00e1kom pon\u00fakne v\u0161etk\u00fdch 64\u00a0z\u00e1pasov majstrovstiev sveta v\u00a0priamych prenosoch.<\/p>\n<p>Z\u00e1pasy slovenskej reprezent\u00e1cie m\u00f4\u017eu div\u00e1ci sledova\u0165 na TV JOJ, zatia\u013e \u010do \u010fal\u0161ie stretnutia \u0161ampion\u00e1tu so slovensk\u00fdm koment\u00e1rom s\u00fa dostupn\u00e9 na JOJ Plus a JOJ \u0160port. Vysielanie je z\u00e1rove\u0148 dostupn\u00e9 aj cez streamovaciu platformu JOJ Play, kde sa z\u00e1pasy daj\u00fa sledova\u0165 v\u00a0r\u00e1mci bal\u00ed\u010dka\u00a0Free.<\/p>\n<p>\t<a class=\"promo-clanok\" href=\"https:\/\/www.mediaklik.sk\/televizia\/clanok\/810143-ked-celebrity-zacnu-riskovat-moze-sa-stat-cokolvek-joj-chysta-special-plny-napatia-humoru-a-prekvapivych-odpovedi\/\" rel=\"nofollow noopener\" target=\"_blank\"> \t\t\t\t\t<img decoding=\"async\" src=\"https:\/\/www.europesays.com\/sk\/wp-content\/uploads\/2026\/05\/riskuj_01-stvorec.jpg\" class=\"promo-clanok-image\" alt=\"riskuj\"\/> \t\t\t \t\t\t\t \t\t\t\t\t\t\t\t\t\t\t\u010c\u00edtajte viac \t\t\t\t\t\t\t\t\t \t\t\t\t \t\t\t\t\tKe\u010f celebrity za\u010dn\u00fa riskova\u0165, m\u00f4\u017ee sa sta\u0165 \u010doko\u013evek. JOJ chyst\u00e1 \u0161peci\u00e1l pln\u00fd nap\u00e4tia, humoru a prekvapiv\u00fdch odpoved\u00ed \t\t\t\t \t\t\t \t\t\t<\/a><\/p>\n<p>Hokejov\u00fd \u0161ampion\u00e1t v\u0161ak neprin\u00e1\u0161a zmeny iba do programu JOJky. Reagova\u0165 musia aj konkuren\u010dn\u00e9 telev\u00edzie, ktor\u00fdm sa v\u00fdznamn\u00fd \u0161portov\u00fd prenos \u010dasovo prekr\u00fdva s\u00a0vlastn\u00fdmi podve\u010dern\u00fdmi form\u00e1tmi. Jednou z\u00a0nich je aj Mark\u00edza, ktor\u00e1 v\u00a0utorok 26.\u00a0m\u00e1ja op\u00e4\u0165 prist\u00fapi k\u00a0zmene vysielania ob\u013e\u00faben\u00e9ho denn\u00e9ho seri\u00e1lu\u00a0S\u013eub.<\/p>\n<p>Fan\u00fa\u0161ikovia S\u013eubu sa tak po\u010das utorkov\u00e9ho podve\u010dera novej epiz\u00f3dy v\u00f4bec nedo\u010dkaj\u00fa. Namiesto nej Mark\u00edza odvysiela Rodinn\u00e9 pr\u00edpady. Zmenu potvrdila telev\u00edzia aj v\u00a0stanovisku pre Mediaklik.sk.<\/p>\n<p>\t<a class=\"promo-clanok\" href=\"https:\/\/www.mediaklik.sk\/o-serialoch\/clanok\/810003-slub-michal-kamila-rozchod-evino-tajomstvo-zvraty\/\" rel=\"nofollow noopener\" target=\"_blank\"> \t\t\t\t\t<img decoding=\"async\" src=\"https:\/\/www.europesays.com\/sk\/wp-content\/uploads\/2026\/05\/slub-iii-foto-stvorec.jpg\" class=\"promo-clanok-image\" alt=\"Slub III. foto\"\/> \t\t\t \t\t\t\t \t\t\t\t\t\t\t\t\t\t\t\u010c\u00edtajte viac \t\t\t\t\t\t\t\t\t \t\t\t\t \t\t\t\t\tFan\u00fa\u0161ikov S\u013eubu \u010dak\u00e1 poriadny \u0161ok: Prich\u00e1dza definit\u00edvny koniec ve\u013ekej seri\u00e1lovej l\u00e1sky? Tieto rozhodnutia m\u00f4\u017eu v\u0161etko zmeni\u0165 \t\t\t\t \t\t\t \t\t\t<\/a><\/p>\n<p>\u201eV\u00a0utorok (26.5.) podve\u010der odohr\u00e1 slovensk\u00e1 hokejov\u00e1 reprezent\u00e1cia z\u00e1pas na majstrovstv\u00e1ch sveta. Aby v\u0161etk\u00fdm div\u00e1kom a div\u00e1\u010dkam seri\u00e1lu S\u013eub, ktor\u00ed z\u00e1rove\u0148 fandia na\u0161im hokejistom, neunikla ani min\u00fata jeho p\u00fatav\u00e9ho deja, namiesto epiz\u00f3dy S\u013eubu odvysiela telev\u00edzia Mark\u00edza Rodinn\u00e9 pr\u00edpady. O\u00a0pr\u00edpadn\u00fdch zmen\u00e1ch budeme v\u010das informova\u0165,\u201c uviedla TV Mark\u00edza.<\/p>\n<p>Programov\u00e9 preh\u013eady na utorok 26.\u00a0m\u00e1ja z\u00e1rove\u0148 uv\u00e1dzaj\u00fa, \u017ee Mark\u00edza m\u00e1 o\u00a017:55 zaraden\u00e9 Rodinn\u00e9 pr\u00edpady, nie nov\u00fa epiz\u00f3du S\u013eubu. Seri\u00e1l sa m\u00e1 pod\u013ea aktu\u00e1lneho programu vr\u00e1ti\u0165 op\u00e4\u0165 v\u00a0stredu 27.\u00a0m\u00e1ja v\u00a0podve\u010dernom\u00a0slote.<\/p>\n","protected":false},"excerpt":{"rendered":"Fan\u00fa\u0161ikovia S\u013eubu si na nov\u00fa epiz\u00f3du bud\u00fa musie\u0165 po\u010dka\u0165. Mark\u00edza upravuje svoje podve\u010dern\u00e9 vysielanie a v tomto term\u00edne&hellip;\n","protected":false},"author":2,"featured_media":18000,"comment_status":"","ping_status":"","sticky":false,"template":"","format":"standard","meta":{"footnotes":"","_share_on_mastodon":"0"},"categories":[13],"tags":[352,11050,43,40,39,42,41,251,69,68,3263,252,1422],"class_list":["post-78004","post","type-post","status-publish","format-standard","has-post-thumbnail","category-sport","tag-hokej","tag-majstrovstva-sveta","tag-sk","tag-slovak","tag-slovakia","tag-slovencina","tag-slovensko","tag-slub","tag-sport","tag-sports","tag-tv-joj","tag-tv-markiza","tag-vysielanie"],"share_on_mastodon":{"url":"https:\/\/pubeurope.com\/@sk\/116624228630221558","error":""},"_links":{"self":[{"href":"https:\/\/www.europesays.com\/sk\/wp-json\/wp\/v2\/posts\/78004","targetHints":{"allow":["GET"]}}],"collection":[{"href":"https:\/\/www.europesays.com\/sk\/wp-json\/wp\/v2\/posts"}],"about":[{"href":"https:\/\/www.europesays.com\/sk\/wp-json\/wp\/v2\/types\/post"}],"author":[{"embeddable":true,"href":"https:\/\/www.europesays.com\/sk\/wp-json\/wp\/v2\/users\/2"}],"replies":[{"embeddable":true,"href":"https:\/\/www.europesays.com\/sk\/wp-json\/wp\/v2\/comments?post=78004"}],"version-history":[{"count":0,"href":"https:\/\/www.europesays.com\/sk\/wp-json\/wp\/v2\/posts\/78004\/revisions"}],"wp:featuredmedia":[{"embeddable":true,"href":"https:\/\/www.europesays.com\/sk\/wp-json\/wp\/v2\/media\/18000"}],"wp:attachment":[{"href":"https:\/\/www.europesays.com\/sk\/wp-json\/wp\/v2\/media?parent=78004"}],"wp:term":[{"taxonomy":"category","embeddable":true,"href":"https:\/\/www.europesays.com\/sk\/wp-json\/wp\/v2\/categories?post=78004"},{"taxonomy":"post_tag","embeddable":true,"href":"https:\/\/www.europesays.com\/sk\/wp-json\/wp\/v2\/tags?post=78004"}],"curies":[{"name":"wp","href":"https:\/\/api.w.org\/{rel}","templated":true}]}}