{"id":78306,"date":"2026-05-23T22:02:06","date_gmt":"2026-05-23T22:02:06","guid":{"rendered":"https:\/\/www.europesays.com\/sk\/78306\/"},"modified":"2026-05-23T22:02:06","modified_gmt":"2026-05-23T22:02:06","slug":"po-tomto-horore-sa-budete-bat-vratit-sa-v-noci-autom-z-kina-pasazier-meni-prijemny-road-trip-na-nocnu-moru","status":"publish","type":"post","link":"https:\/\/www.europesays.com\/sk\/78306\/","title":{"rendered":"Po tomto horore sa budete b\u00e1\u0165 vr\u00e1ti\u0165 sa v noci autom z kina: Pasa\u017eier men\u00ed pr\u00edjemn\u00fd road trip na no\u010dn\u00fa moru!"},"content":{"rendered":"<p>BRATISLAVA &#8211; Zastavi\u0165 na od\u013eahlej ceste v neskor\u00fdch no\u010dn\u00fdch hodin\u00e1ch sa m\u00f4\u017ee \u013eahko zmeni\u0165 na no\u010dn\u00fa moru. Re\u017eis\u00e9r Andr\u00e9 \u00d8vredal vo svojom filme Pasa\u017eier pracuje s t\u00fdmto mot\u00edvom nato\u013eko sugest\u00edvne, \u017ee div\u00e1ci prehodnotia no\u010dn\u00e9 jazdy. Horor je u\u017e v na\u0161ich kin\u00e1ch.<\/p>\n<p>Mlad\u00fd p\u00e1r, ktor\u00fd o\u010dak\u00e1va narodenie potomka, chce predt\u00fdm, ne\u017e bud\u00fa traja, za\u017ei\u0165 e\u0161te jedno poriadne dobrodru\u017estvo. Po\u017ei\u010daj\u00fa si karavan a vyrazia na bezstarostn\u00fa jazdu po americkom vidieku. Pohoda trv\u00e1 do okamihu, k\u00fdm uprostred noci neuvidia \u010derstv\u00fa hav\u00e1riu a nezastavia, aby jej \u00fa\u010dastn\u00edkom pomohli. Chlapcovi za volantom, u\u017e pom\u00f4c\u0165 nedok\u00e1\u017eu. Na mieste nehody sa v\u0161ak nach\u00e1dza e\u0161te nie\u010do. Nie\u010do zlovestn\u00e9, \u010do zost\u00e1va skryt\u00e9. Aspo\u0148 nateraz.<\/p>\n<p>V kempe, kde str\u00e1via nasleduj\u00facu noc, im vyrozpr\u00e1vaj\u00fa legendu o Pasa\u017eierovi \u2013 desivom pr\u00edzraku, ktor\u00fd terorizuje t\u00fdch, \u010do zastavili. Uprostred lesa, uprostred cesty, presne tak, ako t\u00edto dvaja dobrodruhovia. Pod\u013ea legendy tak\u00edto ne\u0161\u0165astn\u00edci nemaj\u00fa \u0161ancu a \u010dak\u00e1 ich posledn\u00fdch p\u00e1r chv\u00ed\u013e \u010di dn\u00ed \u017eivota. Bolo by \u013eahk\u00e9 hodi\u0165 to za hlavu&#8230; Len\u017ee smola sa im za\u010dala lepi\u0165 na p\u00e4ty, desiv\u00e9 v\u00edzie sa opakovali a bl\u00edzkos\u0165 smrti bola zrazu priam hmatate\u013en\u00e1.<\/p>\n<p>Re\u017eis\u00e9r Andr\u00e9 \u00d8vredal nato\u010dil v\u00fdborn\u00fd mysteri\u00f3zny horor Tajomstvo smrti sle\u010dny Nezn\u00e1mej, ktor\u00fd div\u00e1kov dr\u017eal v permanentnom nap\u00e4t\u00ed od prvej min\u00faty a dej efektne dop\u013a\u0148al presved\u010div\u00fdmi \u0161okov\u00fdmi momentami. Na to ist\u00e9 sa m\u00f4\u017eu div\u00e1ci te\u0161i\u0165 aj v pr\u00edpade Pasa\u017eiera. Priestoru na uvo\u013enenie nap\u00e4tia ve\u013ea nebude.<\/p>\n<p style=\"text-align:center\">VIDEO: Trailer k filmu Pasa\u017eier.\u00a0<\/p>\n<p style=\"text-align:center\">\u00a0<\/p>\n<p>Zd\u00e1 sa, \u017ee u\u017e samotn\u00e9 nakr\u00facanie bolo tak trochu stra\u0161ideln\u00e9, \u010do prizn\u00e1va aj hlavn\u00e1 hrdinka Lou Llobell, ktor\u00e1 povedala: \u201eNakr\u00facali sme vonku v tme pri ceste v lese. To samo osebe je u\u017e dos\u0165 desiv\u00e9. Jednoducho nikdy neviete, kto v\u00e1m vojde do cesty. Nikdy neviete, \u010do n\u00e1jdete.\u201f Jej filmov\u00fd partner Jacob Scipio ju dop\u013a\u0148a: \u201ePasa\u017eier je o p\u00e1re, ktor\u00fd sa vyd\u00e1 na cestu a ponor\u00ed sa do \u017eivota v karavane. Producentov som pred prijat\u00edm tejto hereckej ponuky po\u017eiadal, aby n\u00e1\u0161 film po\u017eehnal k\u0148az.\u201f<\/p>\n<p>Re\u017eis\u00e9r filmu ho predstavuje slovami: \u201eNie je to typick\u00fd horor. U\u017e len miesto, kde sa odohr\u00e1va &#8211; na ceste &#8211; je dos\u0165 re\u00e1lne a pr\u00e1ve aj preto desiv\u00e9. Ve\u013ea \u013eud\u00ed m\u00e1 stra\u0161ideln\u00e9 sk\u00fasenosti. Mnoh\u00ed z nich o nich za\u010dali hovori\u0165 ako o dielach d\u00e9mona.\u201f<\/p>\n<p>V kin\u00e1ch m\u00e1te jedine\u010dn\u00fa mo\u017enos\u0165 zisti\u0165, ako ste na tom s no\u010dn\u00fdmi cestami autom a strachom aj vy sami. Horor Pasa\u017eier si u\u017e teraz m\u00f4\u017eete pozrie\u0165 v na\u0161ich kin\u00e1ch!<\/p>\n<p>\t<a href=\"https:\/\/novinky.zoznam.sk\/gl\/9573163\/6496357\/Po-tomto-horore-sa-budete-bat-vratit-sa-v-noci-autom-z-kina--Pasazier-meni-prijemny-road-trip-na-nocnu-moru-\" rel=\"nofollow noopener\" target=\"_blank\"><br \/>\n\t\t<img decoding=\"async\" alt=\"Po tomto horore sa\" aria-describedby=\"img-res-6496357\" class=\"\" id=\"6496357\" loading=\"lazy\" onerror=\"imgArticleLoadErr(this)\" src=\"https:\/\/www.europesays.com\/sk\/wp-content\/uploads\/2026\/05\/Pasazier.jpg\" style=\"aspect-ratio:2.326\" title=\"Po tomto horore sa\"\/>\t\t\t<\/p>\n<p>\n\t\t\t\tZobrazi\u0165 gal\u00e9riu (3)\t\t\t<\/p>\n<p>\t<\/a><\/p>\n<p>\t\u00a0(Zdroj: Paramount Pictures)<\/p>\n<p>\t<a href=\"https:\/\/novinky.zoznam.sk\/gl\/9573163\/6496359\/Po-tomto-horore-sa-budete-bat-vratit-sa-v-noci-autom-z-kina--Pasazier-meni-prijemny-road-trip-na-nocnu-moru-\" rel=\"nofollow noopener\" target=\"_blank\"><br \/>\n\t\t<img decoding=\"async\" alt=\"Po tomto horore sa\" aria-describedby=\"img-res-6496359\" class=\"\" id=\"6496359\" loading=\"lazy\" onerror=\"imgArticleLoadErr(this)\" src=\"https:\/\/www.europesays.com\/sk\/wp-content\/uploads\/2026\/05\/1779573726_364_Pasazier.jpg\" style=\"aspect-ratio:1.990\" title=\"Po tomto horore sa\"\/>\t\t\t<\/p>\n<p>\n\t\t\t\tZobrazi\u0165 gal\u00e9riu (3)\t\t\t<\/p>\n<p>\t<\/a><\/p>\n<p>\t\u00a0(Zdroj: Paramount Pictures)<\/p>\n","protected":false},"excerpt":{"rendered":"BRATISLAVA &#8211; Zastavi\u0165 na od\u013eahlej ceste v neskor\u00fdch no\u010dn\u00fdch hodin\u00e1ch sa m\u00f4\u017ee \u013eahko zmeni\u0165 na no\u010dn\u00fa moru. Re\u017eis\u00e9r&hellip;\n","protected":false},"author":2,"featured_media":78307,"comment_status":"","ping_status":"","sticky":false,"template":"","format":"standard","meta":{"footnotes":"","_share_on_mastodon":"0"},"categories":[15],"tags":[70,29025,43,40,39,42,41,71],"class_list":["post-78306","post","type-post","status-publish","format-standard","has-post-thumbnail","category-zabava","tag-entertainment","tag-pasazier","tag-sk","tag-slovak","tag-slovakia","tag-slovencina","tag-slovensko","tag-zabava"],"share_on_mastodon":{"url":"https:\/\/pubeurope.com\/@sk\/116626151738103207","error":""},"_links":{"self":[{"href":"https:\/\/www.europesays.com\/sk\/wp-json\/wp\/v2\/posts\/78306","targetHints":{"allow":["GET"]}}],"collection":[{"href":"https:\/\/www.europesays.com\/sk\/wp-json\/wp\/v2\/posts"}],"about":[{"href":"https:\/\/www.europesays.com\/sk\/wp-json\/wp\/v2\/types\/post"}],"author":[{"embeddable":true,"href":"https:\/\/www.europesays.com\/sk\/wp-json\/wp\/v2\/users\/2"}],"replies":[{"embeddable":true,"href":"https:\/\/www.europesays.com\/sk\/wp-json\/wp\/v2\/comments?post=78306"}],"version-history":[{"count":0,"href":"https:\/\/www.europesays.com\/sk\/wp-json\/wp\/v2\/posts\/78306\/revisions"}],"wp:featuredmedia":[{"embeddable":true,"href":"https:\/\/www.europesays.com\/sk\/wp-json\/wp\/v2\/media\/78307"}],"wp:attachment":[{"href":"https:\/\/www.europesays.com\/sk\/wp-json\/wp\/v2\/media?parent=78306"}],"wp:term":[{"taxonomy":"category","embeddable":true,"href":"https:\/\/www.europesays.com\/sk\/wp-json\/wp\/v2\/categories?post=78306"},{"taxonomy":"post_tag","embeddable":true,"href":"https:\/\/www.europesays.com\/sk\/wp-json\/wp\/v2\/tags?post=78306"}],"curies":[{"name":"wp","href":"https:\/\/api.w.org\/{rel}","templated":true}]}}