{"id":78697,"date":"2026-05-24T13:32:09","date_gmt":"2026-05-24T13:32:09","guid":{"rendered":"https:\/\/www.europesays.com\/sk\/78697\/"},"modified":"2026-05-24T13:32:09","modified_gmt":"2026-05-24T13:32:09","slug":"mazurek-nema-podla-gaspara-podporu-smeru-v-presove-istu","status":"publish","type":"post","link":"https:\/\/www.europesays.com\/sk\/78697\/","title":{"rendered":"Mazurek nem\u00e1 pod\u013ea Ga\u0161para podporu Smeru v Pre\u0161ove ist\u00fa"},"content":{"rendered":"<p>Mazurek nemus\u00ed ma\u0165 u Smeru pred V\u00daC vo\u013ebami ni\u010d ist\u00e9.\t\t\t\t\t\t(Zdroj: Topky\/Vlado Anjel, TASR\/Martin Baumann, Maro\u0161 \u010cern\u00fd)\t\t\t\t\t<\/p>\n<p>BRATISLAVA\/PRE\u0160OV &#8211; Podpredseda N\u00e1rodnej rady SR Tibor Ga\u0161par (Smer-SD) pripustil mo\u017en\u00fa podporu Milana Mazureka (Republika) v komun\u00e1lnych vo\u013eb\u00e1ch, zatia\u013e v\u0161ak pod\u013ea neho neexistuje \u017eiadna definit\u00edvna dohoda. Mazurek pritom kandiduje v Pre\u0161ovskom kraji proti Milanovi Majersk\u00e9mu z KDH ale aj nez\u00e1visl\u00e9mu ministrovi invest\u00edci\u00ed, region\u00e1lneho rozvoja a informatiz\u00e1cie Samuelovi Miga\u013eovi. Pr\u00e1ve posledn\u00fd menovan\u00fd kandid\u00e1t poriadne zamotal situ\u00e1ciu.<\/p>\n<p>Ga\u0161par v rel\u00e1cii Sobotn\u00e9 dial\u00f3gy uviedol, \u017ee Smer-SD zatia\u013e Mazurekovi negarantoval podporu. &#8222;Povedali sme, \u017ee sme pripraven\u00ed podpori\u0165 pr\u00edpadne t\u00fato kandidat\u00faru,&#8220; vysvetlil. Z\u00e1rove\u0148 dodal, \u017ee najsk\u00f4r mus\u00ed d\u00f4js\u0165 k rokovaniam s predstavite\u013emi Republiky.<\/p>\n<p>&#8222;Najprv sa mus\u00edme s predstavite\u013emi strany Republika stretn\u00fa\u0165, dohodn\u00fa\u0165 sa na princ\u00edpoch spolupr\u00e1ce. To sa zatia\u013e nestalo,&#8220; povedal Ga\u0161par.<\/p>\n<p>\t<a href=\"https:\/\/www.topky.sk\/gl\/9573305\/6493259\/Prekvapenie-pred-volbami-v-Presovskom-kraji--Gaspar-pritvrdil--Mazurek-odrazu-nema-nic-iste--karty-zamiesal-MIgal-\" rel=\"nofollow noopener\" target=\"_blank\"><br \/>\n\t\t<img decoding=\"async\" alt=\"Tibor Ga\u0161par\" aria-describedby=\"img-res-6493259\" class=\"\" id=\"6493259\" loading=\"lazy\" onerror=\"imgArticleLoadErr(this)\" src=\"https:\/\/www.europesays.com\/sk\/wp-content\/uploads\/2026\/05\/Tibor-Gaspar.jpg\" style=\"aspect-ratio:1.501\" title=\"Tibor Ga\u0161par\"\/>\t\t\t<\/p>\n<p>\n\t\t\t\tZobrazi\u0165 gal\u00e9riu (5)\t\t\t<\/p>\n<p>\t<\/a><\/p>\n<p>Tibor Ga\u0161par\t\u00a0(Zdroj: Topky\/Vlado Anjel)<\/p>\n<p>Pod\u013ea neho navy\u0161e Republika moment\u00e1lne nejav\u00ed z\u00e1ujem o vz\u00e1jomn\u00e9 dohody pri podpore kandid\u00e1tov. &#8222;Nie je dnes na stole tvrdenie, \u017ee ideme podporova\u0165 p\u00e1na Mazureka,&#8220; zd\u00f4raznil. Ak by sa objavil in\u00fd kandid\u00e1t s v\u00e4\u010d\u0161ou \u0161ancou na \u00faspech, Smer pod\u013ea jeho slov zv\u00e1\u017ei podporu aj jemu.<\/p>\n<p>Kto sa pobije o kreslo \u017eupana?<\/p>\n<p>Do boja o post predsedu Pre\u0161ovsk\u00e9ho samospr\u00e1vneho kraja sa u\u017e pod\u013ea dostupn\u00fdch inform\u00e1ci\u00ed chyst\u00e1 viacero kandid\u00e1tov. Kandidat\u00faru potvrdil s\u00fa\u010dasn\u00fd \u017eupan Milan Majersk\u00fd (KDH).<\/p>\n<p>\t<a href=\"https:\/\/www.topky.sk\/gl\/9573305\/6438039\/Prekvapenie-pred-volbami-v-Presovskom-kraji--Gaspar-pritvrdil--Mazurek-odrazu-nema-nic-iste--karty-zamiesal-MIgal-\" rel=\"nofollow noopener\" target=\"_blank\"><br \/>\n\t\t<img decoding=\"async\" alt=\"Prekvapenie pred vo\u013ebami v\" aria-describedby=\"img-res-6438039\" class=\"\" id=\"6438039\" loading=\"lazy\" onerror=\"imgArticleLoadErr(this)\" src=\"https:\/\/www.europesays.com\/sk\/wp-content\/uploads\/2026\/05\/Milan-Majersky.jpg\" style=\"aspect-ratio:1.501\" title=\"Prekvapenie pred vo\u013ebami v\"\/>\t\t\t<\/p>\n<p>\n\t\t\t\tZobrazi\u0165 gal\u00e9riu (5)\t\t\t<\/p>\n<p>\t<\/a><\/p>\n<p>\t\u00a0(Zdroj: Topky\/Vlado Anjel)<\/p>\n<p>Kandidova\u0165 bude op\u00e4\u0165 aj europoslanec Milan Mazurek (Republika).<\/p>\n<p>\t<a href=\"https:\/\/www.topky.sk\/gl\/9573305\/6458173\/Prekvapenie-pred-volbami-v-Presovskom-kraji--Gaspar-pritvrdil--Mazurek-odrazu-nema-nic-iste--karty-zamiesal-MIgal-\" rel=\"nofollow noopener\" target=\"_blank\"><br \/>\n\t\t<img decoding=\"async\" alt=\"Milan Mazurek\" aria-describedby=\"img-res-6458173\" class=\"\" id=\"6458173\" loading=\"lazy\" onerror=\"imgArticleLoadErr(this)\" src=\"https:\/\/www.europesays.com\/sk\/wp-content\/uploads\/2026\/05\/milan-mazurek.jpg\" style=\"aspect-ratio:0.720\" title=\"Milan Mazurek\"\/>\t\t\t<\/p>\n<p>\n\t\t\t\tZobrazi\u0165 gal\u00e9riu (5)\t\t\t<\/p>\n<p>\t<\/a><\/p>\n<p>Milan Mazurek\t\u00a0(Zdroj: TASR &#8211; Dano Veselsk\u00fd)<\/p>\n<p>Premi\u00e9r pri Miga\u013eovi zrejme zmen\u00ed strat\u00e9giu<\/p>\n<p>Ako posledn\u00fd kandidat\u00faru prekvapivo ozn\u00e1mil minister invest\u00edci\u00ed Samuel Miga\u013e, ktor\u00fd chce kandidova\u0165 ako nez\u00e1visl\u00fd, no pri podpore napr\u00edklad nem\u00f4\u017ee po\u010d\u00edta\u0165 s b\u00fdvalou materskou stranou Hlas-SD, z ktorej ho vyhodili.<\/p>\n<p>Kandidat\u00fara Miga\u013ea bola, ako sa uk\u00e1zalo, prekvapiv\u00e1 aj pre samotn\u00e9ho premi\u00e9ra Roberta Fica. Ten toti\u017e v \u010dase, kedy Smer-SD pl\u00e1noval podpori\u0165 na post \u017eupana pr\u00e1ve Mazureka, e\u0161te netu\u0161il, \u017ee kandidova\u0165 bude aj Miga\u013e.<\/p>\n<p>\t<a href=\"https:\/\/www.topky.sk\/gl\/9573305\/6496639\/Prekvapenie-pred-volbami-v-Presovskom-kraji--Gaspar-pritvrdil--Mazurek-odrazu-nema-nic-iste--karty-zamiesal-MIgal-\" rel=\"nofollow noopener\" target=\"_blank\"><br \/>\n\t\t<img decoding=\"async\" alt=\"Prekvapenie pred vo\u013ebami v\" aria-describedby=\"img-res-6496639\" class=\"\" id=\"6496639\" loading=\"lazy\" onerror=\"imgArticleLoadErr(this)\" src=\"https:\/\/www.europesays.com\/sk\/wp-content\/uploads\/2026\/05\/zupan-kandidatura-Samuel-Migal.jpg\" style=\"aspect-ratio:1.333\" title=\"Prekvapenie pred vo\u013ebami v\"\/>\t\t\t<\/p>\n<p>\n\t\t\t\tZobrazi\u0165 gal\u00e9riu (5)\t\t\t<\/p>\n<p>\t<\/a><\/p>\n<p>\t\u00a0(Zdroj: TASR\/Maro\u0161 \u010cern\u00fd)<\/p>\n<p>Miga\u013e v najnov\u0161ej rel\u00e1cii Politika 24 pre <a href=\"https:\/\/joj24.noviny.sk\/politika-24\/1212064-migal-o-spore-v-koalicii-taraba-je-jeden-z-najschopnejsich-ministrov-vlady\" target=\"_blank\" rel=\"nofollow noopener\">TV JOJ<\/a> potvrdil, \u017ee v priebehu nieko\u013ek\u00fdch t\u00fd\u017ed\u0148ov ho premi\u00e9r na jeho kandidat\u00faru na predsedu Pre\u0161ovsk\u00e9ho kraja podpor\u00ed. &#8222;Rozpr\u00e1vali sme sa o tom,&#8220; povedal v rel\u00e1cii minister invest\u00edci\u00ed Miga\u013e.<\/p>\n<p>O post \u017eupana sa chce uch\u00e1dza\u0165 aj podnikate\u013e Mari\u00e1n Geci a kandidat\u00faru ohl\u00e1sil tie\u017e \u013dubom\u00edr Golia\u0161 za stranu Jednota Slovanov.<\/p>\n","protected":false},"excerpt":{"rendered":"Mazurek nemus\u00ed ma\u0165 u Smeru pred V\u00daC vo\u013ebami ni\u010d ist\u00e9. (Zdroj: Topky\/Vlado Anjel, TASR\/Martin Baumann, Maro\u0161 \u010cern\u00fd) BRATISLAVA\/PRE\u0160OV&hellip;\n","protected":false},"author":2,"featured_media":78698,"comment_status":"","ping_status":"","sticky":false,"template":"","format":"standard","meta":{"footnotes":"","_share_on_mastodon":"0"},"categories":[6],"tags":[6768,10633,3195,18614,18613,43,40,44,39,42,45,41,1345,4804,29147],"class_list":["post-78697","post","type-post","status-publish","format-standard","has-post-thumbnail","category-slovensko","tag-milan-majersky","tag-milan-mazurek","tag-podpora","tag-presovsky-samospravny-kraj","tag-republika","tag-sk","tag-slovak","tag-slovak-republic","tag-slovakia","tag-slovencina","tag-slovenska-republika","tag-slovensko","tag-tibor-gaspar","tag-vuc","tag-zupan"],"share_on_mastodon":{"url":"https:\/\/pubeurope.com\/@sk\/116629808747496129","error":""},"_links":{"self":[{"href":"https:\/\/www.europesays.com\/sk\/wp-json\/wp\/v2\/posts\/78697","targetHints":{"allow":["GET"]}}],"collection":[{"href":"https:\/\/www.europesays.com\/sk\/wp-json\/wp\/v2\/posts"}],"about":[{"href":"https:\/\/www.europesays.com\/sk\/wp-json\/wp\/v2\/types\/post"}],"author":[{"embeddable":true,"href":"https:\/\/www.europesays.com\/sk\/wp-json\/wp\/v2\/users\/2"}],"replies":[{"embeddable":true,"href":"https:\/\/www.europesays.com\/sk\/wp-json\/wp\/v2\/comments?post=78697"}],"version-history":[{"count":0,"href":"https:\/\/www.europesays.com\/sk\/wp-json\/wp\/v2\/posts\/78697\/revisions"}],"wp:featuredmedia":[{"embeddable":true,"href":"https:\/\/www.europesays.com\/sk\/wp-json\/wp\/v2\/media\/78698"}],"wp:attachment":[{"href":"https:\/\/www.europesays.com\/sk\/wp-json\/wp\/v2\/media?parent=78697"}],"wp:term":[{"taxonomy":"category","embeddable":true,"href":"https:\/\/www.europesays.com\/sk\/wp-json\/wp\/v2\/categories?post=78697"},{"taxonomy":"post_tag","embeddable":true,"href":"https:\/\/www.europesays.com\/sk\/wp-json\/wp\/v2\/tags?post=78697"}],"curies":[{"name":"wp","href":"https:\/\/api.w.org\/{rel}","templated":true}]}}