{"id":79124,"date":"2026-05-25T04:13:23","date_gmt":"2026-05-25T04:13:23","guid":{"rendered":"https:\/\/www.europesays.com\/sk\/79124\/"},"modified":"2026-05-25T04:13:23","modified_gmt":"2026-05-25T04:13:23","slug":"legendarny-nedomansky-nalozil-slovakom-stale-sa-na-nieco-stazuju-nie-su-taki-dobri-ako-si-myslia-na-zaver-to-schytal-aj-orszagh-ms-2026-hokej","status":"publish","type":"post","link":"https:\/\/www.europesays.com\/sk\/79124\/","title":{"rendered":"Legend\u00e1rny Nedomansk\u00fd nalo\u017eil Slov\u00e1kom. St\u00e1le sa na nie\u010do s\u0165a\u017euj\u00fa, nie s\u00fa tak\u00ed dobr\u00ed, ako si myslia. Na z\u00e1ver to schytal aj Orsz\u00e1gh &#8211; MS 2026 &#8211; Hokej"},"content":{"rendered":"<p itemprop=\"description\">V \u010deskej tla\u010di po z\u00e1pase \u010ceska so Slovenskom zarezonoval najm\u00e4 koment\u00e1r legend\u00e1rneho \u010deskoslovensk\u00e9ho hokejistu V\u00e1clava Nedomansk\u00e9ho pre Sport.cz. <\/p>\n<p>\t\t\t\t\t\t\t\t\t\t\t\t\t\t\t\t\t\u0160portweb<\/p>\n<p>\t\t\t\t\t\t\t\t24.05.2026 11:16 \t\t\t\t\t\t\t<\/p>\n<p>Niekdaj\u0161\u00ed kanonier Slovana Bratislava v\u00a0\u0148om otvorene pomenoval, \u010do sa mu na slovenskom v\u00fdkone p\u00e1\u010dilo, no e\u0161te viac priestoru venoval kritike mentality slovensk\u00e9ho t\u00edmu aj vystupovania jeho tr\u00e9nera.<\/p>\n<p>B\u00fdval\u00fd elitn\u00fd \u00fato\u010dn\u00edk ozna\u010dil \u010desk\u00e9 v\u00ed\u0165azstvo za mimoriadne d\u00f4le\u017eit\u00e9 najm\u00e4 kv\u00f4li mo\u017enej v\u00fdhodnej\u0161ej poz\u00edcii pre \u0161tvr\u0165fin\u00e1le. Samotn\u00fd duel ho v\u0161ak herne \u00faplne nepresved\u010dil.<\/p>\n<p>\u201eO\u010dak\u00e1val som, \u017ee to bude z\u00e1pas vo ve\u013ekej intenzite, ale pod\u013ea m\u0148a ani jedno mu\u017estvo nehralo nejako mimoriadne dobre,\u201c uviedol Nedomansk\u00fd pre <a target=\"_blank\" href=\"https:\/\/www.sport.cz\/clanek\/nazory-komentare-pali-nedo-slovakum-se-porad-neco-nelibi-nejsou-tak-dobri-jak-si-mysli-5462584\" rel=\"nofollow noopener\">sport.cz<\/a>. \u010cesk\u00fd t\u00edm pod\u013ea neho vst\u00fapil do stretnutia ve\u013emi opatrne a v\u00a0prvej tretine prakticky nepustil Slov\u00e1kov do v\u00e1\u017enej\u0161ej pr\u00edle\u017eitosti.<\/p>\n<p>Na druhej strane uznal, \u017ee slovensk\u00e9 mu\u017estvo sa postupne dostalo do z\u00e1pasu. \u201eOd druhej tretiny sa v\u0161ak Slov\u00e1ci prebudili a mali tam nieko\u013eko dobr\u00fdch pas\u00e1\u017e\u00ed,\u201c povedal. Napriek tomu pod\u013ea neho rozhodli sk\u00fasenosti \u010desk\u00e9ho v\u00fdberu a schopnos\u0165 eliminova\u0165 najv\u00e4\u010d\u0161iu slovensk\u00fa zbra\u0148\u00a0\u2014 kor\u010du\u013eovanie.<\/p>\n<p>\u201e\u010cesi mali predsa len sk\u00fasenej\u0161\u00ed t\u00edm, r\u00fdchlo pristupovali k\u00a0slovensk\u00fdm hr\u00e1\u010dom a nedovolili im r\u00fdchle kor\u010du\u013eovanie ani rozhodovanie,\u201c zhodnotil.<\/p>\n<p>Nedomansk\u00fd z\u00e1rove\u0148 ocenil, \u017ee slovensk\u00fd hokej sa za posledn\u00e9 roky posunul dopredu. Ve\u013ek\u00fd potenci\u00e1l vid\u00ed najm\u00e4 v\u00a0mladej gener\u00e1cii hr\u00e1\u010dov, ktor\u00e1 vyrast\u00e1 v\u00a0z\u00e1mor\u00ed.<\/p>\n<p>\t<a class=\"promo-clanok\" href=\"https:\/\/sportweb.pravda.sk\/hokej\/ms-2026\/clanok\/810287-hokej-slovensko-stvrtfinale-tabulka-analyza-postupova-kalkulacka-ms-v-hokeji-2026\/\" rel=\"nofollow noopener\" target=\"_blank\"> \t\t\t\t\t<img decoding=\"async\" src=\"https:\/\/www.europesays.com\/sk\/wp-content\/uploads\/2026\/05\/slovensko-hokej-marek-hrivik-stvorec.jpg\" class=\"promo-clanok-image\" alt=\"Slovensko, hokej, Marek Hriv\u00edk\"\/> \t\t\t \t\t\t\t \t\t\t\t\t\t\t\t\t\t\t\u010c\u00edtajte viac \t\t\t\t\t\t\t\t\t \t\t\t\t \t\t\t\t\tPostupov\u00e1 kalkula\u010dka: Slov\u00e1ci to maj\u00fa vo vlastn\u00fdch ruk\u00e1ch, ale ich situ\u00e1cia je u\u017e mimoriadne \u0165a\u017ek\u00e1 \t\t\t\t \t\t\t \t\t\t<\/a><\/p>\n<p>\u201eSlov\u00e1ci maj\u00fa na majstrovstv\u00e1ch sveta ve\u013emi mlad\u00fd t\u00edm a je vidie\u0165, ako sa za posledn\u00e9 roky zlep\u0161ili. Maj\u00fa v\u00fdborn\u00e9 a agres\u00edvne kor\u010du\u013eovanie,\u201c povedal b\u00fdval\u00fd reprezentant. Z\u00e1rove\u0148 v\u0161ak dodal, \u017ee slovensk\u00e9mu t\u00edmu st\u00e1le ch\u00fdba v\u00e4\u010d\u0161ia kvalita v\u00a0\u00fato\u010dnom\u00a0p\u00e1sme.<\/p>\n<p>\u201eIch nedostatkom je zatia\u013e vytv\u00e1ranie si \u0161anc\u00ed v\u00a0ofenz\u00edvnom p\u00e1sme. V\u00e4\u010d\u0161inu pr\u00edle\u017eitost\u00ed toti\u017e mali po \u00fanikoch alebo po strel\u00e1ch od modrej \u010diary,\u201c mysl\u00ed si Nedomansk\u00fd.<\/p>\n<p>Pod\u013ea neho je v\u0161ak perspekt\u00edva slovensk\u00e9ho t\u00edmu dobr\u00e1 aj preto, \u017ee viacer\u00ed mlad\u00ed hr\u00e1\u010di pre\u0161li americk\u00fdm syst\u00e9mom. \u201eNov\u00ed mlad\u00ed slovensk\u00ed hr\u00e1\u010di, ktor\u00ed t\u00edm doplnili, pre\u0161li americk\u00fdm syst\u00e9mom a hraj\u00fa vo farm\u00e1rskych t\u00edmoch. Preto si mysl\u00edm, \u017ee maj\u00fa slu\u0161n\u00fd potenci\u00e1l na \u010fal\u0161\u00ed\u00a0rast.\u201c<\/p>\n<p>\t<a class=\"promo-clanok\" href=\"https:\/\/sportweb.pravda.sk\/hokej\/ms-2026\/clanok\/810277-hokej-slovensko-cesko-vladimir-orszagh-radim-rulik-treneri-reakcie-ms-v-hokeji-2026\/\" rel=\"nofollow noopener\" target=\"_blank\"> \t\t\t\t\t<img decoding=\"async\" src=\"https:\/\/www.europesays.com\/sk\/wp-content\/uploads\/2026\/05\/svajciarsko-msh26-sr-hokej-b-cr_01-stvorec.jpg\" class=\"promo-clanok-image\" alt=\"\u0160vaj\u010diarsko MSH26 SR Hokej B \u010cR\"\/> \t\t\t \t\t\t\t \t\t\t\t\t\t\t\t\t\t\t\u010c\u00edtajte viac \t\t\t\t\t\t\t\t\t \t\t\t\t \t\t\t\t\tNemal som okuliare, reagoval \u010desk\u00fd tr\u00e9ner na kontroverzn\u00fd moment. Orsz\u00e1gh prezradil, \u010do mu povedali rozhodcovia \t\t\t\t \t\t\t \t\t\t<\/a><\/p>\n<p>Najsilnej\u0161ia \u010das\u0165 koment\u00e1ra v\u0161ak smerovala k\u00a0spr\u00e1vaniu Slov\u00e1kov mimo samotnej hry. Nedomansk\u00e9mu sa v\u00fdrazne nep\u00e1\u010dili slov\u00e1 slovensk\u00e9ho tr\u00e9nera Vladim\u00edr Orsz\u00e1gh, ktor\u00e9 zachytil pred z\u00e1pasom v\u00a0kab\u00edne.<\/p>\n<p>\u201eOkrem in\u00e9ho hr\u00e1\u010dov nab\u00e1dal, aby nefaulovali a d\u00e1vali si pozor na \u010cechov, preto\u017ee vraj radi predstieraj\u00fa a radi padaj\u00fa. To sa mi z\u00a0poh\u013eadu fair play v\u00f4bec nep\u00e1\u010dilo,\u201c povedal \u010desk\u00fd velik\u00e1n.<\/p>\n<p>Vz\u00e1p\u00e4t\u00ed dodal aj jasn\u00fd odkaz smerom k\u00a0slovenskej lavi\u010dke. \u201eTr\u00e9ner m\u00e1 motivova\u0165 a nie hovori\u0165 tak\u00fdm sp\u00f4sobom. Od toho s\u00fa rozhodcovia, aby to vyhodnotili.\u201c<\/p>\n<p>E\u0161te tvrd\u0161ie vyznela jeho pozn\u00e1mka o\u00a0spr\u00e1van\u00ed slovensk\u00fdch hr\u00e1\u010dov po\u010das z\u00e1pasu. \u201eM\u00e1m pocit, \u017ee sa Slov\u00e1ci st\u00e1le obzeraj\u00fa cez plece a st\u00e1le sa im nie\u010do nep\u00e1\u010di. Mysl\u00edm t\u00fdm aj ich rozpr\u00e1vanie s\u00a0rozhodcami, \u010do by nemali robi\u0165.\u201c<\/p>\n<p>\t<a class=\"promo-clanok\" href=\"https:\/\/sportweb.pravda.sk\/hokej\/ms-2026\/clanok\/810233-slovensko-cesko-ohlasy-derby-radivojevic-tatar-lasak\/\" rel=\"nofollow noopener\" target=\"_blank\"> \t\t\t\t\t<img decoding=\"async\" src=\"https:\/\/www.europesays.com\/sk\/wp-content\/uploads\/2026\/05\/kristian-pospisil-stvorec.jpg\" class=\"promo-clanok-image\" alt=\"Kristi\u00e1n Posp\u00ed\u0161il\"\/> \t\t\t \t\t\t\t \t\t\t\t\t\t\t\t\t\t\t\u010c\u00edtajte viac \t\t\t\t\t\t\t\t\t \t\t\t\t \t\t\t\t\tNie je ten Kristi\u00e1n Posp\u00ed\u0161il zrel\u00fd na \u00fastav? prskali \u010cesi. Bolo to bratovra\u017eedn\u00e9 a p\u00e4ti\u010dka to vraj nebola \t\t\t\t \t\t\t \t\t\t<\/a><\/p>\n<p>A\u00a0n\u00e1sledne pri\u0161la veta, ktor\u00e1 v\u00a0slovenskom prostred\u00ed pravdepodobne vyvol\u00e1 najv\u00e4\u010d\u0161ie reakcie.<\/p>\n<p>\u201eSlov\u00e1ci si verili a chceli uk\u00e1za\u0165, \u017ee s\u00fa lep\u0161\u00ed. Pod\u013ea m\u0148a v\u0161ak nie s\u00fa tak\u00ed dobr\u00ed, ako si myslia,\u201c vyhl\u00e1sil Nedomansk\u00fd bez okolkov.<\/p>\n<p>Venoval sa aj rozhoduj\u00facemu g\u00f3lu \u010desk\u00e9ho kapit\u00e1na Roman \u010cervenka, ktor\u00fd padol po kontakte puku s\u00a0kor\u010du\u013eou. \u010cesk\u00e1 legenda si mysl\u00ed, \u017ee verdikt rozhodcov bol obh\u00e1jite\u013en\u00fd.<\/p>\n<p>\u201eZ\u00a0m\u00f4jho poh\u013eadu ne\u0161lo o\u00a0kopnutie, ale o\u00a0\u00famyseln\u00e9 usmernenie puku. Mohlo sa to pos\u00fadi\u0165 na obe strany. Za seba v\u0161ak opakujem, \u017ee ne\u0161lo o\u00a0kopnutie,\u201c povedal.<\/p>\n<p>\t\tMal v\u00ed\u0165azn\u00fd g\u00f3l \u010ceska od kor\u010dule Romana \u010cervenku plati\u0165?<\/p>\n<p>Nie, lebo puk do br\u00e1nky kopol<\/p>\n<p> 42,2%<\/p>\n<p>Nie, lebo predt\u00fdm fauloval Radivojevi\u010da<\/p>\n<p> 37,6%<\/p>\n<p>Mal &#8211; bolo to v s\u00falade s pravidlami<\/p>\n<p> 20,2%<\/p>\n","protected":false},"excerpt":{"rendered":"V \u010deskej tla\u010di po z\u00e1pase \u010ceska so Slovenskom zarezonoval najm\u00e4 koment\u00e1r legend\u00e1rneho \u010deskoslovensk\u00e9ho hokejistu V\u00e1clava Nedomansk\u00e9ho pre Sport.cz.&hellip;\n","protected":false},"author":2,"featured_media":79125,"comment_status":"","ping_status":"","sticky":false,"template":"","format":"standard","meta":{"footnotes":"","_share_on_mastodon":"0"},"categories":[32],"tags":[34,37,9953,19560,29284,29283,33,43,40,39,27027,42,41,36,38,35,29282],"class_list":["post-79124","post","type-post","status-publish","format-standard","has-post-thumbnail","category-spravy","tag-headlines","tag-hlavne-spravy","tag-legendarny","tag-ms-2026-v-hokeji","tag-nalozil","tag-nedomansky","tag-news","tag-sk","tag-slovak","tag-slovakia","tag-slovakom","tag-slovencina","tag-slovensko","tag-spravy","tag-titulky","tag-top-stories","tag-vaclav-nedomansky"],"share_on_mastodon":{"url":"https:\/\/pubeurope.com\/@sk\/116633272800272323","error":""},"_links":{"self":[{"href":"https:\/\/www.europesays.com\/sk\/wp-json\/wp\/v2\/posts\/79124","targetHints":{"allow":["GET"]}}],"collection":[{"href":"https:\/\/www.europesays.com\/sk\/wp-json\/wp\/v2\/posts"}],"about":[{"href":"https:\/\/www.europesays.com\/sk\/wp-json\/wp\/v2\/types\/post"}],"author":[{"embeddable":true,"href":"https:\/\/www.europesays.com\/sk\/wp-json\/wp\/v2\/users\/2"}],"replies":[{"embeddable":true,"href":"https:\/\/www.europesays.com\/sk\/wp-json\/wp\/v2\/comments?post=79124"}],"version-history":[{"count":0,"href":"https:\/\/www.europesays.com\/sk\/wp-json\/wp\/v2\/posts\/79124\/revisions"}],"wp:featuredmedia":[{"embeddable":true,"href":"https:\/\/www.europesays.com\/sk\/wp-json\/wp\/v2\/media\/79125"}],"wp:attachment":[{"href":"https:\/\/www.europesays.com\/sk\/wp-json\/wp\/v2\/media?parent=79124"}],"wp:term":[{"taxonomy":"category","embeddable":true,"href":"https:\/\/www.europesays.com\/sk\/wp-json\/wp\/v2\/categories?post=79124"},{"taxonomy":"post_tag","embeddable":true,"href":"https:\/\/www.europesays.com\/sk\/wp-json\/wp\/v2\/tags?post=79124"}],"curies":[{"name":"wp","href":"https:\/\/api.w.org\/{rel}","templated":true}]}}