{"id":79566,"date":"2026-05-25T13:50:18","date_gmt":"2026-05-25T13:50:18","guid":{"rendered":"https:\/\/www.europesays.com\/sk\/79566\/"},"modified":"2026-05-25T13:50:18","modified_gmt":"2026-05-25T13:50:18","slug":"zomrel-znamy-slovensky-spevak-s-uzasnym-hlasom-a-brat-nasej-velkej-hudobnej-legendy","status":"publish","type":"post","link":"https:\/\/www.europesays.com\/sk\/79566\/","title":{"rendered":"Zomrel zn\u00e1my slovensk\u00fd spev\u00e1k s \u00fa\u017easn\u00fdm hlasom a brat na\u0161ej ve\u013ekej hudobnej legendy"},"content":{"rendered":"<p>\t\t\t\t\t\t\t<img decoding=\"async\" src=\"https:\/\/www.europesays.com\/sk\/wp-content\/uploads\/2026\/05\/1779717017_818_sviecky.jpg\" alt=\"Ilustra\u010dn\u00e9 foto. Zdroj: AI, \u00faprava regiony.sk\" style=\"aspect-ratio: 1.33;object-fit: cover; display:inline; width: 100%;\" fetchpriority=\"high\"\/><\/p>\n<p>\t\t\t\t\tIlustra\u010dn\u00e9 foto. Zdroj: AI, \u00faprava regiony.sk<\/p>\n<p>\t\t<img decoding=\"async\" src=\"https:\/\/www.europesays.com\/sk\/wp-content\/uploads\/2026\/05\/1779717017_868_regiony-favicon.png\" aria-label=\"Autor\"\/><\/p>\n<p>\u0160t\u00e1tnu operu v Banskej Bystrici zasiahla smutn\u00e1 spr\u00e1va. Vo veku 71 rokov zomrel opern\u00fd spev\u00e1k Pavol Dvorsk\u00fd, b\u00fdval\u00fd s\u00f3lista opery Divadla Jozefa Gregora Tajovsk\u00e9ho v Banskej Bystrici a nesk\u00f4r \u010dlen Opery Slovensk\u00e9ho n\u00e1rodn\u00e9ho divadla v Bratislave. Bol bratom n\u00e1\u0161ho legend\u00e1rneho opern\u00e9ho spev\u00e1ka Petra Dvorsk\u00e9ho a v \u0160t\u00e1tnej opere zanechal za sebou v\u00fdrazn\u00fa stopu. <\/p>\n<p>Pavol Dvorsk\u00fd zomrel e\u0161te 6. m\u00e1ja. O jeho <a href=\"https:\/\/regiony.zoznam.sk\/tag\/umrtie\/\" target=\"_blank\" rel=\"noreferrer noopener nofollow\">\u00famrt\u00ed<\/a> v\u0161ak informovala \u0160t\u00e1tna opera v Banskej Bystrici a\u017e t\u00fato nede\u013eu ve\u010der. \u201eSo sm\u00fatkom sme sa pred nieko\u013ek\u00fdmi d\u0148ami dozvedeli spr\u00e1vu o \u00famrt\u00ed b\u00fdval\u00e9ho s\u00f3listu \u0160t\u00e1tnej opery, ktor\u00fd po\u010das svojho umeleck\u00e9ho p\u00f4sobenia patril k osobnostiam n\u00e1\u0161ho divadla a zanechal svoju stopu v jeho hist\u00f3rii,\u201c podotkla opera.<\/p>\n<p><img fetchpriority=\"high\" decoding=\"async\" width=\"688\" height=\"526\" src=\"https:\/\/www.europesays.com\/sk\/wp-content\/uploads\/2026\/05\/image-17.jpeg\" alt=\"\u00famrtie Pavol Dvorsk\u00fd \u0160t\u00e1tna opera s\u00f3lista spev\u00e1k \" class=\"wp-image-844968\"  \/>Zdroj: arch\u00edv \u0160t\u00e1tnej opery <\/p>\n<p>\u00da\u010dinkoval v oper\u00e1ch aj v operet\u00e1ch <\/p>\n<p>Pavol Dvorsk\u00fd sa narodil de\u0148 pred Vianocami v roku 1954 v Hornej Vsi v okrese Partiz\u00e1nske. Absolvoval Konzervat\u00f3rium v Bratislave u profesorky Idy \u010cerneckej. Do opern\u00e9ho s\u00faboru vtedaj\u0161ieho Divadla Jozefa Gregora Tajovsk\u00e9ho nast\u00fapil v sez\u00f3ne 1983\/84 spolu s man\u017eelkou, sopranistkou Alenou Gallovou. Umeleck\u00e9 vedenie ho vn\u00edmalo ako bud\u00facu oporu baryt\u00f3nov\u00e9ho odboru po odchode Jaroslava Koseca.<\/p>\n<p>Mohlo by v\u00e1s zauj\u00edma\u0165:<\/p>\n<p>Reklama<\/p>\n<p> div {<br \/>\ntext-align: left;<br \/>\nfont-size: 12px;<br \/>\ncolor: #6f6f6f;<br \/>\n}<\/p>\n<p>#onnetwork-banner > div:first-child {<br \/>\ntext-align: left;<br \/>\nfont-weight: 700;<br \/>\npadding-bottom: 5px;<br \/>\nfont-size: 14px;<br \/>\ncolor: #000000;<br \/>\n}<\/p>\n<p>]]><\/p>\n<p>Pod\u013ea b\u00fdvalej dramaturgi\u010dky opery M\u00e1rie Glockovej zaujal u\u017e na konkurze m\u00e4kk\u00fdm lyrick\u00fdm baryt\u00f3nom a verdiovsk\u00fdm reperto\u00e1rom. V Banskej Bystrici debutoval ako Valent\u00edn v Gounodovej opere Faust a Margar\u00e9ta. Medzi jeho v\u00fdrazn\u00e9 postavy patril aj Silvio v Leoncavallov\u00fdch Komediantoch \u010di Michonnet v opere Adriana Lecouvreur od Francesca Cileu.<\/p>\n<p>Pr\u00e1ve postava Michonneta sa pod\u013ea Glockovej zaradila medzi jeho najv\u00fdraznej\u0161ie \u00falohy. V inscen\u00e1cii z roku 1985 spolupracoval s dirigentom Miroslavom \u0160m\u00eddom, re\u017eis\u00e9rom V\u00e1clavom V\u011b\u017en\u00edkom aj choreografom Jozefom Zajkom. Okrem opern\u00fdch \u00faloh \u00fa\u010dinkoval aj v operet\u00e1ch ako Gr\u00f3fka Marica, Gasparone \u010di Par\u00ed\u017esky parfum. <\/p>\n<p>\t\t<a href=\"https:\/\/regiony.zoznam.sk\/zomrel-nas-legendarny-sportovec-a-clen-siene-slavy-vyhral-desiatky-turnajov\/\" rel=\"nofollow noopener\" target=\"_blank\"><br \/>\n\t\t\t<img decoding=\"async\" src=\"https:\/\/www.europesays.com\/sk\/wp-content\/uploads\/2026\/05\/1779717018_233_sviecka.jpg\" alt=\"Zomrel n\u00e1\u0161 legend\u00e1rny \u0161portovec a \u010dlen Siene sl\u00e1vy. Vyhral desiatky turnajov\" loading=\"lazy\"\/><br \/>\n\t\t<\/a><\/p>\n<p style=\"color:#000;\">Pre\u010d\u00edtajte si tie\u017e<\/p>\n<p>\t\t\t<a href=\"https:\/\/regiony.zoznam.sk\/zomrel-nas-legendarny-sportovec-a-clen-siene-slavy-vyhral-desiatky-turnajov\/\" rel=\"nofollow noopener\" target=\"_blank\">Zomrel n\u00e1\u0161 legend\u00e1rny \u0161portovec a \u010dlen Siene sl\u00e1vy. Vyhral desiatky turnajov<\/a><\/p>\n<p>Bol bratom Petra Dvorsk\u00e9ho <\/p>\n<p>Od roku 1986 p\u00f4sobil Pavol Dvorsk\u00fd v opernom zbore Slovensk\u00e9ho n\u00e1rodn\u00e9ho divadla v Bratislave, kde vystupoval aj v men\u0161\u00edch opern\u00fdch postav\u00e1ch. Ako \u010dlen zn\u00e1mej spev\u00e1ckej rodiny Dvorsk\u00fdch sa objavoval aj na koncertoch a gala ve\u010deroch po boku svojich bratov Petra, Miroslava a Jaroslava. <\/p>\n<p class=\"tags\">Viac o t\u00e9me:<br \/>\n\t\t\t\t\t\t\t\t\t\t\t\t\t\t\t\t\t\t\t<a href=\"https:\/\/regiony.zoznam.sk\/tag\/peter-dvorsky\/\" rel=\"nofollow noopener\" target=\"_blank\">Peter Dvorsk\u00fd<\/a>, \t\t\t\t\t\t\t\t\t\t\t\t\t\t\t\t\t\t\t<a href=\"https:\/\/regiony.zoznam.sk\/tag\/spevak\/\" rel=\"nofollow noopener\" target=\"_blank\">spev\u00e1k<\/a>, \t\t\t\t\t\t\t\t\t\t\t\t\t\t\t\t\t\t\t<a href=\"https:\/\/regiony.zoznam.sk\/tag\/statna-opera-v-banskej-bystrici\/\" rel=\"nofollow noopener\" target=\"_blank\">\u0160t\u00e1tna opera v Banskej Bystrici<\/a>, \t\t\t\t\t\t\t\t\t\t\t\t\t\t\t\t\t\t\t<a href=\"https:\/\/regiony.zoznam.sk\/tag\/umrtie\/\" rel=\"nofollow noopener\" target=\"_blank\">\u00famrtie<\/a>\t\t\t\t\t\t\t\t\t\t\t\t\t\t\t\t\t<\/p>\n<p>\t\tKoment\u00e1re k \u010dl\u00e1nku<\/p>\n<p>Moment\u00e1lne nie je pridan\u00fd \u017eiadny koment\u00e1r<\/p>\n<p><\/p>\n","protected":false},"excerpt":{"rendered":"Ilustra\u010dn\u00e9 foto. Zdroj: AI, \u00faprava regiony.sk \u0160t\u00e1tnu operu v Banskej Bystrici zasiahla smutn\u00e1 spr\u00e1va. Vo veku 71 rokov&hellip;\n","protected":false},"author":2,"featured_media":79567,"comment_status":"","ping_status":"","sticky":false,"template":"","format":"standard","meta":{"footnotes":"","_share_on_mastodon":"0"},"categories":[20],"tags":[127,126,70,128,29386,43,129,40,39,42,41,2292,9425,565,71],"class_list":["post-79566","post","type-post","status-publish","format-standard","has-post-thumbnail","category-slavne-osobnosti","tag-celebrities","tag-celebrity","tag-entertainment","tag-famous-people","tag-peter-dvorsky","tag-sk","tag-slavne-osobnosti","tag-slovak","tag-slovakia","tag-slovencina","tag-slovensko","tag-spevak","tag-statna-opera-v-banskej-bystrici","tag-umrtie","tag-zabava"],"share_on_mastodon":{"url":"https:\/\/pubeurope.com\/@sk\/116635541451815524","error":""},"_links":{"self":[{"href":"https:\/\/www.europesays.com\/sk\/wp-json\/wp\/v2\/posts\/79566","targetHints":{"allow":["GET"]}}],"collection":[{"href":"https:\/\/www.europesays.com\/sk\/wp-json\/wp\/v2\/posts"}],"about":[{"href":"https:\/\/www.europesays.com\/sk\/wp-json\/wp\/v2\/types\/post"}],"author":[{"embeddable":true,"href":"https:\/\/www.europesays.com\/sk\/wp-json\/wp\/v2\/users\/2"}],"replies":[{"embeddable":true,"href":"https:\/\/www.europesays.com\/sk\/wp-json\/wp\/v2\/comments?post=79566"}],"version-history":[{"count":0,"href":"https:\/\/www.europesays.com\/sk\/wp-json\/wp\/v2\/posts\/79566\/revisions"}],"wp:featuredmedia":[{"embeddable":true,"href":"https:\/\/www.europesays.com\/sk\/wp-json\/wp\/v2\/media\/79567"}],"wp:attachment":[{"href":"https:\/\/www.europesays.com\/sk\/wp-json\/wp\/v2\/media?parent=79566"}],"wp:term":[{"taxonomy":"category","embeddable":true,"href":"https:\/\/www.europesays.com\/sk\/wp-json\/wp\/v2\/categories?post=79566"},{"taxonomy":"post_tag","embeddable":true,"href":"https:\/\/www.europesays.com\/sk\/wp-json\/wp\/v2\/tags?post=79566"}],"curies":[{"name":"wp","href":"https:\/\/api.w.org\/{rel}","templated":true}]}}