{"id":79854,"date":"2026-05-25T19:18:10","date_gmt":"2026-05-25T19:18:10","guid":{"rendered":"https:\/\/www.europesays.com\/sk\/79854\/"},"modified":"2026-05-25T19:18:10","modified_gmt":"2026-05-25T19:18:10","slug":"viac-ako-70-milionov-od-arsenalu-majstri-premier-league-chcu-mladu-hviezdicku","status":"publish","type":"post","link":"https:\/\/www.europesays.com\/sk\/79854\/","title":{"rendered":"Viac ako 70 mili\u00f3nov od Arsenalu: Majstri Premier League chc\u00fa mlad\u00fa hviezdi\u010dku"},"content":{"rendered":"<p>\u00a0<\/p>\n<p>Bude toto prv\u00e1 letn\u00e1 posila nov\u00e9ho anglick\u00e9ho majstra?\u00a0<\/p>\n<p>Lond\u00fdnsky Arsenal zasl\u00fa\u017eene vyhral Premier League. Bolo to aj v\u010faka kvalitn\u00e9mu a \u0161irok\u00e9mu k\u00e1dru, pri\u010dom The Gunners by chceli by\u0165 v nasleduj\u00facej sez\u00f3ne e\u0161te silnej\u0161\u00ed. Vedenie klubu chce alternat\u00edvu k Martinovi Zubimendimu, aby mohol po\u010das niektor\u00fdch duelov ro\u010dn\u00edka oddychova\u0165.<\/p>\n<p>odpor\u00fa\u010dame tie\u017e:<\/p>\n<p><a href=\"https:\/\/sport7.dnes24.sk\/207838\/liverpool-hlada-posilu-do-obrany-lovit-by-mohol-v-chelsea\" hreflang=\"sk\" rel=\"nofollow noopener\" target=\"_blank\"><img loading=\"lazy\" decoding=\"async\" src=\"https:\/\/www.europesays.com\/sk\/wp-content\/uploads\/2026\/05\/liverpool-crest.png.jpg\" width=\"270\" height=\"138\" alt=\"Liverpool FC\" typeof=\"foaf:Image\" class=\"img-responsive\"\/><\/a><\/p>\n<p>V hre je vraj pr\u00edchod talentovan\u00e9ho Alexa Scotta z Bournemouthu, ktor\u00fd by Arsenal mohol st\u00e1\u0165 pribli\u017ene 70 mili\u00f3nov eur. The Cherries nebud\u00fa 22-ro\u010dn\u00e9ho Angli\u010dana blokova\u0165, chc\u00fa v\u0161ak na jeho odchode zarobi\u0165 \u010do najviac.\u00a0<img decoding=\"async\" alt=\"\ud83d\udcb0\" src=\"https:\/\/abs.twimg.com\/emoji\/v2\/svg\/1f4b0.svg\"\/><\/p>\n","protected":false},"excerpt":{"rendered":"\u00a0 Bude toto prv\u00e1 letn\u00e1 posila nov\u00e9ho anglick\u00e9ho majstra?\u00a0 Lond\u00fdnsky Arsenal zasl\u00fa\u017eene vyhral Premier League. Bolo to aj&hellip;\n","protected":false},"author":2,"featured_media":79855,"comment_status":"","ping_status":"","sticky":false,"template":"","format":"standard","meta":{"footnotes":"","_share_on_mastodon":"0"},"categories":[13],"tags":[4216,29446,17040,43,40,39,42,41,69,68],"class_list":["post-79854","post","type-post","status-publish","format-standard","has-post-thumbnail","category-sport","tag-afc-bournemouth","tag-alex-scott","tag-arsenal","tag-sk","tag-slovak","tag-slovakia","tag-slovencina","tag-slovensko","tag-sport","tag-sports"],"share_on_mastodon":{"url":"https:\/\/pubeurope.com\/@sk\/116636831300592636","error":""},"_links":{"self":[{"href":"https:\/\/www.europesays.com\/sk\/wp-json\/wp\/v2\/posts\/79854","targetHints":{"allow":["GET"]}}],"collection":[{"href":"https:\/\/www.europesays.com\/sk\/wp-json\/wp\/v2\/posts"}],"about":[{"href":"https:\/\/www.europesays.com\/sk\/wp-json\/wp\/v2\/types\/post"}],"author":[{"embeddable":true,"href":"https:\/\/www.europesays.com\/sk\/wp-json\/wp\/v2\/users\/2"}],"replies":[{"embeddable":true,"href":"https:\/\/www.europesays.com\/sk\/wp-json\/wp\/v2\/comments?post=79854"}],"version-history":[{"count":0,"href":"https:\/\/www.europesays.com\/sk\/wp-json\/wp\/v2\/posts\/79854\/revisions"}],"wp:featuredmedia":[{"embeddable":true,"href":"https:\/\/www.europesays.com\/sk\/wp-json\/wp\/v2\/media\/79855"}],"wp:attachment":[{"href":"https:\/\/www.europesays.com\/sk\/wp-json\/wp\/v2\/media?parent=79854"}],"wp:term":[{"taxonomy":"category","embeddable":true,"href":"https:\/\/www.europesays.com\/sk\/wp-json\/wp\/v2\/categories?post=79854"},{"taxonomy":"post_tag","embeddable":true,"href":"https:\/\/www.europesays.com\/sk\/wp-json\/wp\/v2\/tags?post=79854"}],"curies":[{"name":"wp","href":"https:\/\/api.w.org\/{rel}","templated":true}]}}