{"id":79908,"date":"2026-05-25T20:08:15","date_gmt":"2026-05-25T20:08:15","guid":{"rendered":"https:\/\/www.europesays.com\/sk\/79908\/"},"modified":"2026-05-25T20:08:15","modified_gmt":"2026-05-25T20:08:15","slug":"toto-telo-v-plavkach-jej-pomohlo-vyhrat-cesko-ma-novu-kralovnu-krasy-stala-sa-nou-sexi-atletka-miss-a-modelky-koktail","status":"publish","type":"post","link":"https:\/\/www.europesays.com\/sk\/79908\/","title":{"rendered":"Toto telo v plavk\u00e1ch jej pomohlo vyhra\u0165: \u010cesko m\u00e1 nov\u00fa kr\u00e1\u013eovn\u00fa kr\u00e1sy, stala sa \u0148ou sexi atl\u00e9tka &#8211; Miss a modelky &#8211; Koktail"},"content":{"rendered":"<p itemprop=\"description\">Sobotn\u00fd fin\u00e1lov\u00fd ve\u010der priniesol jasn\u00fd verdikt. Novou najkraj\u0161ou \u017eenou \u010ceska sa stala 22-ro\u010dn\u00e1 brunetka Lucie Piskov\u00e1. Domov si odn\u00e1\u0161a nielen hlavn\u00fa korunku a letenku na prest\u00ed\u017enu svetov\u00fa s\u00fa\u0165a\u017e Miss World, ale aj status diev\u010da\u0165a s najdokonalej\u0161ou postavou ro\u010dn\u00edka.<\/p>\n<p>\t\t\t\t<img decoding=\"async\" class=\"article-detail-image\" src=\"https:\/\/www.europesays.com\/sk\/wp-content\/uploads\/2026\/05\/lucie-piskova-s-priatelom-clanokW.jpg\"   alt=\"Lucie Piskov\u00e1 s priate\u013eom.\"\/><br \/>\n\t\t\t\t\t\t\t\t\tFoto: Profimedia, JHPhoto \/ \u010cesk\u00e1 editori\u00e1ln\u00ed fotografie \/ Profimedia<\/p>\n<p>                        23-05-2026 Praha, Forum Karl\u00edn Miss Czech Republic Fin\u00e1le, Lucie Piskov\u00e1 s priate\u013eom.<\/p>\n<p>Lucie od za\u010diatku patrila k\u00a0najv\u00e4\u010d\u0161\u00edm n\u00e1dejam s\u00fa\u0165a\u017ee a fin\u00e1lov\u00e9 nap\u00e4tie zvl\u00e1dla na jednotku. \u017de m\u00e1 nakro\u010den\u00e9 k\u00a0absol\u00fatnemu triumfu, nazna\u010dil u\u017e predch\u00e1dzaj\u00faci \u00faspech v\u00a0sprievodnej discipl\u00edne Bikini Challenge.<\/p>\n<p>Pr\u00e1ve tam porotu zaujala svojou bezchybnou fig\u00farou. Znovu sa tak potvrdilo nep\u00edsan\u00e9 pravidlo tejto s\u00fa\u0165a\u017ee kr\u00e1sy, \u017ee diev\u010da, ktor\u00e9 z\u00edska titul za najkraj\u0161ie telo v\u00a0plavk\u00e1ch, si nakoniec ve\u013emi \u010dasto odn\u00e1\u0161a aj celkov\u00e9 v\u00ed\u0165azstvo.<\/p>\n<p>\t\t<a href=\"https:\/\/koktail.pravda.sk\/fotogaleria\/88539-nova-miss-ceska-je-lucie-piskova\/#1\" rel=\"nofollow noopener\" target=\"_blank\"><img decoding=\"async\" class=\"lazy\" alt=\"23-05-2026 Praha, Forum Karl\u00edn Miss Czech...\" src=\"https:\/\/www.europesays.com\/sk\/wp-content\/uploads\/2026\/05\/miss-czech-republic-finale-strednaW.jpg\"\/><\/a><\/p>\n<p>\t\t<a href=\"https:\/\/koktail.pravda.sk\/fotogaleria\/88539-nova-miss-ceska-je-lucie-piskova\/#2\" rel=\"nofollow noopener\" target=\"_blank\"><img decoding=\"async\" class=\"lazy\" alt=\"23-05-2026 Praha, Forum Karl\u00edn Miss Czech...\" src=\"https:\/\/www.europesays.com\/sk\/wp-content\/uploads\/2026\/05\/miss-czech-republic-finale-lucie-piskova-malaW.jpg\"\/><\/a><\/p>\n<p>Dokonal\u00e9 telo v\u010faka atletike, plastika pre zranenie<\/p>\n<p>Vzh\u013ead novej Miss v\u0161ak nie je zadarmo. \u0160tudentka Metropolitnej univerzity v\u00a0Prahe sa dlh\u00e9 roky venovala vrcholov\u00e9mu \u0161portu. \u00daspechy zbierala v\u00a0\u0161printe, skoku do dia\u013eky a vysk\u00fa\u0161ala si aj skok o\u00a0ty\u010di. Pr\u00e1ve n\u00e1ro\u010dn\u00e1 atletick\u00e1 kari\u00e9ra stoj\u00ed za jej jedinou plastickou oper\u00e1ciou.<\/p>\n<p>\t<a class=\"promo-clanok\" href=\"https:\/\/zena.pravda.sk\/krasa-a-moda\/clanok\/809673-boj-o-korunku-krasy-je-plny-rivality-domi-alagia-odhalila-aka-atmosfera-vladne-medzi-finalistkami-miss\/\" rel=\"nofollow noopener\" target=\"_blank\"> \t\t\t\t\t<img decoding=\"async\" src=\"https:\/\/www.europesays.com\/sk\/wp-content\/uploads\/2026\/05\/domi-alagia-stvorec.jpg\" class=\"promo-clanok-image\" alt=\"Domi Alagia\"\/> \t\t\t \t\t\t\t \t\t\t\t\t\t\t\t\t\t\t\u010c\u00edtajte viac \t\t\t\t\t\t\t\t\t \t\t\t\t \t\t\t\t\tBoj o korunku kr\u00e1sy je pln\u00fd rivality. Domi Alagia odhalila, ak\u00e1 atmosf\u00e9ra vl\u00e1dne medzi finalistkami Miss \t\t\t\t \t\t\t \t\t\t<\/a><\/p>\n<p>Lucie prezradila, \u017ee bola na korekcii nosa a odstr\u00e1nen\u00ed zjazven\u00e9ho tkaniva. V\u00a0atletike mala toti\u017e nieko\u013eko zranen\u00ed a potrebovala pom\u00f4c\u0165 s\u00a0d\u00fdchan\u00edm. Z\u00e1rove\u0148 dodala, \u017ee je rada, \u017ee z\u00e1krok zafungoval aj po estetickej str\u00e1nke, informuje <a target=\"_blank\" href=\"https:\/\/www.super.cz\/clanek\/celebrity-miss-czech-republic-2026-finale-vitezka-1524863\" rel=\"nofollow noopener\">Super.cz.<\/a> Fan\u00fa\u0161ikovia \u010di pr\u00edpadn\u00ed n\u00e1padn\u00edci v\u0161ak maj\u00fa smolu, preto\u017ee \u010derstv\u00e1 v\u00ed\u0165azka je u\u017e \u0161tyri roky \u0161\u0165astne zadan\u00e1.<\/p>\n<p>Ktor\u00e9 \u010fal\u0161ie kr\u00e1sky sl\u00e1via \u00faspech?<\/p>\n<p>Po\u010das sl\u00e1vnostn\u00e9ho ve\u010dera sa nerozd\u00e1vala iba hlavn\u00e1 korunka. Porota zvolila aj \u010fal\u0161ie diev\u010dat\u00e1, ktor\u00e9 bud\u00fa \u010cesk\u00fa republiku reprezentova\u0165 na medzin\u00e1rodn\u00fdch s\u00fa\u0165a\u017eiach. Ve\u013ek\u00fd sen sa splnil 21-ro\u010dnej <a href=\"https:\/\/zena.pravda.sk\/krasa-a-moda\/clanok\/809673-boj-o-korunku-krasy-je-plny-rivality-domi-alagia-odhalila-aka-atmosfera-vladne-medzi-finalistkami-miss\/\" rel=\"nofollow noopener\" target=\"_blank\">Dominique Alagia<\/a>, ktor\u00e1 z\u00edskala titul Miss Grand Czech Republic. Jej ve\u013ek\u00e1 konkurentka, 25-ro\u010dn\u00e1 Hana D\u011bdkov\u00e1, sa stala Miss Earth Czech Republic. Titul Miss Supranational Czech Republic si odniesla Barbara Plintov\u00e1 a na Miss International Czech Republic pocestuje Laura Anna Glozarov\u00e1.<\/p>\n<p>\t\t\t\t\t \t\t\t\tSexy G\u00e1bor\u00edkov\u00e1 aj provokat\u00edvna V\u00e1gnerov\u00e1 ako modelky na prehliadke zna\u010dky WEINGART &#8211; na \t\t\t<\/p>\n<p>\t \t\t\t Video \t<\/p>\n<p>\t\t\t\tNielen modelky, ale aj tane\u010dnica Ivana G\u00e1bor\u00edk a \u010di b\u00fdval\u00e1 Miss Slovensko Veronika V\u00e1gnerov\u00e1 sa objavila na prehliadke m\u00f3dnej zna\u010dky Weingart od dizajn\u00e9rky Petry Weingart. \t\t\t\t\/\t\t\t\t\t\t\t\t\tZdroj: Ivan Majersk\u00fd, tv \t\t\t\t\t\t<\/p>\n","protected":false},"excerpt":{"rendered":"Sobotn\u00fd fin\u00e1lov\u00fd ve\u010der priniesol jasn\u00fd verdikt. Novou najkraj\u0161ou \u017eenou \u010ceska sa stala 22-ro\u010dn\u00e1 brunetka Lucie Piskov\u00e1. Domov si&hellip;\n","protected":false},"author":2,"featured_media":79909,"comment_status":"","ping_status":"","sticky":false,"template":"","format":"standard","meta":{"footnotes":"","_share_on_mastodon":"0"},"categories":[20],"tags":[127,126,70,128,29072,29071,23750,19547,43,129,40,39,42,41,975,357,71],"class_list":["post-79908","post","type-post","status-publish","format-standard","has-post-thumbnail","category-slavne-osobnosti","tag-celebrities","tag-celebrity","tag-entertainment","tag-famous-people","tag-lucie-piskova","tag-miss-czech-republic-2026","tag-miss-world","tag-plasticke-upravy","tag-sk","tag-slavne-osobnosti","tag-slovak","tag-slovakia","tag-slovencina","tag-slovensko","tag-telo","tag-toto","tag-zabava"],"share_on_mastodon":{"url":"https:\/\/pubeurope.com\/@sk\/116637027987658674","error":""},"_links":{"self":[{"href":"https:\/\/www.europesays.com\/sk\/wp-json\/wp\/v2\/posts\/79908","targetHints":{"allow":["GET"]}}],"collection":[{"href":"https:\/\/www.europesays.com\/sk\/wp-json\/wp\/v2\/posts"}],"about":[{"href":"https:\/\/www.europesays.com\/sk\/wp-json\/wp\/v2\/types\/post"}],"author":[{"embeddable":true,"href":"https:\/\/www.europesays.com\/sk\/wp-json\/wp\/v2\/users\/2"}],"replies":[{"embeddable":true,"href":"https:\/\/www.europesays.com\/sk\/wp-json\/wp\/v2\/comments?post=79908"}],"version-history":[{"count":0,"href":"https:\/\/www.europesays.com\/sk\/wp-json\/wp\/v2\/posts\/79908\/revisions"}],"wp:featuredmedia":[{"embeddable":true,"href":"https:\/\/www.europesays.com\/sk\/wp-json\/wp\/v2\/media\/79909"}],"wp:attachment":[{"href":"https:\/\/www.europesays.com\/sk\/wp-json\/wp\/v2\/media?parent=79908"}],"wp:term":[{"taxonomy":"category","embeddable":true,"href":"https:\/\/www.europesays.com\/sk\/wp-json\/wp\/v2\/categories?post=79908"},{"taxonomy":"post_tag","embeddable":true,"href":"https:\/\/www.europesays.com\/sk\/wp-json\/wp\/v2\/tags?post=79908"}],"curies":[{"name":"wp","href":"https:\/\/api.w.org\/{rel}","templated":true}]}}