{"id":80604,"date":"2026-05-26T14:06:17","date_gmt":"2026-05-26T14:06:17","guid":{"rendered":"https:\/\/www.europesays.com\/sk\/80604\/"},"modified":"2026-05-26T14:06:17","modified_gmt":"2026-05-26T14:06:17","slug":"nasa-politicka-stretla-svetovu-hviezdu-tento-ulovok-jej-budu-mnohi-zavidiet","status":"publish","type":"post","link":"https:\/\/www.europesays.com\/sk\/80604\/","title":{"rendered":"Na\u0161a politi\u010dka stretla svetov\u00fa hviezdu: Tento \u00falovok jej bud\u00fa mnoh\u00ed z\u00e1vidie\u0165!"},"content":{"rendered":"<p>Jana \u017dit\u0148ansk\u00e1 stretla v kaviarni zn\u00e1meho herca\t\t\t\t\t\t(Zdroj: Instagram\/jana.zitnanska)\t\t\t\t\t<\/p>\n<p>PAR\u00cd\u017d &#8211; Mnoh\u00ed by si to s \u0148ou hne\u010f vymenili! Politi\u010dka Jana \u017dit\u0148ansk\u00e1 (52) sa na soci\u00e1lnych sie\u0165ach pochv\u00e1lila momentkou, ktor\u00e1 medzi jej priate\u013emi a priaznivcami vyvolala zna\u010dn\u00fd rozruch. A to preto, \u017ee na nej p\u00f3zuje s ve\u013ekou svetovou hviezdou. Pozrite sa, koho ulovila! <\/p>\n<p>\u201ePam\u00e4t\u00e1te si film Nedotknute\u013en\u00ed? Je to jeden z mojich najob\u013e\u00fabenej\u0161\u00edch a ke\u010f m\u00e1m \u0165a\u017ek\u00fd de\u0148, patr\u00ed medzi tie, po ktor\u00fdch siahnem a v\u017edy mi zlep\u0161\u00ed n\u00e1ladu,\u201d\u00a0nap\u00edsala k fotke so svetov\u00fdm hercom \u017dit\u0148ansk\u00e1. T\u00e1 v kaviarni v Par\u00ed\u017ei stretla herca menom Omar Sy.\u00a0\u201eJe tak\u00fd mil\u00fd a vtipn\u00fd aj na\u017eivo,\u201d\u00a0dodala.<\/p>\n<p>\u201eTy m\u00e1\u0161 ale \u0161\u0165astie!\u201d\u00a0reagovala Dorota Nvotov\u00e1. Niektor\u00ed v koment\u00e1roch otvorene priznali, \u017ee \u017dit\u0148anskej toto stretnutie z\u00e1vidia.\u00a0\u201e\u017divot niekedy p\u00ed\u0161e ve\u013emi pekn\u00e9 pr\u00edbehy. Je to \u00fa\u017easn\u00e9 a z\u00e1rove\u0148 ve\u013emi symbolick\u00e9. On vo filme Nedotknute\u013en\u00ed opatruje p\u00e1na s telesn\u00fdm postihnut\u00edm a vy vlastne tie\u017e venujete svoju energiu a silu napr\u00edklad na pomoc \u013eu\u010fom so Z\u0164P,\u201d\u00a0zhodnotila jedna z followerov.<\/p>\n<p>Omar Sy je franc\u00fazsky herec, komik a producent, ktor\u00fd sa stal medzin\u00e1rodne zn\u00e1mym najm\u00e4 v\u010faka filmu Nedotknute\u013en\u00ed z roku 2011 alebo v\u010faka filmu Aj dvaja s\u00fa rodina. Narodil sa 20. janu\u00e1ra 1978 vo franc\u00fazskom meste Trappes a svoju kari\u00e9ru za\u010d\u00ednal v telev\u00edznej z\u00e1bave a komedi\u00e1lnych ske\u010doch. Zna\u010dn\u00fa popularitu mu priniesla aj hlavn\u00e1 \u00faloha Assana Diopa v seri\u00e1li Lupin, ktor\u00fd sa stal jedn\u00fdm z naj\u00faspe\u0161nej\u0161\u00edch franc\u00fazskych projektov na Netflixe.<\/p>\n<p>\t<a href=\"https:\/\/novinky.zoznam.sk\/gl\/9574179\/6499103\/Nasa-politicka-stretla-svetovu-hviezdu--Tento-ulovok-jej-budu-mnohi-zavidiet-\" rel=\"nofollow noopener\" target=\"_blank\"><br \/>\n\t\t<img decoding=\"async\" alt=\"Na\u0161a politi\u010dka stretla svetov\u00fa\" aria-describedby=\"img-res-6499103\" class=\"\" id=\"6499103\" loading=\"lazy\" onerror=\"imgArticleLoadErr(this)\" src=\"https:\/\/www.europesays.com\/sk\/wp-content\/uploads\/2026\/05\/Nedotknutelni.jpg\" style=\"aspect-ratio:1.406\" title=\"Na\u0161a politi\u010dka stretla svetov\u00fa\"\/>\t\t\t<\/p>\n<p>\n\t\t\t\tZobrazi\u0165 gal\u00e9riu (3)\t\t\t<\/p>\n<p>\t<\/a><\/p>\n<p>\t\u00a0(Zdroj: Gaumont)<\/p>\n<p>\t<a href=\"https:\/\/novinky.zoznam.sk\/gl\/9574179\/2168620\/Nasa-politicka-stretla-svetovu-hviezdu--Tento-ulovok-jej-budu-mnohi-zavidiet-\" rel=\"nofollow noopener\" target=\"_blank\"><br \/>\n\t\t<img decoding=\"async\" alt=\"Z\u00e1ber zo seri\u00e1lu Lupin\" aria-describedby=\"img-res-2168620\" class=\"\" id=\"2168620\" loading=\"lazy\" onerror=\"imgArticleLoadErr(this)\" src=\"https:\/\/www.europesays.com\/sk\/wp-content\/uploads\/2026\/05\/Netflix-Omar-Sy-Lupin.jpg\" style=\"aspect-ratio:1.500\" title=\"Z\u00e1ber zo seri\u00e1lu Lupin\"\/>\t\t\t<\/p>\n<p>\n\t\t\t\tZobrazi\u0165 gal\u00e9riu (3)\t\t\t<\/p>\n<p>\t<\/a><\/p>\n<p>Z\u00e1ber zo seri\u00e1lu Lupin\t\u00a0(Zdroj: Netflix)<\/p>\n<p>\t\tHlasovanie ukon\u010den\u00e9<\/p>\n<p>\t\t\t\t{{ poll.title }}<\/p>\n<p>\t\t\t\t\t<img :alt=\"pollImageDescription()\" :src=\"https:\/\/novinky.zoznam.sk\/cl\/176\/9405999\/poll.img_url\" class=\"box-quiz-new-image-questionnaire\"\/><\/p>\n<p>{{ poll.image_description }} (Zdroj: {{ poll.image_resource }})<\/p>\n<p>\t\t\t\t\t\t\t\t\t\t\t<img :alt=\"questionImageDescription(question)\" :src=\"https:\/\/novinky.zoznam.sk\/cl\/176\/9405999\/question.img_url\" class=\"box-quiz-new-image-top\"\/><\/p>\n<p>Zdroj: {{ question.image_resource }}<\/p>\n<p>\n\t\t\t\t\t\t\t\t\t\t\t{{ question.text }}\n\t\t\t\t\t\t\t\t\t\t<\/p>\n<p>{{ question.text }}<\/p>\n<p>\t\t\t\t\t\t\t\t\t\t\t\t\t\t<img :alt=\"questionImageDescription(question)\" :src=\"https:\/\/novinky.zoznam.sk\/cl\/176\/9405999\/question.img_url\" class=\"box-quiz-new-image-top\"\/><\/p>\n<p>Zdroj: {{ question.image_resource }}<\/p>\n<p>{{ poll.title }}<\/p>\n<p>{{ question.text }}<\/p>\n<p>\t\t\t\t\t\t\t\t\t\t\t\t\t\t<img :alt=\"questionImageDescription(question)\" :src=\"https:\/\/novinky.zoznam.sk\/cl\/176\/9405999\/question.img_url\" class=\"box-quiz-new-image-top\"\/><\/p>\n<p>Zdroj: {{ question.image_resource }}<\/p>\n<p>{{ poll.rating_worst}}<\/p>\n<p>{{ poll.rating_best}}<\/p>\n<p>{{ poll.rating_best}}<\/p>\n<p>{{ poll.rating_worst}}<\/p>\n<p>\t\t\t\t\t\t\t\t\t\t\t\t\t{{ answer.text }}<\/p>\n<p>\t\t\t\t\t\t\t\t\t\t\t\t\t{{ answer.text }}<\/p>\n<p>\t\t\t\t\t{{ poll.title }}<\/p>\n<p v-if=\"poll.contact_form\">{{ poll.thanks }}<\/p>\n<p>{{ question.text }}<\/p>\n<p>\t\t\t\t\t\t\t\t\t<img :alt=\"questionImageDescription(question)\" :src=\"https:\/\/novinky.zoznam.sk\/cl\/176\/9405999\/question.img_url\" class=\"box-quiz-new-image-top\"\/><\/p>\n<p>Zdroj: {{ question.image_resource }}<\/p>\n<p>Priemern\u00e9 hodnotenie: {{ question.rating }}<\/p>\n<p> Va\u0161e hodnotenie: {{ question.user_rating }}<\/p>\n<p>{{ question.text }}<\/p>\n<p>\t\t\t\t\t\t\t\t\t<img :alt=\"questionImageDescription(question)\" :src=\"https:\/\/novinky.zoznam.sk\/cl\/176\/9405999\/question.img_url\" class=\"box-quiz-new-image-top\"\/><\/p>\n<p>Zdroj: {{ question.image_resource }}<\/p>\n<p>{{ poll.rating_worst}}<\/p>\n<p>{{ poll.rating_best}}<\/p>\n<p>{{ poll.rating_best}}<\/p>\n<p>{{ poll.rating_worst}}<\/p>\n<p>Priemern\u00e9 hodnotenie: {{ question.rating }}<\/p>\n<p> Va\u0161e hodnotenie: {{ question.user_rating }}<\/p>\n<p>Hlasovalo: {{questions[0].votes}}<\/p>\n<p>\t\t\t\t\t\t{{ poll.title }}<\/p>\n<p>\t\t\t\t\t\t\t<img :alt=\"pollImageDescription()\" :src=\"https:\/\/novinky.zoznam.sk\/cl\/176\/9405999\/poll.img_url\" class=\"box-quiz-new-image-questionnaire\"\/><\/p>\n<p>{{ poll.image_description }} (Zdroj: {{ poll.image_resource }})<\/p>\n<p>{{ qIndex+1 }}\/{{ questions.length }}<\/p>\n<p>\t\t\t\t\t\t\t\t\t<img :alt=\"questionImageDescription(question)\" :src=\"https:\/\/novinky.zoznam.sk\/cl\/176\/9405999\/question.img_url\" class=\"box-quiz-new-image-top\"\/><br \/>\n\t\t\t\t\t\t\t\t\t<a class=\"box-quiz-new-magnifier\" href=\"#\" title=\"Zv\u00e4\u010d\u0161i\u0165 obr\u00e1zok\">\u00a0<\/a><\/p>\n<p>Zdroj: {{ question.image_resource }}<\/p>\n<p>{{ question.text }}<\/p>\n<p>M\u00f4\u017eete ozna\u010di\u0165 viacero odpoved\u00ed.<\/p>\n<p class=\"profile-name\">{{ profiles[profileEvalueated.index].name }}<\/p>\n<p v-if=\"poll.show_profiles_percentage\">Zhoda: {{ profileEvalueated.weightPercentage }}%<\/p>\n<p>\t\t\t\t\t\t\t\t\t<img :alt=\"profiles[profileEvalueated.index].image_description\" :src=\"https:\/\/novinky.zoznam.sk\/cl\/176\/9405999\/profiles[profileEvalueated.index].img_url\" class=\"box-quiz-new-image-questionnaire\"\/><\/p>\n<p>{{ profiles[profileEvalueated.index].image_description }} (Zdroj: {{ profiles[profileEvalueated.index].image_resource }})<\/p>\n<p><\/p>\n<p>\t\t\t\t\t\t\t\u00d7<br \/>\n\t\t\t\t\t\t\t<img :alt=\"imageModal.imgDescription\" :src=\"https:\/\/novinky.zoznam.sk\/cl\/176\/9405999\/imageModal.imgUrl\" :style=\"isEmbed ? computeModalImageStyle() : ''\"\/><\/p>\n","protected":false},"excerpt":{"rendered":"Jana \u017dit\u0148ansk\u00e1 stretla v kaviarni zn\u00e1meho herca (Zdroj: Instagram\/jana.zitnanska) PAR\u00cd\u017d &#8211; Mnoh\u00ed by si to s \u0148ou hne\u010f&hellip;\n","protected":false},"author":2,"featured_media":80605,"comment_status":"","ping_status":"","sticky":false,"template":"","format":"standard","meta":{"footnotes":"","_share_on_mastodon":"0"},"categories":[20],"tags":[127,126,70,128,29624,29625,43,129,40,39,42,41,71],"class_list":["post-80604","post","type-post","status-publish","format-standard","has-post-thumbnail","category-slavne-osobnosti","tag-celebrities","tag-celebrity","tag-entertainment","tag-famous-people","tag-jana-zitnanska","tag-omar-sy","tag-sk","tag-slavne-osobnosti","tag-slovak","tag-slovakia","tag-slovencina","tag-slovensko","tag-zabava"],"share_on_mastodon":{"url":"https:\/\/pubeurope.com\/@sk\/116641266629358191","error":""},"_links":{"self":[{"href":"https:\/\/www.europesays.com\/sk\/wp-json\/wp\/v2\/posts\/80604","targetHints":{"allow":["GET"]}}],"collection":[{"href":"https:\/\/www.europesays.com\/sk\/wp-json\/wp\/v2\/posts"}],"about":[{"href":"https:\/\/www.europesays.com\/sk\/wp-json\/wp\/v2\/types\/post"}],"author":[{"embeddable":true,"href":"https:\/\/www.europesays.com\/sk\/wp-json\/wp\/v2\/users\/2"}],"replies":[{"embeddable":true,"href":"https:\/\/www.europesays.com\/sk\/wp-json\/wp\/v2\/comments?post=80604"}],"version-history":[{"count":0,"href":"https:\/\/www.europesays.com\/sk\/wp-json\/wp\/v2\/posts\/80604\/revisions"}],"wp:featuredmedia":[{"embeddable":true,"href":"https:\/\/www.europesays.com\/sk\/wp-json\/wp\/v2\/media\/80605"}],"wp:attachment":[{"href":"https:\/\/www.europesays.com\/sk\/wp-json\/wp\/v2\/media?parent=80604"}],"wp:term":[{"taxonomy":"category","embeddable":true,"href":"https:\/\/www.europesays.com\/sk\/wp-json\/wp\/v2\/categories?post=80604"},{"taxonomy":"post_tag","embeddable":true,"href":"https:\/\/www.europesays.com\/sk\/wp-json\/wp\/v2\/tags?post=80604"}],"curies":[{"name":"wp","href":"https:\/\/api.w.org\/{rel}","templated":true}]}}