{"id":81339,"date":"2026-05-27T10:43:27","date_gmt":"2026-05-27T10:43:27","guid":{"rendered":"https:\/\/www.europesays.com\/sk\/81339\/"},"modified":"2026-05-27T10:43:27","modified_gmt":"2026-05-27T10:43:27","slug":"rytmus-o-vychove-syna-v-osemnastich-by-sa-mal-vediet-postarat-a-mal-by-vediet-ako-funguje-zivot","status":"publish","type":"post","link":"https:\/\/www.europesays.com\/sk\/81339\/","title":{"rendered":"Rytmus o v\u00fdchove syna: V osemn\u00e1stich by sa mal vedie\u0165 postara\u0165 a mal by vedie\u0165, ako funguje \u017eivot"},"content":{"rendered":"<p>Na soci\u00e1lnych sie\u0165ach \u010dasto ukazuj\u00fa chv\u00edle pln\u00e9 smiechu, cestovania \u010di rodinnej pohody. Mnoh\u00ed preto m\u00f4\u017eu ma\u0165 pocit, \u017ee syn Patrika Rytmusa Vrbovsk\u00e9ho a Jasminy Alagi\u010d vyrast\u00e1 vo svete, kde dostane v\u0161etko, na \u010do si zmysl\u00ed. Zn\u00e1my raper v\u0161ak teraz otvorene priznal, \u017ee doma sa sna\u017eia dr\u017ea\u0165 \u00faplne in\u00fdch pravidiel.<\/p>\n<p>Ako uv\u00e1dza <a href=\"https:\/\/www.cas.sk\/prominenti\/rytmus-o-tvrdej-vychove-syna-musi-sa-vediet-postarat-sam-o-seba-taketo-maju-doma-pravidla?itm_modul=react_novycas_topbox&amp;itm_brand=novycas&amp;itm_template=hp&amp;itm_position=6&amp;itm_cb_position=top_main_1\" rel=\"nofollow noopener\" target=\"_blank\">Nov\u00fd \u010cas<\/a>, hudobn\u00edk sa v podcaste\u00a0<a href=\"https:\/\/www.tiktok.com\/@._shortcast\/video\/7630969404246822166\" rel=\"nofollow noopener\" target=\"_blank\">Willy Cao<\/a> rozhovoril o tom, \u017ee pri v\u00fdchove syna Sanela pova\u017euje za d\u00f4le\u017eit\u00e9 najm\u00e4 to, aby raz dok\u00e1zal fungova\u0165 samostatne a rozumel tomu, ako funguje be\u017en\u00fd \u017eivot. Pod\u013ea neho toti\u017e deti nemaj\u00fa vyrasta\u0165 v presved\u010den\u00ed, \u017ee v\u0161etko pr\u00edde automaticky.<\/p>\n<p>Ni\u010d nie je samozrejm\u00e9<\/p>\n<p>\u201eDecko je o tom, \u017ee v 18\u00a0by sa mal u\u017e vedie\u0165 stara\u0165 s\u00e1m o seba a mal by vedie\u0165, ako funguje \u017eivot,\u201c povedal otvorene v podcaste. Z\u00e1rove\u0148 priznal, \u017ee nechce, aby si jeho syn zvykol na to, \u017ee ka\u017ed\u00e9 \u017eelanie bude okam\u017eite splnen\u00e9.<\/p>\n<p>Raper si mysl\u00ed, \u017ee ak rodi\u010dia de\u0165om bez rozm\u00fd\u0161\u013eania kupuj\u00fa v\u0161etko, \u010do si vyp\u00fdtaj\u00fa, m\u00f4\u017ee sa to nesk\u00f4r obr\u00e1ti\u0165 proti nim. \u201eTo znamen\u00e1, \u017ee ke\u010f ho bude\u0161 zahr\u0148ova\u0165 a kupova\u0165 mu v\u0161etko, tak bude ma\u0165 18 rokov a bude si myslie\u0165, \u017ee to funguje tak, \u017ee mu v\u0161etko mus\u00ed\u0161 k\u00fapi\u0165,\u201c vysvetlil.<\/p>\n<p>Mal\u00e9 pravidl\u00e1\u00a0<\/p>\n<p>\t\t\t\t\t\t\t\t\t\t\t\t\t<script async src=\"\/\/www.tiktok.com\/embed.js\"><\/script><\/p>\n","protected":false},"excerpt":{"rendered":"Na soci\u00e1lnych sie\u0165ach \u010dasto ukazuj\u00fa chv\u00edle pln\u00e9 smiechu, cestovania \u010di rodinnej pohody. Mnoh\u00ed preto m\u00f4\u017eu ma\u0165 pocit, \u017ee&hellip;\n","protected":false},"author":2,"featured_media":81340,"comment_status":"","ping_status":"","sticky":false,"template":"","format":"standard","meta":{"footnotes":"","_share_on_mastodon":"0"},"categories":[15],"tags":[70,16051,29802,6471,26627,43,40,39,42,41,7498,71],"class_list":["post-81339","post","type-post","status-publish","format-standard","has-post-thumbnail","category-zabava","tag-entertainment","tag-jasmina-alagic","tag-patrik-vrbovsky","tag-rytmus","tag-sanel","tag-sk","tag-slovak","tag-slovakia","tag-slovencina","tag-slovensko","tag-vychova","tag-zabava"],"share_on_mastodon":{"url":"https:\/\/pubeurope.com\/@sk\/116646131018490548","error":""},"_links":{"self":[{"href":"https:\/\/www.europesays.com\/sk\/wp-json\/wp\/v2\/posts\/81339","targetHints":{"allow":["GET"]}}],"collection":[{"href":"https:\/\/www.europesays.com\/sk\/wp-json\/wp\/v2\/posts"}],"about":[{"href":"https:\/\/www.europesays.com\/sk\/wp-json\/wp\/v2\/types\/post"}],"author":[{"embeddable":true,"href":"https:\/\/www.europesays.com\/sk\/wp-json\/wp\/v2\/users\/2"}],"replies":[{"embeddable":true,"href":"https:\/\/www.europesays.com\/sk\/wp-json\/wp\/v2\/comments?post=81339"}],"version-history":[{"count":0,"href":"https:\/\/www.europesays.com\/sk\/wp-json\/wp\/v2\/posts\/81339\/revisions"}],"wp:featuredmedia":[{"embeddable":true,"href":"https:\/\/www.europesays.com\/sk\/wp-json\/wp\/v2\/media\/81340"}],"wp:attachment":[{"href":"https:\/\/www.europesays.com\/sk\/wp-json\/wp\/v2\/media?parent=81339"}],"wp:term":[{"taxonomy":"category","embeddable":true,"href":"https:\/\/www.europesays.com\/sk\/wp-json\/wp\/v2\/categories?post=81339"},{"taxonomy":"post_tag","embeddable":true,"href":"https:\/\/www.europesays.com\/sk\/wp-json\/wp\/v2\/tags?post=81339"}],"curies":[{"name":"wp","href":"https:\/\/api.w.org\/{rel}","templated":true}]}}