{"id":81678,"date":"2026-05-27T16:41:13","date_gmt":"2026-05-27T16:41:13","guid":{"rendered":"https:\/\/www.europesays.com\/sk\/81678\/"},"modified":"2026-05-27T16:41:13","modified_gmt":"2026-05-27T16:41:13","slug":"aktualne-drama-pri-navrate-slovenskych-hokejistov-z-ms-ostali-uvazneni-v-lietadle-vieme-co-sa-stalo","status":"publish","type":"post","link":"https:\/\/www.europesays.com\/sk\/81678\/","title":{"rendered":"AKTU\u00c1LNE Dr\u00e1ma pri n\u00e1vrate slovensk\u00fdch hokejistov z MS: Ostali uv\u00e4znen\u00ed v lietadle! Vieme, \u010do sa stalo"},"content":{"rendered":"<p>\t\t\t\t\t\t\t<img decoding=\"async\" src=\"https:\/\/www.europesays.com\/sk\/wp-content\/uploads\/2026\/05\/1779900072_300_regiony-aktualna-sprava.jpg\" alt=\"Zdroj: Regi\u00f3ny.sk\" style=\"aspect-ratio: 1.33;object-fit: cover; display:inline; width: 100%;\" fetchpriority=\"high\"\/><\/p>\n<p>\t\t\t\t\tZdroj: Regi\u00f3ny.sk<\/p>\n<p>\t\t<img decoding=\"async\" src=\"https:\/\/www.europesays.com\/sk\/wp-content\/uploads\/2026\/05\/1779900072_495_regiony-favicon.png\" aria-label=\"Autor\"\/><\/p>\n<p>Slovensk\u00ed hokejisti, ktor\u00ed sa v\u00a0stredu (27. 5.) vracali domov zo \u0160vaj\u010diarska, za\u017eili nepr\u00edjemn\u00e9 komplik\u00e1cie. Lietadlo s v\u00fdpravou, ktor\u00e9 malo prist\u00e1\u0165 vo Viedni, museli pre b\u00farku presmerova\u0165 do Bratislavy.<\/p>\n<p>Slovensk\u00e1 v\u00fdprava odletela zo \u0160vaj\u010diarska v stredu 27. m\u00e1ja, de\u0148 po tom, ako ukon\u010dila \u00fa\u010dinkovanie na svetovom \u0161ampion\u00e1te. Ako v\u0161ak informuje port\u00e1l <a href=\"https:\/\/tvnoviny.sk\/sport\/clanok\/1032812-dramaticky-navrat-nasich-hokejistov-zostali-uvaezneni-v-lietadle\" type=\"link\" id=\"https:\/\/tvnoviny.sk\/sport\/clanok\/1032812-dramaticky-navrat-nasich-hokejistov-zostali-uvaezneni-v-lietadle\" target=\"_blank\" rel=\"noreferrer noopener nofollow\">tvnoviny.sk<\/a>, n\u00e1vrat v\u0161ak skomplikovalo po\u010dasie nad Vied\u0148ou, kam malo lietadlo p\u00f4vodne smerova\u0165.<\/p>\n<p>Lietadlo na Slovensku prist\u00e1lo. Ke\u010f\u017ee i\u0161lo o civiln\u00fd let, hr\u00e1\u010di aj \u010dlenovia v\u00fdpravy museli zosta\u0165 \u010daka\u0165 na palube, k\u00fdm sa situ\u00e1cia neupokoj\u00ed. Hr\u00e1\u010di aj spolu s\u00a0celou v\u00fdpravou tak \u010dakali, k\u00fdm bude m\u00f4c\u0165 lietadlo prista\u0165 vo Viedni, aby sa potom mohli presun\u00fa\u0165 domov.<\/p>\n<p>Mohlo by v\u00e1s zauj\u00edma\u0165:<\/p>\n<p>Reklama<\/p>\n<p> div {<br \/>\ntext-align: left;<br \/>\nfont-size: 12px;<br \/>\ncolor: #6f6f6f;<br \/>\n}<\/p>\n<p>#onnetwork-banner > div:first-child {<br \/>\ntext-align: left;<br \/>\nfont-weight: 700;<br \/>\npadding-bottom: 5px;<br \/>\nfont-size: 14px;<br \/>\ncolor: #000000;<br \/>\n}<\/p>\n<p>]]><\/p>\n<p>Slov\u00e1ci na turnaji do \u0161tvr\u0165fin\u00e1le nepost\u00fapili. V utorok 26. m\u00e1ja prehrali so \u0160v\u00e9dskom 2:4 a v skupine B obsadili piate miesto. <\/p>\n<p>B\u00farky so siln\u00fdm vetrom dnes sp\u00f4sobili probl\u00e9my aj na Slovensku. Viac v tomto \u010dl\u00e1nku:<\/p>\n<p>\t\t<a href=\"https:\/\/regiony.zoznam.sk\/aktualne-burky-so-silnym-vetrom-uz-pachaju-skody-foto-stromy-padaju-ako-zapalky-cesta-je-uplne-neprejazdna\/\" rel=\"nofollow noopener\" target=\"_blank\"><br \/>\n\t\t\t<img decoding=\"async\" src=\"https:\/\/www.europesays.com\/sk\/wp-content\/uploads\/2026\/05\/aktualne-zelena-mapa-burky-1.jpg\" alt=\"AKTU\u00c1LNE B\u00farky so siln\u00fdm vetrom u\u017e p\u00e1chaj\u00fa \u0160KODY: FOTO Stromy padaj\u00fa ako z\u00e1palky, cesta je \u00faplne neprejazdn\u00e1\" loading=\"lazy\"\/><br \/>\n\t\t<\/a><\/p>\n<p style=\"color:#000;\">Pre\u010d\u00edtajte si tie\u017e<\/p>\n<p>\t\t\t<a href=\"https:\/\/regiony.zoznam.sk\/aktualne-burky-so-silnym-vetrom-uz-pachaju-skody-foto-stromy-padaju-ako-zapalky-cesta-je-uplne-neprejazdna\/\" rel=\"nofollow noopener\" target=\"_blank\">AKTU\u00c1LNE B\u00farky so siln\u00fdm vetrom u\u017e p\u00e1chaj\u00fa \u0160KODY: FOTO Stromy padaj\u00fa ako z\u00e1palky, cesta je \u00faplne neprejazdn\u00e1<\/a><\/p>\n<p class=\"tags\">Viac o t\u00e9me:<br \/>\n\t\t\t\t\t\t\t\t\t\t\t\t\t\t\t\t\t\t\t<a href=\"https:\/\/regiony.zoznam.sk\/tag\/bratislava\/\" rel=\"nofollow noopener\" target=\"_blank\">Bratislava<\/a>, \t\t\t\t\t\t\t\t\t\t\t\t\t\t\t\t\t\t\t<a href=\"https:\/\/regiony.zoznam.sk\/tag\/burky\/\" rel=\"nofollow noopener\" target=\"_blank\">b\u00farky<\/a>, \t\t\t\t\t\t\t\t\t\t\t\t\t\t\t\t\t\t\t<a href=\"https:\/\/regiony.zoznam.sk\/tag\/hokejisti\/\" rel=\"nofollow noopener\" target=\"_blank\">hokejisti<\/a>, \t\t\t\t\t\t\t\t\t\t\t\t\t\t\t\t\t\t\t<a href=\"https:\/\/regiony.zoznam.sk\/tag\/lietadlo\/\" rel=\"nofollow noopener\" target=\"_blank\">lietadlo<\/a>, \t\t\t\t\t\t\t\t\t\t\t\t\t\t\t\t\t\t\t<a href=\"https:\/\/regiony.zoznam.sk\/tag\/slovensko\/\" rel=\"nofollow noopener\" target=\"_blank\">Slovensko<\/a>, \t\t\t\t\t\t\t\t\t\t\t\t\t\t\t\t\t\t\t<a href=\"https:\/\/regiony.zoznam.sk\/tag\/vieden\/\" rel=\"nofollow noopener\" target=\"_blank\">Viede\u0148<\/a>\t\t\t\t\t\t\t\t\t\t\t\t\t\t\t\t\t<\/p>\n<p>\t\tKoment\u00e1re k \u010dl\u00e1nku<\/p>\n<p>Moment\u00e1lne nie je pridan\u00fd \u017eiadny koment\u00e1r<\/p>\n<p><\/p>\n","protected":false},"excerpt":{"rendered":"Zdroj: Regi\u00f3ny.sk Slovensk\u00ed hokejisti, ktor\u00ed sa v\u00a0stredu (27. 5.) vracali domov zo \u0160vaj\u010diarska, za\u017eili nepr\u00edjemn\u00e9 komplik\u00e1cie. Lietadlo s&hellip;\n","protected":false},"author":2,"featured_media":81679,"comment_status":"","ping_status":"","sticky":false,"template":"","format":"standard","meta":{"footnotes":"","_share_on_mastodon":"0"},"categories":[21],"tags":[136,2222,29890,6287,43,40,39,42,41,914],"class_list":["post-81678","post","type-post","status-publish","format-standard","has-post-thumbnail","category-bratislava","tag-bratislava","tag-burky","tag-hokejisti","tag-lietadlo","tag-sk","tag-slovak","tag-slovakia","tag-slovencina","tag-slovensko","tag-vieden"],"share_on_mastodon":{"url":"https:\/\/pubeurope.com\/@sk\/116647538520705798","error":""},"_links":{"self":[{"href":"https:\/\/www.europesays.com\/sk\/wp-json\/wp\/v2\/posts\/81678","targetHints":{"allow":["GET"]}}],"collection":[{"href":"https:\/\/www.europesays.com\/sk\/wp-json\/wp\/v2\/posts"}],"about":[{"href":"https:\/\/www.europesays.com\/sk\/wp-json\/wp\/v2\/types\/post"}],"author":[{"embeddable":true,"href":"https:\/\/www.europesays.com\/sk\/wp-json\/wp\/v2\/users\/2"}],"replies":[{"embeddable":true,"href":"https:\/\/www.europesays.com\/sk\/wp-json\/wp\/v2\/comments?post=81678"}],"version-history":[{"count":0,"href":"https:\/\/www.europesays.com\/sk\/wp-json\/wp\/v2\/posts\/81678\/revisions"}],"wp:featuredmedia":[{"embeddable":true,"href":"https:\/\/www.europesays.com\/sk\/wp-json\/wp\/v2\/media\/81679"}],"wp:attachment":[{"href":"https:\/\/www.europesays.com\/sk\/wp-json\/wp\/v2\/media?parent=81678"}],"wp:term":[{"taxonomy":"category","embeddable":true,"href":"https:\/\/www.europesays.com\/sk\/wp-json\/wp\/v2\/categories?post=81678"},{"taxonomy":"post_tag","embeddable":true,"href":"https:\/\/www.europesays.com\/sk\/wp-json\/wp\/v2\/tags?post=81678"}],"curies":[{"name":"wp","href":"https:\/\/api.w.org\/{rel}","templated":true}]}}