{"id":81944,"date":"2026-05-27T22:55:09","date_gmt":"2026-05-27T22:55:09","guid":{"rendered":"https:\/\/www.europesays.com\/sk\/81944\/"},"modified":"2026-05-27T22:55:09","modified_gmt":"2026-05-27T22:55:09","slug":"znasilnili-dve-dievcata-a-vyhli-sa-vazeniu-britania-ziada-zmenu-rozsudku","status":"publish","type":"post","link":"https:\/\/www.europesays.com\/sk\/81944\/","title":{"rendered":"Zn\u00e1silnili dve diev\u010dat\u00e1 a vyhli sa v\u00e4zeniu, Brit\u00e1nia \u017eiada zmenu rozsudku"},"content":{"rendered":"<p>Britsk\u00fd premi\u00e9r Keir Starmer sa tie\u017e zapojil do pr\u00edpadu.\t\t\t\t\t\t(Zdroj: TASR\/AP\/Maja Smiejkowska\/PA)\t\t\t\t\t<\/p>\n<p>Rozhodnutie s\u00fadu v anglickom gr\u00f3fstve Hampshire rozdelilo verejnos\u0165 aj politikov. Dvaja chlapci, ktor\u00ed mali v \u010dase skutkov 14 rokov, boli uznan\u00ed vinn\u00fdmi z nieko\u013ek\u00fdch zn\u00e1silnen\u00ed dvoch malolet\u00fdch diev\u010dat. Napriek z\u00e1va\u017enosti \u010dinov v\u0161ak neputovali do v\u00e4zenia.<\/p>\n<p>Po silnej verejnej kritike a tlaku zo strany obet\u00ed aj ich rod\u00edn pr\u00edpad presk\u00fama odvolac\u00ed s\u00fad. O pr\u00edpade informovali britsk\u00e9 m\u00e9di\u00e1.<\/p>\n<p>Starmer: O treste existuj\u00fa v\u00e1\u017ene ot\u00e1zky<\/p>\n<p>Britsk\u00fd premi\u00e9r Keir Starmer ozn\u00e1mil, \u017ee gener\u00e1lny prokur\u00e1tor vyu\u017eil svoje pr\u00e1vomoci a pr\u00edpad post\u00fapil na \u010fal\u0161ie pos\u00fadenie.<\/p>\n<p>\u201eExistuj\u00fa v\u00e1\u017ene ot\u00e1zky t\u00fdkaj\u00face sa ulo\u017een\u00e9ho trestu,\u201c vyhl\u00e1sil premi\u00e9r. Dodal, \u017ee rozhodnutie vyvolalo znepokojenie nielen medzi politikmi, ale aj medzi oby\u010dajn\u00fdmi \u013eu\u010fmi.<\/p>\n<p>Starmer z\u00e1rove\u0148 zd\u00f4raznil odvahu oboch diev\u010dat, ktor\u00e9 sa rozhodli vypoveda\u0165 a absolvova\u0165 n\u00e1ro\u010dn\u00fd s\u00fadny proces.<\/p>\n<p>Dve obete, dva \u00fatoky<\/p>\n<p>Prv\u00fd \u00fatok sa odohral v novembri 2024 vo Fordingbridge v gr\u00f3fstve Hampshire.<\/p>\n<p>P\u00e4tn\u00e1s\u0165ro\u010dn\u00e9 diev\u010da sa stretlo s chlapcom, s ktor\u00fdm komunikovalo cez soci\u00e1lne siete a verilo, \u017ee s\u00fa vo vz\u0165ahu. Spolo\u010dne odi\u0161li do podchodu pri rieke Avon. Situ\u00e1cia sa v\u0161ak zmenila po pr\u00edchode \u010fal\u0161\u00edch mlad\u00edkov.<\/p>\n<p>Pod\u013ea ob\u017ealoby bolo diev\u010da vystaven\u00e9 n\u00e1tlaku, \u00fatok si p\u00e1chatelia nahr\u00e1vali na video a prin\u00fatili ju k sexu\u00e1lnym aktivit\u00e1m, hoci sa c\u00edtila vystra\u0161en\u00e1 a bezmocn\u00e1. Nesk\u00f4r uviedla, \u017ee mala pocit, \u017ee stoj\u00ed sama proti skupine chlapcov a ob\u00e1vala sa, \u010do sa stane, ak odmietne.<\/p>\n<p>O nieko\u013eko mesiacov nesk\u00f4r sa obe\u0165ou stalo \u010fal\u0161ie diev\u010da vo veku 14 rokov. Pod\u013ea zisten\u00ed s\u00fadu ju p\u00e1chatelia odviedli na od\u013eahl\u00e9 miesto, pri\u010dom jej mali hrozi\u0165 no\u017eom. \u00datok sa odohral po tom, ako sa oddelila od svojich priate\u013eov.<\/p>\n<p>Prokurat\u00fara uviedla, \u017ee n\u00e1silie bolo opakovane zaznamen\u00e1van\u00e9 na mobiln\u00e9 telef\u00f3ny a \u010das\u0165 z\u00e1znamov sa n\u00e1sledne objavila na internete.<\/p>\n<p>Obete hovoria o zni\u010den\u00fdch \u017eivotoch<\/p>\n<p>N\u00e1sledky \u00fatokov pod\u013ea v\u00fdpoved\u00ed diev\u010dat pretrv\u00e1vaj\u00fa dodnes.<\/p>\n<p>Jedna z obet\u00ed po\u010das s\u00fadneho procesu op\u00edsala v\u00e1\u017ene psychick\u00e9 probl\u00e9my, s ktor\u00fdmi bojuje od zn\u00e1silnenia. V b\u00e1sni pre\u010d\u00edtanej pred s\u00fadom vyjadrila bezn\u00e1dej a my\u0161lienky na smr\u0165.<\/p>\n<p>Po vynesen\u00ed rozsudku povedala pre <a href=\"https:\/\/www.bbc.com\/news\/articles\/c5y779yeq0eo\" target=\"_blank\" rel=\"nofollow noopener\">BBC<\/a>, \u017ee rozhodnutie sudcu ju zasiahlo ako \u201e\u00fader priamo do tv\u00e1re\u201c.<\/p>\n<p>\u201eTakmer to p\u00f4sobilo, akoby to, \u010do urobili, bolo s\u00edce nespr\u00e1vne, ale z\u00e1rove\u0148 akceptovan\u00e9 z\u00e1konom len preto, \u017ee boli e\u0161te de\u0165mi,\u201c uviedla.<\/p>\n<p>Druh\u00e1 po\u0161koden\u00e1 priznala, \u017ee \u010dasto pre\u017e\u00edva stavy emocion\u00e1lnej otupenosti a odcudzenia od okolia.<\/p>\n<p>Sudca zd\u00f4raznil vek p\u00e1chate\u013eov<\/p>\n<p>Sudca Nicholas Rowland pri vynesen\u00ed rozsudku ozna\u010dil skutky za mimoriadne z\u00e1va\u017en\u00e9. Zd\u00f4raznil aj to, \u017ee nat\u00e1\u010danie \u00fatokov ich e\u0161te viac zhor\u0161ilo.<\/p>\n<p>Napriek tomu sa rozhodol neulo\u017ei\u0165 nepodmiene\u010dn\u00e9 tresty od\u0148atia slobody. Argumentoval ve\u013emi n\u00edzkym vekom ob\u017ealovan\u00fdch, ich obmedzen\u00fdmi schopnos\u0165ami porozumie\u0165 d\u00f4sledkom vlastn\u00e9ho konania a potrebou podpori\u0165 ich n\u00e1vrat do spolo\u010dnosti.<\/p>\n<p>Po\u010das vyhlasovania rozsudku zaznela veta, ktor\u00e1 n\u00e1sledne vyvolala ostr\u00e9 reakcie verejnosti: \u201eNikto z v\u00e1s dnes nemus\u00ed \u00eds\u0165 do v\u00e4zenia.\u201c<\/p>\n<p>Dvaja z mlad\u00edkov dostali n\u00e1pravn\u00e9 opatrenia pre mladistv\u00fdch a opustili s\u00fadnu sie\u0148 slobodn\u00ed. Tret\u00ed chlapec, ktor\u00fd sa podie\u013eal na druhom \u00fatoku, bol tie\u017e uznan\u00fd vinn\u00fdm tie\u017e putoval na slobodu.<\/p>\n<p>Rodina obete \u017eiada spravodlivos\u0165<\/p>\n<p>Pr\u00edbuzn\u00ed jednej z po\u0161koden\u00fdch priv\u00edtali rozhodnutie o presk\u00faman\u00ed trestu odvolac\u00edm s\u00fadom.<\/p>\n<p>V stanovisku pre BBC uviedli, \u017ee d\u00fafaj\u00fa v zru\u0161enie p\u00f4vodn\u00e9ho rozsudku a ulo\u017eenie primeran\u00e9ho trestu, ktor\u00fd bude zodpoveda\u0165 z\u00e1va\u017enosti sp\u00e1chan\u00fdch \u010dinov.<\/p>\n<p>\u201eNie je to len boj za na\u0161e die\u0165a, ale za v\u0161etky obete podobn\u00fdch zlo\u010dinov,\u201c odk\u00e1zala rodina.<\/p>\n<p>Do pr\u00edpadu sa zapojila aj Gis\u00e8le Pelicot<\/p>\n<p>Pozornos\u0165 pr\u00edpadu presiahla hranice Brit\u00e1nie. Na rozhodnutie s\u00fadu reagovala aj Gis\u00e8le Pelicot, ktor\u00e1 sa stala symbolom boja obet\u00ed sexu\u00e1lneho n\u00e1silia vo Franc\u00fazsku.<\/p>\n<p>Pre BBC uviedla, \u017ee ju \u0161okovalo, ke\u010f sa dozvedela, \u017ee p\u00e1chatelia neboli poslan\u00ed do v\u00e4zenia.<\/p>\n<p>Z\u00e1rove\u0148 vyzdvihla odvahu obet\u00ed, ktor\u00e9 sa rozhodli verejne vyst\u00fapi\u0165 a bojova\u0165 za spravodlivos\u0165 napriek traumatick\u00fdm sk\u00fasenostiam.<\/p>\n<p>O ich osude rozhodne odvolac\u00ed s\u00fad<\/p>\n<p>Gener\u00e1lny prokur\u00e1tor Lord Hermer ozn\u00e1mil, \u017ee po presk\u00faman\u00ed pr\u00edpadu dospel k z\u00e1veru, \u017ee je potrebn\u00e9 preveri\u0165, \u010di ulo\u017een\u00e9 tresty neboli neprimerane mierne.<\/p>\n<p>O \u010fal\u0161om osude ods\u00faden\u00fdch tak rozhodne Odvolac\u00ed s\u00fad. Trojica sudcov pos\u00fadi, \u010di p\u00f4vodn\u00fd rozsudok zodpovedal z\u00e1va\u017enosti skutkov, alebo \u010di bude potrebn\u00e9 tresty spr\u00edsni\u0165.<\/p>\n","protected":false},"excerpt":{"rendered":"Britsk\u00fd premi\u00e9r Keir Starmer sa tie\u017e zapojil do pr\u00edpadu. (Zdroj: TASR\/AP\/Maja Smiejkowska\/PA) Rozhodnutie s\u00fadu v anglickom gr\u00f3fstve Hampshire&hellip;\n","protected":false},"author":2,"featured_media":81945,"comment_status":"","ping_status":"","sticky":false,"template":"","format":"standard","meta":{"footnotes":"","_share_on_mastodon":"0"},"categories":[8],"tags":[9828,33,29953,43,4915,6262,40,42,36,1368,50,28326,29952,909,49,48,13157],"class_list":["post-81944","post","type-post","status-publish","format-standard","has-post-thumbnail","category-svet","tag-keir-starmer","tag-news","tag-odvolaci-sud","tag-sk","tag-skandal","tag-sloboda","tag-slovak","tag-slovencina","tag-spravy","tag-sud","tag-svet","tag-tinedzeri","tag-tinedzerky","tag-velka-britania","tag-world","tag-world-news","tag-znasilnenie"],"share_on_mastodon":{"url":"https:\/\/pubeurope.com\/@sk\/116649009192465864","error":""},"_links":{"self":[{"href":"https:\/\/www.europesays.com\/sk\/wp-json\/wp\/v2\/posts\/81944","targetHints":{"allow":["GET"]}}],"collection":[{"href":"https:\/\/www.europesays.com\/sk\/wp-json\/wp\/v2\/posts"}],"about":[{"href":"https:\/\/www.europesays.com\/sk\/wp-json\/wp\/v2\/types\/post"}],"author":[{"embeddable":true,"href":"https:\/\/www.europesays.com\/sk\/wp-json\/wp\/v2\/users\/2"}],"replies":[{"embeddable":true,"href":"https:\/\/www.europesays.com\/sk\/wp-json\/wp\/v2\/comments?post=81944"}],"version-history":[{"count":0,"href":"https:\/\/www.europesays.com\/sk\/wp-json\/wp\/v2\/posts\/81944\/revisions"}],"wp:featuredmedia":[{"embeddable":true,"href":"https:\/\/www.europesays.com\/sk\/wp-json\/wp\/v2\/media\/81945"}],"wp:attachment":[{"href":"https:\/\/www.europesays.com\/sk\/wp-json\/wp\/v2\/media?parent=81944"}],"wp:term":[{"taxonomy":"category","embeddable":true,"href":"https:\/\/www.europesays.com\/sk\/wp-json\/wp\/v2\/categories?post=81944"},{"taxonomy":"post_tag","embeddable":true,"href":"https:\/\/www.europesays.com\/sk\/wp-json\/wp\/v2\/tags?post=81944"}],"curies":[{"name":"wp","href":"https:\/\/api.w.org\/{rel}","templated":true}]}}