{"id":82656,"date":"2026-05-28T16:22:12","date_gmt":"2026-05-28T16:22:12","guid":{"rendered":"https:\/\/www.europesays.com\/sk\/82656\/"},"modified":"2026-05-28T16:22:12","modified_gmt":"2026-05-28T16:22:12","slug":"slavny-pretekar-musel-na-dovolenke-v-bangkoku-do-nemocnice-stal-na-krizovatke-a-zrazu-mal-topanku-plnu-krvi-media-pisu-o-zahade-ostatne-sporty","status":"publish","type":"post","link":"https:\/\/www.europesays.com\/sk\/82656\/","title":{"rendered":"Sl\u00e1vny pretek\u00e1r musel na dovolenke v Bangkoku do nemocnice. St\u00e1l na kri\u017eovatke a zrazu mal top\u00e1nku pln\u00fa krvi. M\u00e9di\u00e1 p\u00ed\u0161u o z\u00e1hade &#8211; Ostatn\u00e9 \u0161porty"},"content":{"rendered":"<p itemprop=\"description\">B\u00fdval\u00fd jazdec Formuly 1 Mika Salo utrpel pred nieko\u013ek\u00fdmi d\u0148ami pri prech\u00e1dzan\u00ed cez cestu hlbok\u00e9 zranenie nohy, ktor\u00e9 si vy\u017eiadalo 28 stehov. Najprv c\u00edtil len mal\u00fd n\u00e1raz.<\/p>\n<p>\t\t\t\t\t\t\t\t\t\t\t\t\t\t\t\t\t\u0160portweb<\/p>\n<p>\t\t\t\t\t\t\t\t28.05.2026 15:58 \t\t\t\t\t\t\t<\/p>\n<p>Incident r\u00fdchlo zaplnil f\u00ednske aj medzin\u00e1rodn\u00e9 m\u00e9di\u00e1, najm\u00e4 po tom, \u010do lek\u00e1ri \u00fadajne uviedli, \u017ee zranenie vyzeralo, akoby ho sp\u00f4sobila ostr\u00e1\u00a0\u010depe\u013e.<\/p>\n<p>V\u00a0Thajsku sa t\u00e9ma e\u0161te viac rozv\u00edrila aj pre obavy o\u00a0poves\u0165 krajiny v\u00a0oblasti turizmu, ke\u010f\u017ee krajina sa moment\u00e1lne intenz\u00edvne sna\u017e\u00ed z\u00edska\u0165 preteky Formuly\u00a01.<\/p>\n<p>Salo v\u0161ak tento t\u00fd\u017ede\u0148 pri rozhovoroch s\u00a0pol\u00edciou a m\u00e9diami situ\u00e1ciu upokojoval. Tvrd\u00ed, \u017ee nemal pocit, \u017ee by ho niekto napadol. Dnes si mysl\u00ed, \u017ee zranenie mohlo vznikn\u00fa\u0165 \u00faplnou n\u00e1hodou po kontakte s\u00a0eviden\u010dnou zna\u010dkou motocykla.<\/p>\n<p>\u201eNemysl\u00edm si, \u017ee i\u0161lo o\u00a0\u00fatok, preto\u017ee som sa nec\u00edtil napadnut\u00fd a nikto mi ni\u010d neukradol,\u201c citovala ho thajsk\u00e1 telev\u00edzia\u00a0PPTV.<\/p>\n<p>Bangkoksk\u00e1 pol\u00edcia napriek tomu preveruje kamerov\u00e9 z\u00e1znamy a vy\u0161etruje viacero podobn\u00fdch pr\u00edpadov, pri ktor\u00fdch utrpeli podobn\u00e9 zranenia miestni obyvatelia aj turisti pribli\u017ene v\u00a0rovnakom\u00a0\u010dase.<\/p>\n<p>Pod\u013ea f\u00ednskych m\u00e9di\u00ed nemocni\u010dn\u00fd person\u00e1l povedal pol\u00edcii, \u017ee v\u00a0t\u00fa noc priviezli viacero pacientov s\u00a0podobn\u00fdmi rezmi. Salo nesk\u00f4r uviedol na prav\u00fa mieru aj inform\u00e1cie, pod\u013ea ktor\u00fdch ho pol\u00edcia odviedla na v\u00fdsluch.<\/p>\n<p>\t<a class=\"promo-clanok\" href=\"https:\/\/sportweb.pravda.sk\/ostatne-sporty\/clanok\/769491-alain-prost-40-rokov-prvy-titul-formula-1\/\" rel=\"nofollow noopener\" target=\"_blank\"> \t\t\t\t\t<img decoding=\"async\" src=\"https:\/\/www.europesays.com\/sk\/wp-content\/uploads\/2026\/05\/alain-prost-stvorec.jpg\" class=\"promo-clanok-image\" alt=\"Alain Prost\"\/> \t\t\t \t\t\t\t \t\t\t\t\t\t\t\t\t\t\t\u010c\u00edtajte viac \t\t\t\t\t\t\t\t\t \t\t\t\t \t\t\t\t\tSiln\u00e9 slov\u00e1 de\u0148 pred smr\u0165ou. Nen\u00e1viden\u00fd &#8222;Profesor&#8220; ulo\u017eil svojho rivala do zeme \t\t\t\t \t\t\t \t\t\t<\/a><\/p>\n<p>\u201ePolicajti mi zavolali a sp\u00fdtali sa, \u010di sa m\u00f4\u017eu porozpr\u00e1va\u0165,\u201c vysvetlil f\u00ednskemu m\u00e9diu Uuno. \u201eTak\u017ee ma nikam neodviedli.\u201c P\u00e4\u0165desiatdev\u00e4\u0165ro\u010dn\u00fd b\u00fdval\u00fd pilot z\u00e1rove\u0148 pochv\u00e1lil reakciu thajsk\u00fdch \u00faradov.<\/p>\n<p>\u201eMus\u00edm pochv\u00e1li\u0165 thajsk\u00fa pol\u00edciu. Ve\u013emi r\u00fdchlo mali k\u00a0dispoz\u00edcii kamerov\u00e9 z\u00e1znamy aj \u010fal\u0161ie inform\u00e1cie,\u201c povedal Salo. \u201eZranenie turistu je tu ve\u013ek\u00e1\u00a0vec.\u201c<\/p>\n<p>Napriek nepr\u00edjemn\u00e9mu z\u00e1\u017eitku Salo tvrd\u00ed, \u017ee Thajsko st\u00e1le pova\u017euje za bezpe\u010dn\u00fa krajinu a pl\u00e1nuje sa tam \u010doskoro op\u00e4\u0165 vr\u00e1ti\u0165.<\/p>\n","protected":false},"excerpt":{"rendered":"B\u00fdval\u00fd jazdec Formuly 1 Mika Salo utrpel pred nieko\u013ek\u00fdmi d\u0148ami pri prech\u00e1dzan\u00ed cez cestu hlbok\u00e9 zranenie nohy, ktor\u00e9&hellip;\n","protected":false},"author":2,"featured_media":82657,"comment_status":"","ping_status":"","sticky":false,"template":"","format":"standard","meta":{"footnotes":"","_share_on_mastodon":"0"},"categories":[13],"tags":[30161,30160,30158,5829,30159,43,16914,40,39,42,41,69,68],"class_list":["post-82656","post","type-post","status-publish","format-standard","has-post-thumbnail","category-sport","tag-bangkoku","tag-dovolenke","tag-mika-salo","tag-musel","tag-pretekar","tag-sk","tag-slavny","tag-slovak","tag-slovakia","tag-slovencina","tag-slovensko","tag-sport","tag-sports"],"share_on_mastodon":{"url":"https:\/\/pubeurope.com\/@sk\/116653125965241630","error":""},"_links":{"self":[{"href":"https:\/\/www.europesays.com\/sk\/wp-json\/wp\/v2\/posts\/82656","targetHints":{"allow":["GET"]}}],"collection":[{"href":"https:\/\/www.europesays.com\/sk\/wp-json\/wp\/v2\/posts"}],"about":[{"href":"https:\/\/www.europesays.com\/sk\/wp-json\/wp\/v2\/types\/post"}],"author":[{"embeddable":true,"href":"https:\/\/www.europesays.com\/sk\/wp-json\/wp\/v2\/users\/2"}],"replies":[{"embeddable":true,"href":"https:\/\/www.europesays.com\/sk\/wp-json\/wp\/v2\/comments?post=82656"}],"version-history":[{"count":0,"href":"https:\/\/www.europesays.com\/sk\/wp-json\/wp\/v2\/posts\/82656\/revisions"}],"wp:featuredmedia":[{"embeddable":true,"href":"https:\/\/www.europesays.com\/sk\/wp-json\/wp\/v2\/media\/82657"}],"wp:attachment":[{"href":"https:\/\/www.europesays.com\/sk\/wp-json\/wp\/v2\/media?parent=82656"}],"wp:term":[{"taxonomy":"category","embeddable":true,"href":"https:\/\/www.europesays.com\/sk\/wp-json\/wp\/v2\/categories?post=82656"},{"taxonomy":"post_tag","embeddable":true,"href":"https:\/\/www.europesays.com\/sk\/wp-json\/wp\/v2\/tags?post=82656"}],"curies":[{"name":"wp","href":"https:\/\/api.w.org\/{rel}","templated":true}]}}