{"id":82681,"date":"2026-05-28T16:50:10","date_gmt":"2026-05-28T16:50:10","guid":{"rendered":"https:\/\/www.europesays.com\/sk\/82681\/"},"modified":"2026-05-28T16:50:10","modified_gmt":"2026-05-28T16:50:10","slug":"vaclav-nedomansky-je-pesimista-pred-stvrtfinale-finsko-cesko-netusi-preco-by-jeho-krajania-mali-vyhrat-ms-2026-hokej","status":"publish","type":"post","link":"https:\/\/www.europesays.com\/sk\/82681\/","title":{"rendered":"V\u00e1clav Nedomansk\u00fd je pesimista. Pred \u0161tvr\u0165fin\u00e1le F\u00ednsko &#8211; \u010cesko netu\u0161\u00ed, pre\u010do by jeho krajania mali vyhra\u0165 &#8211; MS 2026 &#8211; Hokej"},"content":{"rendered":"<p itemprop=\"description\">\u010cesk\u00ed hokejisti vstupuj\u00fa do \u0161tvr\u0165fin\u00e1le proti F\u00ednsku s pocitom, \u017ee duel proti Kanade napriek prehre nebol krokom sp\u00e4\u0165. <\/p>\n<p>\t\t\t\t\t\t\t\t\t\t\t\t\t\t\t\t\t\u0160portweb<\/p>\n<p>\t\t\t\t\t\t\t\t28.05.2026 10:46 \t\t\t\t\t\t\t<\/p>\n<p>Aspo\u0148 tak to vid\u00ed legend\u00e1rny V\u00e1clav Nedomansk\u00fd, ktor\u00fd v\u00a0koment\u00e1ri pre Sport.cz priznal, \u017ee ho zauj\u00edmalo najm\u00e4 to, \u010di mu\u017estvo pozna\u010d\u00ed nevydaren\u00fd v\u00fdkon proti N\u00f3rsku.<\/p>\n<p>\u201eZauj\u00edmalo ma, \u010di za\u010diatok z\u00e1pasu nejako ovplyvn\u00ed prehra a zl\u00e1 hra proti N\u00f3rsku, ale zdalo sa mi, \u017ee to na hr\u00e1\u010dov ani tr\u00e9nerov nemalo \u017eiadny dopad,\u201c povedal b\u00fdval\u00fd \u010deskoslovensk\u00fd reprezentant.<\/p>\n<p>Pod\u013ea neho bolo od za\u010diatku c\u00edti\u0165, \u017ee Kanada u\u017e nehr\u00e1 existen\u010dn\u00fd z\u00e1pas. Istota prvenstva v\u00a0skupine jej dovolila hra\u0165 s\u00a0v\u00e4\u010d\u0161\u00edm pokojom, hoci \u00favod nebol z\u00a0jej strany \u00faplne vla\u017en\u00fd.<\/p>\n<p>\u201eNa Kanade bolo vidie\u0165, \u017ee to pre \u0148u nie je \u017eivotne d\u00f4le\u017eit\u00fd z\u00e1pas, ke\u010f\u017ee u\u017e mala istotu prvenstva v\u00a0skupine. S\u00edce za\u010dala celkom svi\u017ene, ale bez fyzick\u00e9ho kontaktu. To ist\u00e9 platilo aj o\u00a0\u010cechoch, ktor\u00ed mali rovnako ako s\u00faper dobr\u00fd pohyb.\u201c<\/p>\n<p>Nedomansk\u00fd z\u00e1rove\u0148 nepova\u017euje zmeny v\u00a0\u010desk\u00fdch \u00fato\u010dn\u00fdch form\u00e1ci\u00e1ch za nie\u010do z\u00e1sadn\u00e9. Sk\u00f4r ich vn\u00edmal ako kozmetick\u00fa \u00fapravu bez v\u00e4\u010d\u0161ieho efektu.<\/p>\n<p>\t<a class=\"promo-clanok\" href=\"https:\/\/sportweb.pravda.sk\/hokej\/ms-2026\/clanok\/811467-vladimir-vujtek-slovensko-ms-v-hokeji-rozhodli-detaily-a-chybal-slafkovsky\/\" rel=\"nofollow noopener\" target=\"_blank\"> \t\t\t\t\t<img decoding=\"async\" src=\"https:\/\/www.europesays.com\/sk\/wp-content\/uploads\/2026\/05\/vladimir-vujtek_01-stvorec.jpg\" class=\"promo-clanok-image\" alt=\"Vladim\u00edr V\u016fjtek\"\/> \t\t\t \t\t\t\t \t\t\t\t\t\t\t\t\t\t\t\u010c\u00edtajte viac \t\t\t\t\t\t\t\t\t \t\t\t\t \t\t\t\t\tVladim\u00edr V\u016fjtek: Rozhodlo p\u00e1r nezmyseln\u00fdch vec\u00ed, povedzte, na\u010do to robili? Keby ste tam mali toho chalaniska, v\u0161etko mohlo by\u0165 inak \t\t\t\t \t\t\t \t\t\t<\/a><\/p>\n<p>\u201eMysl\u00edm si, \u017ee zmeny v\u00a0troch \u00fato\u010dn\u00fdch form\u00e1ci\u00e1ch \u010cechov boli sk\u00f4r len kozmetick\u00fd \u0165ah. Ni\u010d to neznamen\u00e1, preto\u017ee \u010desk\u00fd t\u00edm nem\u00e1 \u017eiadne form\u00e1cie, ktor\u00e9 by neust\u00e1le \u00fato\u010dili a vyu\u017e\u00edvali jeden druh\u00e9ho.\u201c<\/p>\n<p>Prv\u00e1 tretina sa mu v\u0161ak z\u00a0\u010desk\u00e9ho poh\u013eadu pozd\u00e1vala. Vyzdvihol agresivitu, nap\u00e1danie aj ochotu hra\u0165 akt\u00edvne proti siln\u00e9mu s\u00faperovi.<\/p>\n<p>\u201ePrv\u00e1 tretina bola dobr\u00e1 v\u00a0tom, \u017ee \u010desk\u00fd t\u00edm bez prem\u00fd\u0161\u013eania o\u00a0d\u00f4le\u017eitosti z\u00e1pasu ve\u013ea nap\u00e1dal a dobre nar\u00fa\u0161al ofenz\u00edvu Kanady. G\u00f3l Alschera bola vynikaj\u00faca strela presne do miest, kam sa m\u00e1 p\u00e1li\u0165. C\u00edtil som to ako ve\u013ek\u00fa vzpruhu.\u201c<\/p>\n<p>Postupne sa v\u0161ak pod\u013ea neho uk\u00e1zala typick\u00e1 sila Kanady. Z\u00e1morsk\u00fd t\u00edm sa dost\u00e1val do tempa a v\u00a0tretej tretine u\u017e duel kontroloval.<\/p>\n<p>\u201eV\u00a0druhej tretine sa hra za\u010dala obraca\u0165. Kanada je zn\u00e1ma t\u00fdm, \u017ee aj ke\u010f neza\u010dne dobre, postupne sa rozbehne a za\u010dne vyu\u017e\u00edva\u0165 v\u0161etky aspekty typick\u00e9 pre jej hokej. A\u00a0v\u00a0tretej tretine to pretla\u010dila tam, kam chcela, a oto\u010dila sk\u00f3re vo svoj prospech.\u201c<\/p>\n<p>Pr\u00e1ve schopnos\u0165 Kana\u010fanov vytv\u00e1ra\u0165 si pre\u010d\u00edslenia a z\u00edskava\u0165 puky sp\u00e4\u0165 po strate ozna\u010dil za rozhoduj\u00faci rozdiel medzi oboma t\u00edmami.<\/p>\n<p>\u201eKe\u010f Kana\u010fania zapli, boli schopn\u00ed odp\u00fata\u0165 sa od br\u00e1niacich hr\u00e1\u010dov, \u010d\u00edm z\u00edskavali prevahu na puku a dost\u00e1vali sa do pre\u010d\u00edslen\u00ed. Naopak, ke\u010f mali puk \u010cesi, u\u017e len nahadzovali puky a neboli schopn\u00ed for\u010dekova\u0165, z\u00edskava\u0165 kot\u00fa\u010de sp\u00e4\u0165 a vytv\u00e1ra\u0165 si \u0161ance. V\u00a0tom bol ten z\u00e1sadn\u00fd rozdiel.\u201c<\/p>\n<p>Ve\u013ek\u00fa pochvalu od Nedomansk\u00e9ho si vysl\u00fa\u017eil brank\u00e1r Dominik Pavl\u00e1t.<\/p>\n<p>\u201eMus\u00edm vyzdvihn\u00fa\u0165 v\u00fdborn\u00fd v\u00fdkon brank\u00e1ra Dominika Pavl\u00e1ta. Som za neho r\u00e1d, preto\u017ee po z\u00e1pasoch proti slab\u0161\u00edm t\u00edmom si teraz zasl\u00fa\u017ei uznanie.\u201c<\/p>\n<p>Pred \u0161tvr\u0165fin\u00e1le proti F\u00ednsku zost\u00e1va b\u00fdval\u00e1 legenda opatrn\u00e1. Pripom\u00edna, \u017ee pr\u00e1ve tento z\u00e1pas rozhoduje o\u00a0tom, \u010di bude turnaj hodnoten\u00fd ako \u00faspe\u0161n\u00fd alebo\u00a0nie.<\/p>\n<p>\t<a class=\"promo-clanok\" href=\"https:\/\/sportweb.pravda.sk\/hokej\/ms-2026\/clanok\/811431-preco-hlavaj-zrejme-nikdy-nebude-chytat-v-nhl-a-preco-pani-pospisilova-nema-pravdu\/\" rel=\"nofollow noopener\" target=\"_blank\"> \t\t\t\t\t<img decoding=\"async\" src=\"https:\/\/www.europesays.com\/sk\/wp-content\/uploads\/2026\/05\/1779987010_853_kristian-pospisil-stvorec.jpg\" class=\"promo-clanok-image\" alt=\"Kristi\u00e1n Posp\u00ed\u0161il\"\/> \t\t\t \t\t\t\t \t\t\t\t\t\t\t\t\t\t\t\u010c\u00edtajte viac \t\t\t\t\t\t\t\t\t \t\t\t\t \t\t\t\t\tANAL\u00ddZA: Pre\u010do Hlavaj (zrejme) nikdy nebude chyta\u0165 v NHL a pre\u010do pani Posp\u00ed\u0161ilov\u00e1 nem\u00e1 pravdu \t\t\t\t \t\t\t \t\t\t<\/a><\/p>\n<p>\u201eTeraz n\u00e1s \u010dak\u00e1 \u0161tvr\u0165fin\u00e1le proti F\u00ednsku, ktor\u00e9 v\u017edy rozhoduje o\u00a0\u00faspe\u0161nosti turnaja. V\u00fdkon proti Kanade m\u00f4\u017ee by\u0165 vzpruhou. T\u00edm bol dos\u0165 rozkl\u00ed\u017een\u00fd a teraz sa sn\u00e1\u010f ako-tak d\u00e1va dokopy.\u201c<\/p>\n<p>F\u00ednov pritom nepodce\u0148uje ani trochu.<\/p>\n<p>\u201eF\u00edni maj\u00fa tentoraz prekvapivo kvalitn\u00fd t\u00edm. Hraj\u00fa podobne ako Kanada\u00a0\u2013 maj\u00fa silov\u00e9 mu\u017estvo, s\u00fa siln\u00ed na puku a dok\u00e1\u017eu sa udr\u017ea\u0165 v\u00a0\u00fato\u010dnom p\u00e1sme. Navy\u0161e disponuj\u00fa dobr\u00fdmi strelcami.\u201c<\/p>\n<p>A\u00a0progn\u00f3za? T\u00e1 z\u00a0\u010desk\u00e9ho poh\u013eadu nevyznieva pr\u00edli\u0161 optimisticky.<\/p>\n<p>\u201eNeviem, na z\u00e1klade \u010doho by \u010cesko mohlo vyhra\u0165. Mo\u017eno len keby to bol z\u00e1pas s\u00a0n\u00edzkym po\u010dtom g\u00f3lov, \u017ee by na v\u00ed\u0165azstvo sta\u010dili napr\u00edklad dva\u00a0g\u00f3ly.\u201c<\/p>\n<p>Nedomansk\u00fd napokon pridal aj typicky ironick\u00fa pozn\u00e1mku s\u00a0odkazom na Ivana Lendla.<\/p>\n<p>\u201eAko hovorieval Ivan Lendl so svoj\u00edm americk\u00fdm pr\u00edzvukom: ,Sport is only sport.\u2018 To s\u00edce \u00e1no, ale \u010cesi viac-menej nie s\u00fa vo v\u00fdhodnej poz\u00edcii.\u201c<\/p>\n","protected":false},"excerpt":{"rendered":"\u010cesk\u00ed hokejisti vstupuj\u00fa do \u0161tvr\u0165fin\u00e1le proti F\u00ednsku s pocitom, \u017ee duel proti Kanade napriek prehre nebol krokom sp\u00e4\u0165.&hellip;\n","protected":false},"author":2,"featured_media":82682,"comment_status":"","ping_status":"","sticky":false,"template":"","format":"standard","meta":{"footnotes":"","_share_on_mastodon":"0"},"categories":[13],"tags":[1607,29283,30166,3679,43,40,39,42,41,69,68,6857,30165],"class_list":["post-82681","post","type-post","status-publish","format-standard","has-post-thumbnail","category-sport","tag-finsko","tag-nedomansky","tag-pesimista","tag-pred","tag-sk","tag-slovak","tag-slovakia","tag-slovencina","tag-slovensko","tag-sport","tag-sports","tag-stvrtfinale","tag-vaclav"],"share_on_mastodon":{"url":"https:\/\/pubeurope.com\/@sk\/116653236134944065","error":""},"_links":{"self":[{"href":"https:\/\/www.europesays.com\/sk\/wp-json\/wp\/v2\/posts\/82681","targetHints":{"allow":["GET"]}}],"collection":[{"href":"https:\/\/www.europesays.com\/sk\/wp-json\/wp\/v2\/posts"}],"about":[{"href":"https:\/\/www.europesays.com\/sk\/wp-json\/wp\/v2\/types\/post"}],"author":[{"embeddable":true,"href":"https:\/\/www.europesays.com\/sk\/wp-json\/wp\/v2\/users\/2"}],"replies":[{"embeddable":true,"href":"https:\/\/www.europesays.com\/sk\/wp-json\/wp\/v2\/comments?post=82681"}],"version-history":[{"count":0,"href":"https:\/\/www.europesays.com\/sk\/wp-json\/wp\/v2\/posts\/82681\/revisions"}],"wp:featuredmedia":[{"embeddable":true,"href":"https:\/\/www.europesays.com\/sk\/wp-json\/wp\/v2\/media\/82682"}],"wp:attachment":[{"href":"https:\/\/www.europesays.com\/sk\/wp-json\/wp\/v2\/media?parent=82681"}],"wp:term":[{"taxonomy":"category","embeddable":true,"href":"https:\/\/www.europesays.com\/sk\/wp-json\/wp\/v2\/categories?post=82681"},{"taxonomy":"post_tag","embeddable":true,"href":"https:\/\/www.europesays.com\/sk\/wp-json\/wp\/v2\/tags?post=82681"}],"curies":[{"name":"wp","href":"https:\/\/api.w.org\/{rel}","templated":true}]}}