{"id":82697,"date":"2026-05-28T17:04:13","date_gmt":"2026-05-28T17:04:13","guid":{"rendered":"https:\/\/www.europesays.com\/sk\/82697\/"},"modified":"2026-05-28T17:04:13","modified_gmt":"2026-05-28T17:04:13","slug":"foto-dan-velkeho-sampiona-marquez-ukazal-hororove-nasledky-operacii-fanusikovia-zostali-v-soku","status":"publish","type":"post","link":"https:\/\/www.europesays.com\/sk\/82697\/","title":{"rendered":"FOTO Da\u0148 ve\u013ek\u00e9ho \u0161ampi\u00f3na: M\u00e1rquez uk\u00e1zal hororov\u00e9 n\u00e1sledky oper\u00e1ci\u00ed, fan\u00fa\u0161ikovia zostali v \u0161oku"},"content":{"rendered":"<p>\t<a href=\"https:\/\/sportky.zoznam.sk\/g\/482437\/foto-dan-velkeho-sampiona-marquez-ukazal-hororove-nasledky-operacii-fanusikovia-zostali-v-soku?image=1156289\" title=\"Marc M\u00e1rquez \" rel=\"nofollow noopener\" target=\"_blank\">\t\t\t<img decoding=\"async\" loading=\"lazy\" src=\"https:\/\/www.europesays.com\/sk\/wp-content\/uploads\/2026\/05\/motogp-marc-marquez-ducati-1156289.jpg\"  alt=\"Marc M\u00e1rquez \"\/><\/a>Marc M\u00e1rquez \t\t\t Zdroj: SITA\/AP\/Jose Breton\t\t\t\t<\/p>\n<p>\t\t\t<a class=\"box-article-author-image\"><br \/>\n\t\t\t\t<img decoding=\"async\" src=\"https:\/\/sportky.zoznam.sk\/static\/2019_default\/img\/author.svg\"\/><br \/>\n\t\t\t<\/a><\/p>\n<p class=\"perex\">MADRID \u2013 MotoGP pravidelne ukazuje, ak\u00e9 ve\u013ek\u00e9 riziko podstupuj\u00fa jazdci na dvoch koles\u00e1ch.\t<\/p>\n<p>Udalosti na ned\u00e1vnej Ve\u013ekej cene \u0160panielska ale naplno dok\u00e1zali, \u017ee od trag\u00e9die delia pretek\u00e1rov niekedy doslova milimetre. Svoje by o tom mohli hovori\u0165 napr\u00edklad \u00c1lex M\u00e1rquez, ktor\u00fd si zlomil k\u013e\u00fa\u010dnu kos\u0165 a jeden stavec, \u010di Johann Zarco, ktor\u00fd si odniesol v\u00e1\u017ene po\u0161kodenie \u013eav\u00e9ho kolena a men\u0161iu zlomeninu v \u010dlenku.<\/p>\n<p>&#13;<br \/>\n&#13;<\/p>\n<p>V Barcelona sa navy\u0161e nepredstavil brat \u00c1lexa M\u00e1rqueza a obhajca titulu Marc M\u00e1rquez, ktor\u00fd utrpel vo Franc\u00fazsku t\u00fd\u017ede\u0148 predt\u00fdm zlomeninu nohy. Kv\u00f4li tomu musel n\u00e1sledne post\u00fapi\u0165 oper\u00e1ciu, po\u010das ktorej v\u0161ak \u0161ikovn\u00e9 ruky doktorov vyrie\u0161ili aj dlhotrvaj\u00faci probl\u00e9m s prav\u00fdm ramenom.<\/p>\n<p>&#13;<br \/>\n&#13;<\/p>\n<p>V tom mu toti\u017e zostala skrutka po oper\u00e1cii, ktor\u00fa podst\u00fapil v roku 2019. T\u00e1 mu ale sp\u00f4sobovala ob\u010dasn\u00fa boles\u0165, ktor\u00fa c\u00edtil hlavne pri jazde na motorke.<\/p>\n<p>&#13;<br \/>\n&#13;<\/p>\n<p>N\u00e1sledky viacer\u00fdch oper\u00e1ci\u00ed s\u00fa ale vidite\u013en\u00e9 aj vo\u013en\u00fdm okom. V ned\u00e1vnom pr\u00edspevku na soci\u00e1lnej sieti Instagram toti\u017e zverejnil nieko\u013eko z\u00e1berov z pr\u00edpravy na n\u00e1vrat do s\u00fa\u0165a\u017en\u00e9ho koloto\u010da, ale aj be\u017en\u00e9ho \u017eivota.<\/p>\n<p>&#13;<br \/>\n&#13;<\/p>\n<p>Fan\u00fa\u0161ikov ale najviac zaujala t\u00e1, na ktorej bolo vidie\u0165, ako dopadla jeho probl\u00e9mov\u00e1 ruka. To si okam\u017eite v\u0161imlo mno\u017estvo \u013eud\u00ed, ktor\u00ed aj napriek tomu, \u017ee s\u00fa z MotoGP zvyknut\u00fd naozaj na v\u0161etko, zostali v poriadnom \u0161oku,<\/p>\n<p>&#13;<br \/>\n&#13;<\/p>\n<p>Dobrou spr\u00e1vou ale je, \u017ee u\u017e tento v\u00edkend bude M\u00e1rquez sp\u00e4\u0165 a to rovno na dom\u00e1cej Ve\u013ekej cene jeho t\u00edmu Ducati. MotoGP sa toti\u017e s\u0165ahuje do talianskeho Mugella, kde sa bude chcie\u0165 7-n\u00e1sobn\u00fd v\u00ed\u0165az kr\u00e1\u013eovskej kubat\u00fary vr\u00e1ti\u0165 vo ve\u013ekom \u0161t\u00fdle.<\/p>\n<p>&#13;<br \/>\n&#13;<br \/>\n&#13;<br \/>\n&#13;<br \/>\n&#13;<br \/>\n&#13;<br \/>\n&#13;<\/p>\n<p>\u00a0<\/p>\n<p>&#13;<\/p>\n<p>\t\t\tAutor: \u00a9 Zoznam\/\t\t\tInstagram\/autosport\t\t\tZdroj: \u0160portky\t<\/p>\n","protected":false},"excerpt":{"rendered":"Marc M\u00e1rquez Zdroj: SITA\/AP\/Jose Breton MADRID \u2013 MotoGP pravidelne ukazuje, ak\u00e9 ve\u013ek\u00e9 riziko podstupuj\u00fa jazdci na dvoch koles\u00e1ch.&hellip;\n","protected":false},"author":2,"featured_media":82698,"comment_status":"","ping_status":"","sticky":false,"template":"","format":"standard","meta":{"footnotes":"","_share_on_mastodon":"0"},"categories":[13],"tags":[27418,30171,30170,30169,27417,43,40,39,42,41,69,68],"class_list":["post-82697","post","type-post","status-publish","format-standard","has-post-thumbnail","category-sport","tag-alex-marquez","tag-ducati","tag-johann-zarco","tag-marc-marquez","tag-motogp","tag-sk","tag-slovak","tag-slovakia","tag-slovencina","tag-slovensko","tag-sport","tag-sports"],"share_on_mastodon":{"url":"https:\/\/pubeurope.com\/@sk\/116653291123948695","error":""},"_links":{"self":[{"href":"https:\/\/www.europesays.com\/sk\/wp-json\/wp\/v2\/posts\/82697","targetHints":{"allow":["GET"]}}],"collection":[{"href":"https:\/\/www.europesays.com\/sk\/wp-json\/wp\/v2\/posts"}],"about":[{"href":"https:\/\/www.europesays.com\/sk\/wp-json\/wp\/v2\/types\/post"}],"author":[{"embeddable":true,"href":"https:\/\/www.europesays.com\/sk\/wp-json\/wp\/v2\/users\/2"}],"replies":[{"embeddable":true,"href":"https:\/\/www.europesays.com\/sk\/wp-json\/wp\/v2\/comments?post=82697"}],"version-history":[{"count":0,"href":"https:\/\/www.europesays.com\/sk\/wp-json\/wp\/v2\/posts\/82697\/revisions"}],"wp:featuredmedia":[{"embeddable":true,"href":"https:\/\/www.europesays.com\/sk\/wp-json\/wp\/v2\/media\/82698"}],"wp:attachment":[{"href":"https:\/\/www.europesays.com\/sk\/wp-json\/wp\/v2\/media?parent=82697"}],"wp:term":[{"taxonomy":"category","embeddable":true,"href":"https:\/\/www.europesays.com\/sk\/wp-json\/wp\/v2\/categories?post=82697"},{"taxonomy":"post_tag","embeddable":true,"href":"https:\/\/www.europesays.com\/sk\/wp-json\/wp\/v2\/tags?post=82697"}],"curies":[{"name":"wp","href":"https:\/\/api.w.org\/{rel}","templated":true}]}}